{"id":386186,"date":"2025-02-15T14:50:50","date_gmt":"2025-02-15T19:50:50","guid":{"rendered":"https:\/\/www.medellin.gov.co\/es\/?p=386186"},"modified":"2025-02-15T15:33:46","modified_gmt":"2025-02-15T20:33:46","slug":"150-ninas-ninos-y-jovenes-de-villa-hermosa-y-el-centro-se-formaron-para-prevenir-el-reclutamiento-forzado","status":"publish","type":"post","link":"https:\/\/www.medellin.gov.co\/es\/sala-de-prensa\/noticias\/150-ninas-ninos-y-jovenes-de-villa-hermosa-y-el-centro-se-formaron-para-prevenir-el-reclutamiento-forzado\/","title":{"rendered":"150 ni\u00f1as, ni\u00f1os y j\u00f3venes de Villa Hermosa y el Centro se formaron para prevenir el reclutamiento forzado"},"content":{"rendered":"<ul>\n<li>Por medio de actividades educativas, el Museo Casa de la Memoria ofreci\u00f3 herramientas para sensibilizar sobre la tem\u00e1tica.<\/li>\n<li>La iniciativa se desarroll\u00f3 en la conmemoraci\u00f3n del D\u00eda Internacional de las Manos Rojas.<\/li>\n<li>La mano roja simboliza un alto al reclutamiento y utilizaci\u00f3n de ni\u00f1as, ni\u00f1os y adolescentes.<\/li>\n<\/ul>\n<!--[if lt IE 9]><script>document.createElement('audio');<\/script><![endif]-->\n\t<div class=\"wp-playlist wp-audio-playlist wp-playlist-light\">\n\t\t\t<div class=\"wp-playlist-current-item\"><\/div>\n\t\t<audio controls=\"controls\" preload=\"none\" width=\"640\"\n\t\t\t><\/audio>\n\t<div class=\"wp-playlist-next\"><\/div>\n\t<div class=\"wp-playlist-prev\"><\/div>\n\t<noscript>\n\t<ol>\n\t\t<li><a href='https:\/\/www.medellin.gov.co\/es\/wp-content\/uploads\/2025\/02\/director-del-Museo-Casa-de-la-Memoria-Luis-Eduardo-Vieco..mp3'>director del Museo Casa de la Memoria, Luis\u00a0Eduardo\u00a0Vieco.<\/a><\/li><li><a href='https:\/\/www.medellin.gov.co\/es\/wp-content\/uploads\/2025\/02\/Declaraciones-Juan-Sebastian-Lopez.mp3'>Declaraciones Juan Sebasti\u00e1n\u00a0L\u00f3pez<\/a><\/li>\t<\/ol>\n\t<\/noscript>\n\t<script type=\"application\/json\" class=\"wp-playlist-script\">{\"type\":\"audio\",\"tracklist\":true,\"tracknumbers\":true,\"images\":true,\"artists\":true,\"tracks\":[{\"src\":\"https:\\\/\\\/www.medellin.gov.co\\\/es\\\/wp-content\\\/uploads\\\/2025\\\/02\\\/director-del-Museo-Casa-de-la-Memoria-Luis-Eduardo-Vieco..mp3\",\"type\":\"audio\\\/mpeg\",\"title\":\"director del Museo Casa de la Memoria, Luis\\u00a0Eduardo\\u00a0Vieco.\",\"caption\":\"Declaraciones Luis Eduardo Vieco director del Museo Casa de la Memoria \",\"description\":\"\\u00abdirector del Museo Casa de la Memoria, Luis\\u00a0Eduardo\\u00a0Vieco.\\u00bb. Lanzamiento: 2025.\",\"meta\":{\"year\":\"2025\",\"length_formatted\":\"0:56\"},\"image\":{\"src\":\"https:\\\/\\\/www.medellin.gov.co\\\/es\\\/wp-includes\\\/images\\\/media\\\/audio.png\",\"width\":48,\"height\":64},\"thumb\":{\"src\":\"https:\\\/\\\/www.medellin.gov.co\\\/es\\\/wp-includes\\\/images\\\/media\\\/audio.png\",\"width\":48,\"height\":64}},{\"src\":\"https:\\\/\\\/www.medellin.gov.co\\\/es\\\/wp-content\\\/uploads\\\/2025\\\/02\\\/Declaraciones-Juan-Sebastian-Lopez.mp3\",\"type\":\"audio\\\/mpeg\",\"title\":\"Declaraciones Juan Sebasti\\u00e1n\\u00a0L\\u00f3pez\",\"caption\":\"Declaraciones Juan Sebasti\\u00e1n L\\u00f3pez \",\"description\":\"\\u00abDeclaraciones Juan Sebasti\\u00e1n\\u00a0L\\u00f3pez\\u00bb. Lanzamiento: 2025.\",\"meta\":{\"year\":\"2025\",\"length_formatted\":\"0:54\"},\"image\":{\"src\":\"https:\\\/\\\/www.medellin.gov.co\\\/es\\\/wp-includes\\\/images\\\/media\\\/audio.png\",\"width\":48,\"height\":64},\"thumb\":{\"src\":\"https:\\\/\\\/www.medellin.gov.co\\\/es\\\/wp-includes\\\/images\\\/media\\\/audio.png\",\"width\":48,\"height\":64}}]}<\/script>\n<\/div>\n\t\n<p><span style=\"font-weight: 400;\">Con actividades l\u00fadicas y de sensibilizaci\u00f3n, la Alcald\u00eda de Medell\u00edn se uni\u00f3 al <\/span><span style=\"font-weight: 400;\">D\u00eda Internacional de las Manos Rojas, una fecha que fomenta la prevenci\u00f3n del <\/span><span style=\"font-weight: 400;\">uso y utilizaci\u00f3n de menores de edad por parte de grupos delincuenciales. <a href=\"https:\/\/patrimoniomedellin.gov.co\/proyectos\/mdm\/museos-de-medellin\/museo-casa-de-la-memoria\/\" target=\"_blank\" rel=\"noopener\">El Museo Casa de la Memoria <\/a><\/span><span style=\"font-weight: 400;\">\u00a0se sum\u00f3 a la conmemoraci\u00f3n por medio de <\/span><span style=\"font-weight: 400;\">herramientas educativas para que ni\u00f1as, ni\u00f1os y j\u00f3venes aborden este <\/span><span style=\"font-weight: 400;\">fen\u00f3meno en su cotidianidad.<\/span><\/p>\n<p><span style=\"font-weight: 400;\">De esta manera, 60 j\u00f3venes de la <a href=\"https:\/\/javiera.edu.co\/\" target=\"_blank\" rel=\"noopener\">Instituci\u00f3n Educativa Javiera Londo\u00f1o <\/a><\/span><span style=\"font-weight: 400;\">recorrieron las exposiciones del museo y aprendieron sobre el valor de sus <\/span><span style=\"font-weight: 400;\">derechos y de sus proyectos de vida. Tambi\u00e9n, 90 ni\u00f1os de la <a href=\"https:\/\/www.medellin.gov.co\/irj\/go\/km\/docs\/pccdesign\/SubportaldelCiudadano_2\/PlandeDesarrollo_0_15\/InformacinGeneral\/Shared%20Content\/Documentos\/comunas\/COMUNA8_VILLA_HERMOSA.pdf\" target=\"_blank\" rel=\"noopener\">comuna 8-Villa <\/a><\/span><span style=\"font-weight: 400;\">Hermosa se reunieron en la Casa Vivero Jairo Maya para participar en una <\/span><span style=\"font-weight: 400;\">jornada l\u00fadica y reflexiva a partir de las diferentes formas de uso y utilizaci\u00f3n de <\/span><span style=\"font-weight: 400;\">los menores de edad.<\/span><\/p>\n<p><img loading=\"lazy\" class=\"alignnone wp-image-386197 size-large\" title=\"Imagen mano roja formaron para prevenir el reclutamiento forzado en contra del reclutamiento forzado\" src=\"https:\/\/www.medellin.gov.co\/es\/wp-content\/uploads\/2025\/02\/Mano-Roja-1024x683.jpg\" alt=\"Imagen mano roja formaron para prevenir el reclutamiento forzado\" width=\"1024\" height=\"683\" srcset=\"https:\/\/www.medellin.gov.co\/es\/wp-content\/uploads\/2025\/02\/Mano-Roja-1024x683.jpg 1024w, https:\/\/www.medellin.gov.co\/es\/wp-content\/uploads\/2025\/02\/Mano-Roja-300x200.jpg 300w, https:\/\/www.medellin.gov.co\/es\/wp-content\/uploads\/2025\/02\/Mano-Roja-150x100.jpg 150w, https:\/\/www.medellin.gov.co\/es\/wp-content\/uploads\/2025\/02\/Mano-Roja-768x512.jpg 768w, https:\/\/www.medellin.gov.co\/es\/wp-content\/uploads\/2025\/02\/Mano-Roja-1536x1024.jpg 1536w, https:\/\/www.medellin.gov.co\/es\/wp-content\/uploads\/2025\/02\/Mano-Roja.jpg 1600w\" sizes=\"(max-width: 1024px) 100vw, 1024px\" \/><\/p>\n<p><span style=\"font-weight: 400;\">\u201cLa mano roja significa un alto al uso, reclutamiento y utilizaci\u00f3n de ni\u00f1as, ni\u00f1os <\/span><span style=\"font-weight: 400;\">y adolescentes en el conflicto armado. Nosotros como museo estamos <\/span><span style=\"font-weight: 400;\">comprometidos para que estas acciones no se vuelvan a repetir. Para ello, <\/span><span style=\"font-weight: 400;\">realizamos talleres para generar espacios en los que nos oponemos a este tipo <\/span><span style=\"font-weight: 400;\">de conductas y reivindicar el derecho a la ni\u00f1ez\u201d, dijo el director del Museo Casa <\/span><span style=\"font-weight: 400;\">de la Memoria, Luis Eduardo Vieco Maya.<\/span><\/p>\n<p><span style=\"font-weight: 400;\">El drama del reclutamiento, uso y utilizaci\u00f3n de menores es comprendido por los <\/span><span style=\"font-weight: 400;\">participantes, quienes expresan sus opiniones en estos espacios que se <\/span><span style=\"font-weight: 400;\">convierten en sus lugares seguros.<\/span><\/p>\n<p><img loading=\"lazy\" class=\"alignnone wp-image-386198 size-large\" title=\"J\u00f3venes pintando manos rojas en contra del reclutamiento forzado \" src=\"https:\/\/www.medellin.gov.co\/es\/wp-content\/uploads\/2025\/02\/IMG-20250215-WA0063-1024x683.jpg\" alt=\"J\u00f3venes pintando manos rojas\" width=\"1024\" height=\"683\" srcset=\"https:\/\/www.medellin.gov.co\/es\/wp-content\/uploads\/2025\/02\/IMG-20250215-WA0063-1024x683.jpg 1024w, https:\/\/www.medellin.gov.co\/es\/wp-content\/uploads\/2025\/02\/IMG-20250215-WA0063-300x200.jpg 300w, https:\/\/www.medellin.gov.co\/es\/wp-content\/uploads\/2025\/02\/IMG-20250215-WA0063-150x100.jpg 150w, https:\/\/www.medellin.gov.co\/es\/wp-content\/uploads\/2025\/02\/IMG-20250215-WA0063-768x512.jpg 768w, https:\/\/www.medellin.gov.co\/es\/wp-content\/uploads\/2025\/02\/IMG-20250215-WA0063-1536x1024.jpg 1536w, https:\/\/www.medellin.gov.co\/es\/wp-content\/uploads\/2025\/02\/IMG-20250215-WA0063.jpg 1600w\" sizes=\"(max-width: 1024px) 100vw, 1024px\" \/><\/p>\n<p><span style=\"font-weight: 400;\">Juan Sebasti\u00e1n L\u00f3pez, participante del ejercicio en la Casa Vivero Jairo Maya, <\/span><span style=\"font-weight: 400;\">reflexion\u00f3 sobre las implicaciones del reclutamiento forzado y sus derechos: \u201cLos <\/span><span style=\"font-weight: 400;\">ni\u00f1os han sido v\u00edctimas de actos delincuenciales, como vender drogas o no <\/span><span style=\"font-weight: 400;\">poder estudiar. Hemos visto casos donde la gente adulta se aprovecha de los <\/span><span style=\"font-weight: 400;\">menores. Nosotros tenemos derechos: al estudio, a jugar, a que no nos fuercen <\/span><span style=\"font-weight: 400;\">a hacer lo que no queremos hacer\u201d, puntualiz\u00f3.<\/span><\/p>\n<p><img loading=\"lazy\" class=\"alignnone wp-image-386203 size-large\" title=\"Ni\u00f1os plasmando manos rojas en mural en contra del reclutamiento forzado \" src=\"https:\/\/www.medellin.gov.co\/es\/wp-content\/uploads\/2025\/02\/Mano-roja-plazammada-1024x576.jpg\" alt=\"Ni\u00f1os plasmando manos rojas en mural\" width=\"1024\" height=\"576\" srcset=\"https:\/\/www.medellin.gov.co\/es\/wp-content\/uploads\/2025\/02\/Mano-roja-plazammada-1024x576.jpg 1024w, https:\/\/www.medellin.gov.co\/es\/wp-content\/uploads\/2025\/02\/Mano-roja-plazammada-300x169.jpg 300w, https:\/\/www.medellin.gov.co\/es\/wp-content\/uploads\/2025\/02\/Mano-roja-plazammada-150x84.jpg 150w, https:\/\/www.medellin.gov.co\/es\/wp-content\/uploads\/2025\/02\/Mano-roja-plazammada-768x432.jpg 768w, https:\/\/www.medellin.gov.co\/es\/wp-content\/uploads\/2025\/02\/Mano-roja-plazammada-1536x864.jpg 1536w, https:\/\/www.medellin.gov.co\/es\/wp-content\/uploads\/2025\/02\/Mano-roja-plazammada.jpg 1600w\" sizes=\"(max-width: 1024px) 100vw, 1024px\" \/><\/p>\n<p><span style=\"font-weight: 400;\">El Museo Casa de la Memoria tiene diferentes recursos l\u00fadicos en su p\u00e1gina <\/span><span style=\"font-weight: 400;\">web para abordar este tema con todos los p\u00fablicos. Entre las apuestas est\u00e1 la <\/span><span style=\"font-weight: 400;\">exposici\u00f3n en 360 llamada \u201cNi\u00f1ez entre el conflicto y la esperanza\u201d y la <\/span><span style=\"font-weight: 400;\">publicaci\u00f3n digital La bit\u00e1cora de Memo.<\/span><\/p>\n","protected":false},"excerpt":{"rendered":"<p>Por medio de actividades educativas, el Museo Casa de la Memoria ofreci\u00f3 herramientas para sensibilizar sobre la tem\u00e1tica. La iniciativa se desarroll\u00f3 en la conmemoraci\u00f3n del D\u00eda Internacional de las Manos Rojas. La mano roja &#8230;<\/p>\n","protected":false},"author":97,"featured_media":386196,"comment_status":"open","ping_status":"open","sticky":false,"template":"","format":"standard","meta":[],"categories":[4],"tags":[451,444,431],"formato_nota":[],"programas_tax":[],"acf":[],"_links":{"self":[{"href":"https:\/\/www.medellin.gov.co\/es\/wp-json\/wp\/v2\/posts\/386186"}],"collection":[{"href":"https:\/\/www.medellin.gov.co\/es\/wp-json\/wp\/v2\/posts"}],"about":[{"href":"https:\/\/www.medellin.gov.co\/es\/wp-json\/wp\/v2\/types\/post"}],"author":[{"embeddable":true,"href":"https:\/\/www.medellin.gov.co\/es\/wp-json\/wp\/v2\/users\/97"}],"replies":[{"embeddable":true,"href":"https:\/\/www.medellin.gov.co\/es\/wp-json\/wp\/v2\/comments?post=386186"}],"version-history":[{"count":7,"href":"https:\/\/www.medellin.gov.co\/es\/wp-json\/wp\/v2\/posts\/386186\/revisions"}],"predecessor-version":[{"id":386213,"href":"https:\/\/www.medellin.gov.co\/es\/wp-json\/wp\/v2\/posts\/386186\/revisions\/386213"}],"wp:featuredmedia":[{"embeddable":true,"href":"https:\/\/www.medellin.gov.co\/es\/wp-json\/wp\/v2\/media\/386196"}],"wp:attachment":[{"href":"https:\/\/www.medellin.gov.co\/es\/wp-json\/wp\/v2\/media?parent=386186"}],"wp:term":[{"taxonomy":"category","embeddable":true,"href":"https:\/\/www.medellin.gov.co\/es\/wp-json\/wp\/v2\/categories?post=386186"},{"taxonomy":"post_tag","embeddable":true,"href":"https:\/\/www.medellin.gov.co\/es\/wp-json\/wp\/v2\/tags?post=386186"},{"taxonomy":"formato_nota","embeddable":true,"href":"https:\/\/www.medellin.gov.co\/es\/wp-json\/wp\/v2\/formato_nota?post=386186"},{"taxonomy":"programas_tax","embeddable":true,"href":"https:\/\/www.medellin.gov.co\/es\/wp-json\/wp\/v2\/programas_tax?post=386186"}],"curies":[{"name":"wp","href":"https:\/\/api.w.org\/{rel}","templated":true}]}}