{"id":386218,"date":"2025-02-16T09:00:26","date_gmt":"2025-02-16T14:00:26","guid":{"rendered":"https:\/\/www.medellin.gov.co\/es\/?p=386218"},"modified":"2025-02-20T13:37:49","modified_gmt":"2025-02-20T18:37:49","slug":"medellin-acoge-proyecto-escolar-japones-para-transformar-la-formacion-musical-de-400-ninas-y-ninos","status":"publish","type":"post","link":"https:\/\/www.medellin.gov.co\/es\/sala-de-prensa\/noticias\/medellin-acoge-proyecto-escolar-japones-para-transformar-la-formacion-musical-de-400-ninas-y-ninos\/","title":{"rendered":"Medell\u00edn acoge proyecto escolar japon\u00e9s para transformar la formaci\u00f3n musical de 400 ni\u00f1as y ni\u00f1os"},"content":{"rendered":"<ul>\n<li>La iniciativa llegar\u00e1 a seis instituciones para que la educaci\u00f3n musical se integre a la jornada escolar.<\/li>\n<li>Mediante una investigaci\u00f3n se evaluar\u00e1 el impacto de la m\u00fasica en el desarrollo de habilidades no cognitivas de los menores.<\/li>\n<li>El proyecto dotar\u00e1 a los colegios participantes con 228 flautas dulces y 6 teclados electr\u00f3nicos, materiales pedag\u00f3gicos y capacitaci\u00f3n docente.<\/li>\n<\/ul>\n<!--[if lt IE 9]><script>document.createElement('audio');<\/script><![endif]-->\n\t<div class=\"wp-playlist wp-audio-playlist wp-playlist-light\">\n\t\t\t<div class=\"wp-playlist-current-item\"><\/div>\n\t\t<audio controls=\"controls\" preload=\"none\" width=\"640\"\n\t\t\t><\/audio>\n\t<div class=\"wp-playlist-next\"><\/div>\n\t<div class=\"wp-playlist-prev\"><\/div>\n\t<noscript>\n\t<ol>\n\t\t<li><a href='https:\/\/www.medellin.gov.co\/es\/wp-content\/uploads\/2025\/02\/Declaraciones-subsecretario-de-la-Prestacion-del-Servicio-Educativo-Jorge-Ivan-Rios-Rivera..mp3'>Declaraciones subsecretario de la Prestaci\u00f3n del Servicio Educativo, Jorge Iv\u00e1n\u00a0R\u00edos\u00a0Rivera.<\/a><\/li><li><a href='https:\/\/www.medellin.gov.co\/es\/wp-content\/uploads\/2025\/02\/Declaraciones-gerente-regional-del-School-Project-Yusuke-Kondo..mp3'>Declaraciones gerente regional del School Project Yusuke\u00a0Kondo.<\/a><\/li><li><a href='https:\/\/www.medellin.gov.co\/es\/wp-content\/uploads\/2025\/02\/Declaraciones-estudiante-de-la-I.-E.-Jose-Maria-Bernal-Luciana-del-Valle-Huertas..mp3'>Declaraciones estudiante de la I. E. Jos\u00e9 Mar\u00eda Bernal, Luciana del\u00a0Valle\u00a0Huertas.<\/a><\/li>\t<\/ol>\n\t<\/noscript>\n\t<script type=\"application\/json\" class=\"wp-playlist-script\">{\"type\":\"audio\",\"tracklist\":true,\"tracknumbers\":true,\"images\":true,\"artists\":true,\"tracks\":[{\"src\":\"https:\\\/\\\/www.medellin.gov.co\\\/es\\\/wp-content\\\/uploads\\\/2025\\\/02\\\/Declaraciones-subsecretario-de-la-Prestacion-del-Servicio-Educativo-Jorge-Ivan-Rios-Rivera..mp3\",\"type\":\"audio\\\/mpeg\",\"title\":\"Declaraciones subsecretario de la Prestaci\\u00f3n del Servicio Educativo, Jorge Iv\\u00e1n\\u00a0R\\u00edos\\u00a0Rivera.\",\"caption\":\"Declaraciones: subsecretario de la Prestaci\\u00f3n del Servicio Educativo, Jorge Iv\\u00e1n\\u00a0R\\u00edos\\u00a0Rivera.\",\"description\":\"\\u00abDeclaraciones: subsecretario de la Prestaci\\u00f3n del Servicio Educativo, Jorge Iv\\u00e1n\\u00a0R\\u00edos\\u00a0Rivera.\\u00bb.\",\"meta\":{\"length_formatted\":\"0:42\"},\"image\":{\"src\":\"https:\\\/\\\/www.medellin.gov.co\\\/es\\\/wp-includes\\\/images\\\/media\\\/audio.png\",\"width\":48,\"height\":64},\"thumb\":{\"src\":\"https:\\\/\\\/www.medellin.gov.co\\\/es\\\/wp-includes\\\/images\\\/media\\\/audio.png\",\"width\":48,\"height\":64}},{\"src\":\"https:\\\/\\\/www.medellin.gov.co\\\/es\\\/wp-content\\\/uploads\\\/2025\\\/02\\\/Declaraciones-gerente-regional-del-School-Project-Yusuke-Kondo..mp3\",\"type\":\"audio\\\/mpeg\",\"title\":\"Declaraciones gerente regional del School Project Yusuke\\u00a0Kondo.\",\"caption\":\"Declaraciones: gerente regional del School Project Yusuke\\u00a0Kondo.\",\"description\":\"\\u00abDeclaraciones: gerente regional del School Project Yusuke\\u00a0Kondo.\\u00bb.\",\"meta\":{\"length_formatted\":\"0:25\"},\"image\":{\"src\":\"https:\\\/\\\/www.medellin.gov.co\\\/es\\\/wp-includes\\\/images\\\/media\\\/audio.png\",\"width\":48,\"height\":64},\"thumb\":{\"src\":\"https:\\\/\\\/www.medellin.gov.co\\\/es\\\/wp-includes\\\/images\\\/media\\\/audio.png\",\"width\":48,\"height\":64}},{\"src\":\"https:\\\/\\\/www.medellin.gov.co\\\/es\\\/wp-content\\\/uploads\\\/2025\\\/02\\\/Declaraciones-estudiante-de-la-I.-E.-Jose-Maria-Bernal-Luciana-del-Valle-Huertas..mp3\",\"type\":\"audio\\\/mpeg\",\"title\":\"Declaraciones estudiante de la I. E. Jos\\u00e9 Mar\\u00eda Bernal, Luciana del\\u00a0Valle\\u00a0Huertas.\",\"caption\":\"Declaraciones: estudiante de la I. E. Jos\\u00e9 Mar\\u00eda Bernal, Luciana del\\u00a0Valle\\u00a0Huertas.\",\"description\":\"\\u00abDeclaraciones: estudiante de la I. E. Jos\\u00e9 Mar\\u00eda Bernal, Luciana del\\u00a0Valle\\u00a0Huertas.\\u00bb.\",\"meta\":{\"length_formatted\":\"0:15\"},\"image\":{\"src\":\"https:\\\/\\\/www.medellin.gov.co\\\/es\\\/wp-includes\\\/images\\\/media\\\/audio.png\",\"width\":48,\"height\":64},\"thumb\":{\"src\":\"https:\\\/\\\/www.medellin.gov.co\\\/es\\\/wp-includes\\\/images\\\/media\\\/audio.png\",\"width\":48,\"height\":64}}]}<\/script>\n<\/div>\n\t\n<p>Gracias a una nueva alianza del Distrito, 400 estudiantes de Medell\u00edn que est\u00e1n en cuarto grado recibir\u00e1n formaci\u00f3n musical dentro de su jornada escolar, fomentando la creatividad, el desarrollo cognitivo y la pasi\u00f3n por la m\u00fasica.<\/p>\n<p>De esta manera, los beneficiarios har\u00e1n parte del School Project, programa de Yamaha que busca transmitir la alegr\u00eda de la m\u00fasica y la interacci\u00f3n con los sonidos e instrumentos. A trav\u00e9s de este proyecto, se fortalece la construcci\u00f3n de comunidades unidas por el amor al aprendizaje musical, incentivando la expresi\u00f3n art\u00edstica y el desarrollo integral de la ni\u00f1ez.<\/p>\n<p><img loading=\"lazy\" class=\"alignnone size-large wp-image-386227\" src=\"https:\/\/www.medellin.gov.co\/es\/wp-content\/uploads\/2025\/02\/IMG-20250216-WA0004-1024x682.jpg\" alt=\"Ni\u00f1os del proyecto escolar japon\u00e9s para transformar la formaci\u00f3n musical\" width=\"1024\" height=\"682\" srcset=\"https:\/\/www.medellin.gov.co\/es\/wp-content\/uploads\/2025\/02\/IMG-20250216-WA0004-1024x682.jpg 1024w, https:\/\/www.medellin.gov.co\/es\/wp-content\/uploads\/2025\/02\/IMG-20250216-WA0004-300x200.jpg 300w, https:\/\/www.medellin.gov.co\/es\/wp-content\/uploads\/2025\/02\/IMG-20250216-WA0004-150x100.jpg 150w, https:\/\/www.medellin.gov.co\/es\/wp-content\/uploads\/2025\/02\/IMG-20250216-WA0004-768x512.jpg 768w, https:\/\/www.medellin.gov.co\/es\/wp-content\/uploads\/2025\/02\/IMG-20250216-WA0004-1536x1023.jpg 1536w, https:\/\/www.medellin.gov.co\/es\/wp-content\/uploads\/2025\/02\/IMG-20250216-WA0004.jpg 1600w\" sizes=\"(max-width: 1024px) 100vw, 1024px\" \/><\/p>\n<p>Las seis instituciones en donde se desarrollar\u00e1 esta iniciativa son: <a href=\"https:\/\/www.josemariabernal.edu.co\/\" target=\"_blank\" rel=\"noopener\">Jos\u00e9 Mar\u00eda Bernal<\/a>, <a href=\"https:\/\/www.medellin.gov.co\/\" target=\"_blank\" rel=\"noopener\">Alcald\u00eda de Medell\u00edn<\/a>, <a href=\"https:\/\/www.ieenriqueolayaherreramedellin.edu.co\/\" target=\"_blank\" rel=\"noopener\">Enrique Olaya Herrera<\/a>, <a href=\"https:\/\/www.ielaesperanza5.edu.co\/\" target=\"_blank\" rel=\"noopener\">La Esperanza<\/a>, <a href=\"https:\/\/www.iepbroantoniojosebernal.edu.co\/\" target=\"_blank\" rel=\"noopener\">Presb\u00edtero Antonio Jos\u00e9 Bernal<\/a> y <a href=\"https:\/\/ieramonmuneralopera.edu.co\/\" target=\"_blank\" rel=\"noopener\">Ram\u00f3n M\u00fanera Lopera<\/a>.<\/p>\n<p>Para hacer esto realidad, el Distrito suscribi\u00f3 esta alianza con <a href=\"https:\/\/www.yamaha.com\/en\/\" target=\"_blank\" rel=\"noopener\">Yamaha Corporation Jap\u00f3n<\/a>, <a href=\"https:\/\/asia-latinamerica-mea.yamaha.com\/en\/about_yamaha\/corporate\/ymla\/index.html\" target=\"_blank\" rel=\"noopener\">Yamaha Music Latin Am\u00e9rica<\/a>, la <a href=\"https:\/\/www.fundacionincolmotosyamaha.org\/\" target=\"_blank\" rel=\"noopener\">Fundaci\u00f3n Incolmotos Yamaha<\/a> y <a href=\"https:\/\/yamahamusical.co\/\" target=\"_blank\" rel=\"noopener\">Yamaha Musical en Colombia<\/a>.<\/p>\n<p>\u201c\u00bfSab\u00edas que existe una relaci\u00f3n muy directa y favorable entre la m\u00fasica, la buena vida, la convivencia y el desarrollo de habilidades no cognitivas? Pues bien, esta noticia es muy positiva. En Medell\u00edn, seis instituciones educativas participar\u00e1n en el proyecto School Project, que nos permitir\u00e1, de la mano de Jap\u00f3n y Yamaha, desarrollar una investigaci\u00f3n para formar musicalmente a nuestros ni\u00f1as, ni\u00f1os y j\u00f3venes\u201d, explic\u00f3 el subsecretario de la Prestaci\u00f3n del Servicio Educativo, Jorge Iv\u00e1n R\u00edos Rivera.<\/p>\n<p><img loading=\"lazy\" class=\"alignnone size-large wp-image-386233\" src=\"https:\/\/www.medellin.gov.co\/es\/wp-content\/uploads\/2025\/02\/IMG-20250216-WA0005-1024x682.jpg\" alt=\"Ni\u00f1a feliz por el proyecto escolar japon\u00e9s\" width=\"1024\" height=\"682\" srcset=\"https:\/\/www.medellin.gov.co\/es\/wp-content\/uploads\/2025\/02\/IMG-20250216-WA0005-1024x682.jpg 1024w, https:\/\/www.medellin.gov.co\/es\/wp-content\/uploads\/2025\/02\/IMG-20250216-WA0005-300x200.jpg 300w, https:\/\/www.medellin.gov.co\/es\/wp-content\/uploads\/2025\/02\/IMG-20250216-WA0005-150x100.jpg 150w, https:\/\/www.medellin.gov.co\/es\/wp-content\/uploads\/2025\/02\/IMG-20250216-WA0005-768x512.jpg 768w, https:\/\/www.medellin.gov.co\/es\/wp-content\/uploads\/2025\/02\/IMG-20250216-WA0005-1536x1023.jpg 1536w, https:\/\/www.medellin.gov.co\/es\/wp-content\/uploads\/2025\/02\/IMG-20250216-WA0005.jpg 1600w\" sizes=\"(max-width: 1024px) 100vw, 1024px\" \/><\/p>\n<p>La Fundaci\u00f3n Incolmotos Yamaha y Yamaha Musical dotar\u00e1n a cada instituci\u00f3n educativa con 228 flautas dulces, 228 cartillas y 6 teclados electr\u00f3nicos; adem\u00e1s de la capacitaci\u00f3n para los docentes.<\/p>\n<p>\u201cMe enorgullece saber que el proyecto School Project lleg\u00f3 a mi colegio para ense\u00f1arme sobre la m\u00fasica y conocimientos no cognitivos, como el trabajo en equipo, la disciplina, la creatividad y, en general, los valores\u201d, manifest\u00f3 la estudiante de la I. E. Jos\u00e9 Mar\u00eda Bernal, Luciana del Valle Huertas.<\/p>\n<p>Como parte del programa, se har\u00e1 una investigaci\u00f3n para evaluar el impacto de la formaci\u00f3n musical en las habilidades no cognitivas de los beneficiarios. La agencia japonesa <a href=\"https:\/\/i-globalsociety.com\/en\/\" target=\"_blank\" rel=\"noopener\">Institution for a Global Society<\/a> ser\u00e1 la encargada de medir este impacto mediante encuestas.<\/p>\n<p><img loading=\"lazy\" class=\"alignnone size-large wp-image-386230\" src=\"https:\/\/www.medellin.gov.co\/es\/wp-content\/uploads\/2025\/02\/IMG-20250216-WA0003-1024x682.jpg\" alt=\"Foto evento ni\u00f1os del proyecto escolar japon\u00e9s para transformar la formaci\u00f3n musical\" width=\"1024\" height=\"682\" srcset=\"https:\/\/www.medellin.gov.co\/es\/wp-content\/uploads\/2025\/02\/IMG-20250216-WA0003-1024x682.jpg 1024w, https:\/\/www.medellin.gov.co\/es\/wp-content\/uploads\/2025\/02\/IMG-20250216-WA0003-300x200.jpg 300w, https:\/\/www.medellin.gov.co\/es\/wp-content\/uploads\/2025\/02\/IMG-20250216-WA0003-150x100.jpg 150w, https:\/\/www.medellin.gov.co\/es\/wp-content\/uploads\/2025\/02\/IMG-20250216-WA0003-768x512.jpg 768w, https:\/\/www.medellin.gov.co\/es\/wp-content\/uploads\/2025\/02\/IMG-20250216-WA0003-1536x1023.jpg 1536w, https:\/\/www.medellin.gov.co\/es\/wp-content\/uploads\/2025\/02\/IMG-20250216-WA0003.jpg 1600w\" sizes=\"(max-width: 1024px) 100vw, 1024px\" \/><\/p>\n<p>\u201cIniciamos las clases de m\u00fasica en seis escuelas de Medell\u00edn. El objetivo de este proyecto no es solo aprender habilidades musicales, sino tambi\u00e9n fomentar habilidades no cognitivas para la vida. Esperamos que nuestro proyecto contribuya al desarrollo de los ni\u00f1os, las escuelas y la sociedad\u201d, coment\u00f3 el gerente regional del School Project Yusuke Kondo.<\/p>\n<p>El School Project ya ha sido implementado en Malasia, Egipto, Emiratos \u00c1rabes, Vietnam, India, Indonesia y Brasil. Ahora, Colombia se convierte en el segundo pa\u00eds de Am\u00e9rica Latina en acoger esta iniciativa, integrando instrumentos musicales, materiales educativos, formaci\u00f3n de docentes y colaboraci\u00f3n con entidades p\u00fablicas para fortalecer la educaci\u00f3n musical en la regi\u00f3n.<\/p>\n<p>Con este esfuerzo conjunto, el Distrito demuestra su compromiso con la educaci\u00f3n, la cultura y el desarrollo integral de sus ni\u00f1os, apostando por la m\u00fasica como una herramienta de transformaci\u00f3n social.<\/p>\n","protected":false},"excerpt":{"rendered":"<p>La iniciativa llegar\u00e1 a seis instituciones para que la educaci\u00f3n musical se integre a la jornada escolar. Mediante una investigaci\u00f3n se evaluar\u00e1 el impacto de la m\u00fasica en el desarrollo de habilidades no cognitivas de &#8230;<\/p>\n","protected":false},"author":97,"featured_media":386226,"comment_status":"open","ping_status":"open","sticky":false,"template":"","format":"standard","meta":[],"categories":[4],"tags":[444,431],"formato_nota":[],"programas_tax":[],"acf":[],"_links":{"self":[{"href":"https:\/\/www.medellin.gov.co\/es\/wp-json\/wp\/v2\/posts\/386218"}],"collection":[{"href":"https:\/\/www.medellin.gov.co\/es\/wp-json\/wp\/v2\/posts"}],"about":[{"href":"https:\/\/www.medellin.gov.co\/es\/wp-json\/wp\/v2\/types\/post"}],"author":[{"embeddable":true,"href":"https:\/\/www.medellin.gov.co\/es\/wp-json\/wp\/v2\/users\/97"}],"replies":[{"embeddable":true,"href":"https:\/\/www.medellin.gov.co\/es\/wp-json\/wp\/v2\/comments?post=386218"}],"version-history":[{"count":3,"href":"https:\/\/www.medellin.gov.co\/es\/wp-json\/wp\/v2\/posts\/386218\/revisions"}],"predecessor-version":[{"id":386241,"href":"https:\/\/www.medellin.gov.co\/es\/wp-json\/wp\/v2\/posts\/386218\/revisions\/386241"}],"wp:featuredmedia":[{"embeddable":true,"href":"https:\/\/www.medellin.gov.co\/es\/wp-json\/wp\/v2\/media\/386226"}],"wp:attachment":[{"href":"https:\/\/www.medellin.gov.co\/es\/wp-json\/wp\/v2\/media?parent=386218"}],"wp:term":[{"taxonomy":"category","embeddable":true,"href":"https:\/\/www.medellin.gov.co\/es\/wp-json\/wp\/v2\/categories?post=386218"},{"taxonomy":"post_tag","embeddable":true,"href":"https:\/\/www.medellin.gov.co\/es\/wp-json\/wp\/v2\/tags?post=386218"},{"taxonomy":"formato_nota","embeddable":true,"href":"https:\/\/www.medellin.gov.co\/es\/wp-json\/wp\/v2\/formato_nota?post=386218"},{"taxonomy":"programas_tax","embeddable":true,"href":"https:\/\/www.medellin.gov.co\/es\/wp-json\/wp\/v2\/programas_tax?post=386218"}],"curies":[{"name":"wp","href":"https:\/\/api.w.org\/{rel}","templated":true}]}}