{"id":386244,"date":"2025-02-17T13:33:31","date_gmt":"2025-02-17T18:33:31","guid":{"rendered":"https:\/\/www.medellin.gov.co\/es\/?p=386244"},"modified":"2025-02-17T13:43:39","modified_gmt":"2025-02-17T18:43:39","slug":"en-el-colegio-contamos-con-vos-relato-de-una-manana-en-la-plaza-minorista-de-medellin","status":"publish","type":"post","link":"https:\/\/www.medellin.gov.co\/es\/sala-de-prensa\/noticias\/en-el-colegio-contamos-con-vos-relato-de-una-manana-en-la-plaza-minorista-de-medellin\/","title":{"rendered":"En el Colegio Contamos con Vos: relato de una ma\u00f1ana en la Plaza Minorista de Medell\u00edn"},"content":{"rendered":"<blockquote><p>Una de las estrategias de la Alcald\u00eda de Medell\u00edn para que todos los ni\u00f1os y adolescentes est\u00e9n estudiando es En el Colegio Contamos con Vos. En ella, un grupo de funcionarios de la Secretar\u00eda de Educaci\u00f3n hace recorridos por las comunas y corregimientos de la ciudad. Uno de ellos fue en febrero de este a\u00f1o en la Plaza Minorista.<\/p><\/blockquote>\n<p>Por el pasillo central van y vienen hombres de camiseta amarilla que, en carritos de mercado o en carretillas, cargan cajas, bultos y paquetes de frutas, papa, pl\u00e1tano, canastas de huevos. En uno de los locales suena un vallenato rom\u00e1ntico y, cerca de la entrada principal, un comerciante cuarent\u00f3n anuncia: \u201c\u00a1Voy a vender barato hoy!\u201d.<\/p>\n\n\t\t<style type=\"text\/css\">\n\t\t\t#gallery-1 {\n\t\t\t\tmargin: auto;\n\t\t\t}\n\t\t\t#gallery-1 .gallery-item {\n\t\t\t\tfloat: left;\n\t\t\t\tmargin-top: 10px;\n\t\t\t\ttext-align: center;\n\t\t\t\twidth: 33%;\n\t\t\t}\n\t\t\t#gallery-1 img {\n\t\t\t\tborder: 2px solid #cfcfcf;\n\t\t\t}\n\t\t\t#gallery-1 .gallery-caption {\n\t\t\t\tmargin-left: 0;\n\t\t\t}\n\t\t\t\/* see gallery_shortcode() in wp-includes\/media.php *\/\n\t\t<\/style>\n\t\t<div id='gallery-1' class='gallery galleryid-386244 gallery-columns-3 gallery-size-large'><dl class='gallery-item'>\n\t\t\t<dt class='gallery-icon landscape'>\n\t\t\t\t<a href='https:\/\/www.medellin.gov.co\/es\/sala-de-prensa\/noticias\/en-el-colegio-contamos-con-vos-relato-de-una-manana-en-la-plaza-minorista-de-medellin\/interna-1\/'><img width=\"1024\" height=\"791\" src=\"https:\/\/www.medellin.gov.co\/es\/wp-content\/uploads\/2025\/02\/INTERNA-1-1024x791.jpg\" class=\"attachment-large size-large\" alt=\"Corredor Plaza Minorista\" loading=\"lazy\" aria-describedby=\"gallery-1-386304\" srcset=\"https:\/\/www.medellin.gov.co\/es\/wp-content\/uploads\/2025\/02\/INTERNA-1-1024x791.jpg 1024w, https:\/\/www.medellin.gov.co\/es\/wp-content\/uploads\/2025\/02\/INTERNA-1-300x232.jpg 300w, https:\/\/www.medellin.gov.co\/es\/wp-content\/uploads\/2025\/02\/INTERNA-1-150x116.jpg 150w, https:\/\/www.medellin.gov.co\/es\/wp-content\/uploads\/2025\/02\/INTERNA-1-768x593.jpg 768w, https:\/\/www.medellin.gov.co\/es\/wp-content\/uploads\/2025\/02\/INTERNA-1.jpg 1101w\" sizes=\"(max-width: 1024px) 100vw, 1024px\" \/><\/a>\n\t\t\t<\/dt>\n\t\t\t\t<dd class='wp-caption-text gallery-caption' id='gallery-1-386304'>\n\t\t\t\tPasillos, trabajadores y clientes de la Plaza Minorista.\n\t\t\t\t<\/dd><\/dl><dl class='gallery-item'>\n\t\t\t<dt class='gallery-icon landscape'>\n\t\t\t\t<a href='https:\/\/www.medellin.gov.co\/es\/sala-de-prensa\/noticias\/en-el-colegio-contamos-con-vos-relato-de-una-manana-en-la-plaza-minorista-de-medellin\/interna-2\/'><img width=\"1024\" height=\"768\" src=\"https:\/\/www.medellin.gov.co\/es\/wp-content\/uploads\/2025\/02\/INTERNA-2-1024x768.jpg\" class=\"attachment-large size-large\" alt=\"Corredor Plaza Minorista con usuarios caminando\" loading=\"lazy\" srcset=\"https:\/\/www.medellin.gov.co\/es\/wp-content\/uploads\/2025\/02\/INTERNA-2-1024x768.jpg 1024w, https:\/\/www.medellin.gov.co\/es\/wp-content\/uploads\/2025\/02\/INTERNA-2-300x225.jpg 300w, https:\/\/www.medellin.gov.co\/es\/wp-content\/uploads\/2025\/02\/INTERNA-2-150x113.jpg 150w, https:\/\/www.medellin.gov.co\/es\/wp-content\/uploads\/2025\/02\/INTERNA-2-768x576.jpg 768w, https:\/\/www.medellin.gov.co\/es\/wp-content\/uploads\/2025\/02\/INTERNA-2.jpg 1133w\" sizes=\"(max-width: 1024px) 100vw, 1024px\" \/><\/a>\n\t\t\t<\/dt><\/dl><dl class='gallery-item'>\n\t\t\t<dt class='gallery-icon landscape'>\n\t\t\t\t<a href='https:\/\/www.medellin.gov.co\/es\/sala-de-prensa\/noticias\/en-el-colegio-contamos-con-vos-relato-de-una-manana-en-la-plaza-minorista-de-medellin\/interna-3\/'><img width=\"1024\" height=\"768\" src=\"https:\/\/www.medellin.gov.co\/es\/wp-content\/uploads\/2025\/02\/INTERNA-3-1024x768.jpg\" class=\"attachment-large size-large\" alt=\"Corredor Plaza Minorista con productos\" loading=\"lazy\" srcset=\"https:\/\/www.medellin.gov.co\/es\/wp-content\/uploads\/2025\/02\/INTERNA-3-1024x768.jpg 1024w, https:\/\/www.medellin.gov.co\/es\/wp-content\/uploads\/2025\/02\/INTERNA-3-300x225.jpg 300w, https:\/\/www.medellin.gov.co\/es\/wp-content\/uploads\/2025\/02\/INTERNA-3-150x113.jpg 150w, https:\/\/www.medellin.gov.co\/es\/wp-content\/uploads\/2025\/02\/INTERNA-3-768x576.jpg 768w, https:\/\/www.medellin.gov.co\/es\/wp-content\/uploads\/2025\/02\/INTERNA-3.jpg 1133w\" sizes=\"(max-width: 1024px) 100vw, 1024px\" \/><\/a>\n\t\t\t<\/dt><\/dl><br style=\"clear: both\" \/>\n\t\t<\/div>\n\n<p>Transcurre una ma\u00f1ana de febrero de 2025 en la <a href=\"https:\/\/www.plazaminorista.com\/sitio\/inicio\" target=\"_blank\" rel=\"noopener\">Plaza Minorista Jos\u00e9 Mar\u00eda Villa<\/a>, uno de los tantos sitios de Medell\u00edn que recorren funcionarios de la Alcald\u00eda en la estrategia <a href=\"https:\/\/www.medellin.edu.co\/en-el-colegio-contamos-con-vos-ha-recuperado-22-000-estudiantes-que-estaban-por-fuera-de-las-aulas-de-clase-y-ya-tiene-ruta-de-permanencia-escolar\/\" target=\"_blank\" rel=\"noopener\">En el Colegio Contamos con Vos<\/a>, que busca que todos los ni\u00f1os y adolescentes de la ciudad est\u00e9n estudiando.<\/p>\n<p>Esta jornada se llama Matriculat\u00f3n. Unas 60 personas visitan 25 puntos durante 20 horas continuas: parques, estaciones del metro, plazas de mercado, terminales de transporte, unidades deportivas, centros comerciales, inquilinatos y zonas de rumba.<\/p>\n<div id=\"attachment_386308\" style=\"width: 1034px\" class=\"wp-caption alignnone\"><img aria-describedby=\"caption-attachment-386308\" loading=\"lazy\" class=\"wp-image-386308 size-large\" src=\"https:\/\/www.medellin.gov.co\/es\/wp-content\/uploads\/2025\/02\/PENDON-1-1024x768.jpg\" alt=\"Pend\u00f3n en los pasillos de la Plaza Minorista \" width=\"1024\" height=\"768\" data-wp-editing=\"1\" srcset=\"https:\/\/www.medellin.gov.co\/es\/wp-content\/uploads\/2025\/02\/PENDON-1-1024x768.jpg 1024w, https:\/\/www.medellin.gov.co\/es\/wp-content\/uploads\/2025\/02\/PENDON-1-300x225.jpg 300w, https:\/\/www.medellin.gov.co\/es\/wp-content\/uploads\/2025\/02\/PENDON-1-150x113.jpg 150w, https:\/\/www.medellin.gov.co\/es\/wp-content\/uploads\/2025\/02\/PENDON-1-768x576.jpg 768w, https:\/\/www.medellin.gov.co\/es\/wp-content\/uploads\/2025\/02\/PENDON-1.jpg 1133w\" sizes=\"(max-width: 1024px) 100vw, 1024px\" \/><p id=\"caption-attachment-386308\" class=\"wp-caption-text\">Funcionario de la Secretar\u00eda de Educaci\u00f3n lleva un pend\u00f3n en su espalda, como parte de la estrategia en el Colegio Contamos con Vos.<\/p><\/div>\n<p>Con En el Colegio Contamos con Vos, proyecto estrat\u00e9gico de la administraci\u00f3n del alcalde, Federico Guti\u00e9rrez Zuluaga, en 2024 caminamos decenas de kil\u00f3metros en m\u00e1s de 100 recorridos y sumamos 22 000 estudiantes a los centros educativos oficiales, ni\u00f1os y j\u00f3venes que no se matricularon finalizando 2023 y algunos que se encontraban por fuera del sistema escolar.<\/p>\n<p>Miguel \u00c1ngel Calder\u00f3n Guiral tiene 15 a\u00f1os y es beneficiario de esta estrategia. Estudia noveno grado en la <a href=\"https:\/\/pedroluisvilla.edu.co\/\" target=\"_blank\" rel=\"noopener\">Instituci\u00f3n Educativa Pedro Luis Villa<\/a>, en Manrique Central, oriente de la capital antioque\u00f1a. \u201cEn 2024 estuve desescolarizado un tiempo por falta de motivaci\u00f3n. \u00c1nderson Arenas, que fue mi profesor de Sociales, me invit\u00f3 a volver. Esta campa\u00f1a me ayud\u00f3 y pude ganar el a\u00f1o\u201d, cuenta el joven y agrega que, cuando se grad\u00fae, quisiera estudiar ingenier\u00eda de sistemas.<\/p>\n<div style=\"width: 848px;\" class=\"wp-video\"><!--[if lt IE 9]><script>document.createElement('video');<\/script><![endif]-->\n<video class=\"wp-video-shortcode\" id=\"video-386244-1\" width=\"848\" height=\"478\" preload=\"metadata\" controls=\"controls\"><source type=\"video\/mp4\" src=\"https:\/\/www.medellin.gov.co\/es\/wp-content\/uploads\/2025\/02\/VIDEO-MELLIZOS.mp4?_=1\" \/><a href=\"https:\/\/www.medellin.gov.co\/es\/wp-content\/uploads\/2025\/02\/VIDEO-MELLIZOS.mp4\">https:\/\/www.medellin.gov.co\/es\/wp-content\/uploads\/2025\/02\/VIDEO-MELLIZOS.mp4<\/a><\/video><\/div>\n<h4>Estudiar es lo primero<\/h4>\n<p>Son casi las 8:00 a. m. y aumenta la clientela de la Minorista. Mujeres y hombres mercan en medio del colorido del lugar. Guayabas, naranjas y tomates, arvejas, cebollas y papas criollas, zanahorias, maracuy\u00e1s y pimentones, girasoles, manzanas y mangos. Una pintura de rojos, verdes y naranjas, amarillos, morados y caf\u00e9s.<\/p>\n\n\t\t<style type=\"text\/css\">\n\t\t\t#gallery-2 {\n\t\t\t\tmargin: auto;\n\t\t\t}\n\t\t\t#gallery-2 .gallery-item {\n\t\t\t\tfloat: left;\n\t\t\t\tmargin-top: 10px;\n\t\t\t\ttext-align: center;\n\t\t\t\twidth: 50%;\n\t\t\t}\n\t\t\t#gallery-2 img {\n\t\t\t\tborder: 2px solid #cfcfcf;\n\t\t\t}\n\t\t\t#gallery-2 .gallery-caption {\n\t\t\t\tmargin-left: 0;\n\t\t\t}\n\t\t\t\/* see gallery_shortcode() in wp-includes\/media.php *\/\n\t\t<\/style>\n\t\t<div id='gallery-2' class='gallery galleryid-386244 gallery-columns-2 gallery-size-large'><dl class='gallery-item'>\n\t\t\t<dt class='gallery-icon landscape'>\n\t\t\t\t<a href='https:\/\/www.medellin.gov.co\/es\/sala-de-prensa\/noticias\/en-el-colegio-contamos-con-vos-relato-de-una-manana-en-la-plaza-minorista-de-medellin\/colorido-1\/'><img width=\"1024\" height=\"768\" src=\"https:\/\/www.medellin.gov.co\/es\/wp-content\/uploads\/2025\/02\/COLORIDO-1-1024x768.jpg\" class=\"attachment-large size-large\" alt=\"Productos de la Plaza Minorista expuestos al p\u00fablico\" loading=\"lazy\" aria-describedby=\"gallery-2-386309\" srcset=\"https:\/\/www.medellin.gov.co\/es\/wp-content\/uploads\/2025\/02\/COLORIDO-1-1024x768.jpg 1024w, https:\/\/www.medellin.gov.co\/es\/wp-content\/uploads\/2025\/02\/COLORIDO-1-300x225.jpg 300w, https:\/\/www.medellin.gov.co\/es\/wp-content\/uploads\/2025\/02\/COLORIDO-1-150x113.jpg 150w, https:\/\/www.medellin.gov.co\/es\/wp-content\/uploads\/2025\/02\/COLORIDO-1-768x576.jpg 768w, https:\/\/www.medellin.gov.co\/es\/wp-content\/uploads\/2025\/02\/COLORIDO-1.jpg 1133w\" sizes=\"(max-width: 1024px) 100vw, 1024px\" \/><\/a>\n\t\t\t<\/dt>\n\t\t\t\t<dd class='wp-caption-text gallery-caption' id='gallery-2-386309'>\n\t\t\t\tColorido de los productos que venden en la Plaza Minorista.\n\t\t\t\t<\/dd><\/dl><dl class='gallery-item'>\n\t\t\t<dt class='gallery-icon landscape'>\n\t\t\t\t<a href='https:\/\/www.medellin.gov.co\/es\/sala-de-prensa\/noticias\/en-el-colegio-contamos-con-vos-relato-de-una-manana-en-la-plaza-minorista-de-medellin\/colorido-2\/'><img width=\"1024\" height=\"768\" src=\"https:\/\/www.medellin.gov.co\/es\/wp-content\/uploads\/2025\/02\/COLORIDO-2-1024x768.jpg\" class=\"attachment-large size-large\" alt=\"Pasillo con productos de la Plaza Minorista\" loading=\"lazy\" srcset=\"https:\/\/www.medellin.gov.co\/es\/wp-content\/uploads\/2025\/02\/COLORIDO-2-1024x768.jpg 1024w, https:\/\/www.medellin.gov.co\/es\/wp-content\/uploads\/2025\/02\/COLORIDO-2-300x225.jpg 300w, https:\/\/www.medellin.gov.co\/es\/wp-content\/uploads\/2025\/02\/COLORIDO-2-150x113.jpg 150w, https:\/\/www.medellin.gov.co\/es\/wp-content\/uploads\/2025\/02\/COLORIDO-2-768x576.jpg 768w, https:\/\/www.medellin.gov.co\/es\/wp-content\/uploads\/2025\/02\/COLORIDO-2.jpg 1133w\" sizes=\"(max-width: 1024px) 100vw, 1024px\" \/><\/a>\n\t\t\t<\/dt><\/dl><br style=\"clear: both\" \/>\n\t\t<\/div>\n\n<p>Y el azul oscuro de las camisetas de muchos de los servidores p\u00fablicos que entregan volantes con informaci\u00f3n b\u00e1sica para matricular a los ni\u00f1os en los colegios p\u00fablicos. \u201cEstudiar es lo primero\u201d, destacan los pendones que llevan en sus espaldas varios trabajadores de la Secretar\u00eda de Educaci\u00f3n, piezas en las que tambi\u00e9n figuran dos n\u00fameros informativos de WhatsApp para el tr\u00e1mite: 320 759 16 10, de En el Colegio Contamos con Vos, el 301 604 44 44, de <a href=\"https:\/\/api.whatsapp.com\/send?phone=573016044444&amp;text=Hola%20Flor%20%C2%BFpuedes%20ayudarme?\" target=\"_blank\" rel=\"noopener\">Flor<\/a>, asistente virtual de la Alcald\u00eda, y el sitio web <a href=\"http:\/\/www.medellin.edu.co\">www.medellin.edu.co.<\/a><\/p>\n\n\t\t<style type=\"text\/css\">\n\t\t\t#gallery-3 {\n\t\t\t\tmargin: auto;\n\t\t\t}\n\t\t\t#gallery-3 .gallery-item {\n\t\t\t\tfloat: left;\n\t\t\t\tmargin-top: 10px;\n\t\t\t\ttext-align: center;\n\t\t\t\twidth: 50%;\n\t\t\t}\n\t\t\t#gallery-3 img {\n\t\t\t\tborder: 2px solid #cfcfcf;\n\t\t\t}\n\t\t\t#gallery-3 .gallery-caption {\n\t\t\t\tmargin-left: 0;\n\t\t\t}\n\t\t\t\/* see gallery_shortcode() in wp-includes\/media.php *\/\n\t\t<\/style>\n\t\t<div id='gallery-3' class='gallery galleryid-386244 gallery-columns-2 gallery-size-large'><dl class='gallery-item'>\n\t\t\t<dt class='gallery-icon landscape'>\n\t\t\t\t<a href='https:\/\/www.medellin.gov.co\/es\/sala-de-prensa\/noticias\/en-el-colegio-contamos-con-vos-relato-de-una-manana-en-la-plaza-minorista-de-medellin\/pendon-2\/'><img width=\"1024\" height=\"768\" src=\"https:\/\/www.medellin.gov.co\/es\/wp-content\/uploads\/2025\/02\/PENDON-2-1024x768.jpg\" class=\"attachment-large size-large\" alt=\"Con volantes y pendones, funcionarios de la Secretar\u00eda de Educaci\u00f3n informan sobre En el Colegio Contamos con Vos.\" loading=\"lazy\" aria-describedby=\"gallery-3-386313\" srcset=\"https:\/\/www.medellin.gov.co\/es\/wp-content\/uploads\/2025\/02\/PENDON-2-1024x768.jpg 1024w, https:\/\/www.medellin.gov.co\/es\/wp-content\/uploads\/2025\/02\/PENDON-2-300x225.jpg 300w, https:\/\/www.medellin.gov.co\/es\/wp-content\/uploads\/2025\/02\/PENDON-2-150x113.jpg 150w, https:\/\/www.medellin.gov.co\/es\/wp-content\/uploads\/2025\/02\/PENDON-2-768x576.jpg 768w, https:\/\/www.medellin.gov.co\/es\/wp-content\/uploads\/2025\/02\/PENDON-2.jpg 1133w\" sizes=\"(max-width: 1024px) 100vw, 1024px\" \/><\/a>\n\t\t\t<\/dt>\n\t\t\t\t<dd class='wp-caption-text gallery-caption' id='gallery-3-386313'>\n\t\t\t\tCon volantes y pendones, funcionarios de la Secretar\u00eda de Educaci\u00f3n informan sobre En el Colegio Contamos con Vos.\n\t\t\t\t<\/dd><\/dl><dl class='gallery-item'>\n\t\t\t<dt class='gallery-icon landscape'>\n\t\t\t\t<a href='https:\/\/www.medellin.gov.co\/es\/sala-de-prensa\/noticias\/en-el-colegio-contamos-con-vos-relato-de-una-manana-en-la-plaza-minorista-de-medellin\/volanteo-jpeg\/'><img width=\"1024\" height=\"768\" src=\"https:\/\/www.medellin.gov.co\/es\/wp-content\/uploads\/2025\/02\/VOLANTEO.jpeg-1024x768.jpg\" class=\"attachment-large size-large\" alt=\"Con volantes y pendones, funcionarios de la Secretar\u00eda de Educaci\u00f3n informan sobre En el Colegio Contamos con Vos.\" loading=\"lazy\" srcset=\"https:\/\/www.medellin.gov.co\/es\/wp-content\/uploads\/2025\/02\/VOLANTEO.jpeg-1024x768.jpg 1024w, https:\/\/www.medellin.gov.co\/es\/wp-content\/uploads\/2025\/02\/VOLANTEO.jpeg-300x225.jpg 300w, https:\/\/www.medellin.gov.co\/es\/wp-content\/uploads\/2025\/02\/VOLANTEO.jpeg-150x113.jpg 150w, https:\/\/www.medellin.gov.co\/es\/wp-content\/uploads\/2025\/02\/VOLANTEO.jpeg-768x576.jpg 768w, https:\/\/www.medellin.gov.co\/es\/wp-content\/uploads\/2025\/02\/VOLANTEO.jpeg-1536x1152.jpg 1536w, https:\/\/www.medellin.gov.co\/es\/wp-content\/uploads\/2025\/02\/VOLANTEO.jpeg.jpg 1600w\" sizes=\"(max-width: 1024px) 100vw, 1024px\" \/><\/a>\n\t\t\t<\/dt><\/dl><br style=\"clear: both\" \/>\n\t\t<\/div>\n\n<p>Uno de ellos le da un volante a Leidy Carolina Palacio, habitante del barrio Caicedo de la comuna nueve (Buenos Aires) y trabajadora de la Minorista. Ella le cuenta al funcionario sobre el caso de una madre y su hija, venezolanas, que llegaron a Medell\u00edn el a\u00f1o pasado: \u201cLa ni\u00f1a termin\u00f3 primero y empez\u00f3 segundo. Creo que tiene 10 a\u00f1os. La se\u00f1ora trabaja aqu\u00ed en la Minorista\u201d. El servidor p\u00fablico le responde que est\u00e1 en extraedad, por lo que entrar\u00eda a un programa especial, y que lo ideal es que estudie en un colegio del centro, cerca de esta plaza de mercado.<\/p>\n<div id=\"attachment_386314\" style=\"width: 1034px\" class=\"wp-caption alignnone\"><img aria-describedby=\"caption-attachment-386314\" loading=\"lazy\" class=\"size-large wp-image-386314\" src=\"https:\/\/www.medellin.gov.co\/es\/wp-content\/uploads\/2025\/02\/LEIDY-1024x768.jpg\" alt=\"Imagen de Leidy en puesto de trabajo\" width=\"1024\" height=\"768\" srcset=\"https:\/\/www.medellin.gov.co\/es\/wp-content\/uploads\/2025\/02\/LEIDY-1024x768.jpg 1024w, https:\/\/www.medellin.gov.co\/es\/wp-content\/uploads\/2025\/02\/LEIDY-300x225.jpg 300w, https:\/\/www.medellin.gov.co\/es\/wp-content\/uploads\/2025\/02\/LEIDY-150x113.jpg 150w, https:\/\/www.medellin.gov.co\/es\/wp-content\/uploads\/2025\/02\/LEIDY-768x576.jpg 768w, https:\/\/www.medellin.gov.co\/es\/wp-content\/uploads\/2025\/02\/LEIDY.jpg 1133w\" sizes=\"(max-width: 1024px) 100vw, 1024px\" \/><p id=\"caption-attachment-386314\" class=\"wp-caption-text\">Leidy Palacio, trabajadora de la Minorista, recibe informaci\u00f3n de En el Colegio Contamos con Vos de parte un funcionario de la Secretar\u00eda de Educaci\u00f3n.<\/p><\/div>\n<p>El secretario de Educaci\u00f3n, Luis Guillermo Pati\u00f1o Aristiz\u00e1bal, encabeza el equipo en la Minorista. \u201cEl entorno protector por excelencia es el colegio. Con los rectores identificamos cu\u00e1l es la instituci\u00f3n m\u00e1s cercana a la residencia de la ni\u00f1a o ni\u00f1o. En Medell\u00edn no debe quedarse ning\u00fan ni\u00f1o o joven sin estudiar\u201d, afirma Pati\u00f1o, quien es licenciado en ciencias sociales, doctor en filosof\u00eda y fue profesor universitario varios a\u00f1os. Toma el meg\u00e1fono y empieza a caminar por el recinto, invitando a los presentes a matricular a los ni\u00f1os de sus familias o a los conocidos.<\/p>\n<p>Hoy est\u00e1n matriculados 297 000 estudiantes en los colegios p\u00fablicos de la ciudad, que tienen, en total, 421 sedes, y la meta este a\u00f1o es pasar de los 300 000.<\/p>\n<h4>Habr\u00e1 m\u00e1s recorridos<\/h4>\n<p>La Minorista cuenta con 3326 locales comerciales y en ellos trabajan unas 10 000 personas. Las cifras las da su gerente, \u00c9dison Palacio, y cuenta que la plaza de mercado apoya a la Alcald\u00eda en la estrategia para incorporar cada vez m\u00e1s alumnos a los colegios: \u201cbuscamos garantizar que los ni\u00f1os no est\u00e9n trabajando, sino que est\u00e9n escolarizados\u201d.<\/p>\n\n\t\t<style type=\"text\/css\">\n\t\t\t#gallery-4 {\n\t\t\t\tmargin: auto;\n\t\t\t}\n\t\t\t#gallery-4 .gallery-item {\n\t\t\t\tfloat: left;\n\t\t\t\tmargin-top: 10px;\n\t\t\t\ttext-align: center;\n\t\t\t\twidth: 50%;\n\t\t\t}\n\t\t\t#gallery-4 img {\n\t\t\t\tborder: 2px solid #cfcfcf;\n\t\t\t}\n\t\t\t#gallery-4 .gallery-caption {\n\t\t\t\tmargin-left: 0;\n\t\t\t}\n\t\t\t\/* see gallery_shortcode() in wp-includes\/media.php *\/\n\t\t<\/style>\n\t\t<div id='gallery-4' class='gallery galleryid-386244 gallery-columns-2 gallery-size-large'><dl class='gallery-item'>\n\t\t\t<dt class='gallery-icon landscape'>\n\t\t\t\t<a href='https:\/\/www.medellin.gov.co\/es\/sala-de-prensa\/noticias\/en-el-colegio-contamos-con-vos-relato-de-una-manana-en-la-plaza-minorista-de-medellin\/externa-1\/'><img width=\"1024\" height=\"768\" src=\"https:\/\/www.medellin.gov.co\/es\/wp-content\/uploads\/2025\/02\/EXTERNA-1-1024x768.jpg\" class=\"attachment-large size-large\" alt=\"Foto externa de la Plaza Minorista\" loading=\"lazy\" aria-describedby=\"gallery-4-386317\" srcset=\"https:\/\/www.medellin.gov.co\/es\/wp-content\/uploads\/2025\/02\/EXTERNA-1-1024x768.jpg 1024w, https:\/\/www.medellin.gov.co\/es\/wp-content\/uploads\/2025\/02\/EXTERNA-1-300x225.jpg 300w, https:\/\/www.medellin.gov.co\/es\/wp-content\/uploads\/2025\/02\/EXTERNA-1-150x113.jpg 150w, https:\/\/www.medellin.gov.co\/es\/wp-content\/uploads\/2025\/02\/EXTERNA-1-768x576.jpg 768w, https:\/\/www.medellin.gov.co\/es\/wp-content\/uploads\/2025\/02\/EXTERNA-1.jpg 1133w\" sizes=\"(max-width: 1024px) 100vw, 1024px\" \/><\/a>\n\t\t\t<\/dt>\n\t\t\t\t<dd class='wp-caption-text gallery-caption' id='gallery-4-386317'>\n\t\t\t\tPlaza Minorista Jos\u00e9 Mar\u00eda Villa, ubicada en el centro de Medell\u00edn.\n\t\t\t\t<\/dd><\/dl><dl class='gallery-item'>\n\t\t\t<dt class='gallery-icon landscape'>\n\t\t\t\t<a href='https:\/\/www.medellin.gov.co\/es\/sala-de-prensa\/noticias\/en-el-colegio-contamos-con-vos-relato-de-una-manana-en-la-plaza-minorista-de-medellin\/externa-2\/'><img width=\"1024\" height=\"768\" src=\"https:\/\/www.medellin.gov.co\/es\/wp-content\/uploads\/2025\/02\/EXTERNA-2-1024x768.jpg\" class=\"attachment-large size-large\" alt=\"Foto de la fachada de la Plaza minorista\" loading=\"lazy\" srcset=\"https:\/\/www.medellin.gov.co\/es\/wp-content\/uploads\/2025\/02\/EXTERNA-2-1024x768.jpg 1024w, https:\/\/www.medellin.gov.co\/es\/wp-content\/uploads\/2025\/02\/EXTERNA-2-300x225.jpg 300w, https:\/\/www.medellin.gov.co\/es\/wp-content\/uploads\/2025\/02\/EXTERNA-2-150x113.jpg 150w, https:\/\/www.medellin.gov.co\/es\/wp-content\/uploads\/2025\/02\/EXTERNA-2-768x576.jpg 768w, https:\/\/www.medellin.gov.co\/es\/wp-content\/uploads\/2025\/02\/EXTERNA-2.jpg 1133w\" sizes=\"(max-width: 1024px) 100vw, 1024px\" \/><\/a>\n\t\t\t<\/dt><\/dl><br style=\"clear: both\" \/>\n\t\t<\/div>\n\n<p>Dos de los comerciantes son Luz Maribel Ibarra, de 58 a\u00f1os, y su esposo, Luis Fernando Avenda\u00f1o, de 57. En su punto de venta, Legumbres Medallo, Luz relata que han vendido productos del campo \u2013 frutas y verduras \u2013 aqu\u00ed durante los 40 a\u00f1os que tiene la Plaza Minorista y ya ejerc\u00edan este oficio en la antigua plaza de mercado, conocida como Guayaquil, El Pedrero o Cisneros.<\/p>\n<p>Considera que es \u201cmuy buena esta campa\u00f1a de la alcald\u00eda, porque los ni\u00f1os en la casa, \u00bfhaciendo qu\u00e9?\u201d. Con ella y su esposo est\u00e1 su nieta, Mari\u00e1ngel Zuluaga, de 11 a\u00f1os y estudiante de quinto en la Instituci\u00f3n Educativa Rep\u00fablica de Venezuela, situada en Bel\u00e9n Las Violetas. Acompa\u00f1a a sus abuelos un rato, mientras se va para el colegio a estudiar en la tarde.<\/p>\n<div id=\"attachment_386322\" style=\"width: 1034px\" class=\"wp-caption alignnone\"><img aria-describedby=\"caption-attachment-386322\" loading=\"lazy\" class=\"size-large wp-image-386322\" src=\"https:\/\/www.medellin.gov.co\/es\/wp-content\/uploads\/2025\/02\/FAMILIA-1-1024x768.jpg\" alt=\"Los esposos Luz Ibarra y Luis Avenda\u00f1o con su nieta, Mari\u00e1ngel Z\" width=\"1024\" height=\"768\" srcset=\"https:\/\/www.medellin.gov.co\/es\/wp-content\/uploads\/2025\/02\/FAMILIA-1-1024x768.jpg 1024w, https:\/\/www.medellin.gov.co\/es\/wp-content\/uploads\/2025\/02\/FAMILIA-1-300x225.jpg 300w, https:\/\/www.medellin.gov.co\/es\/wp-content\/uploads\/2025\/02\/FAMILIA-1-150x113.jpg 150w, https:\/\/www.medellin.gov.co\/es\/wp-content\/uploads\/2025\/02\/FAMILIA-1-768x576.jpg 768w, https:\/\/www.medellin.gov.co\/es\/wp-content\/uploads\/2025\/02\/FAMILIA-1.jpg 1133w\" sizes=\"(max-width: 1024px) 100vw, 1024px\" \/><p id=\"caption-attachment-386322\" class=\"wp-caption-text\">Los esposos Luz Ibarra y Luis Avenda\u00f1o con su nieta, Mari\u00e1ngel Zuluaga, en el local Legumbres Medallo, en la Minorista.<\/p><\/div>\n<p>Otra alumna es Mar\u00eda \u00c1ngel Calder\u00f3n Guiral, melliza de Miguel \u00c1ngel. Como su hermano, ella cursa noveno en la Instituci\u00f3n Educativa Pedro Luis Villa. Estuvo por fuera del colegio un tiempo, sobre todo por secuelas de Covid \u2013 19. Ahora, de nuevo en las aulas, elogia la estrategia En el Colegio Contamos con Vos, porque \u201chay padres que no saben c\u00f3mo matricular a sus hijos\u201d. A Mar\u00eda \u00c1ngel le gustar\u00eda estudiar medicina y cardiolog\u00eda o artes pl\u00e1sticas.<\/p>\n<div id=\"attachment_386323\" style=\"width: 1034px\" class=\"wp-caption alignnone\"><img aria-describedby=\"caption-attachment-386323\" loading=\"lazy\" class=\"size-large wp-image-386323\" src=\"https:\/\/www.medellin.gov.co\/es\/wp-content\/uploads\/2025\/02\/MELLIZOS-1-1024x768.jpg\" alt=\"Foto de los Mellizos\" width=\"1024\" height=\"768\" srcset=\"https:\/\/www.medellin.gov.co\/es\/wp-content\/uploads\/2025\/02\/MELLIZOS-1-1024x768.jpg 1024w, https:\/\/www.medellin.gov.co\/es\/wp-content\/uploads\/2025\/02\/MELLIZOS-1-300x225.jpg 300w, https:\/\/www.medellin.gov.co\/es\/wp-content\/uploads\/2025\/02\/MELLIZOS-1-150x113.jpg 150w, https:\/\/www.medellin.gov.co\/es\/wp-content\/uploads\/2025\/02\/MELLIZOS-1-768x576.jpg 768w, https:\/\/www.medellin.gov.co\/es\/wp-content\/uploads\/2025\/02\/MELLIZOS-1.jpg 1133w\" sizes=\"(max-width: 1024px) 100vw, 1024px\" \/><p id=\"caption-attachment-386323\" class=\"wp-caption-text\">Los mellizos Miguel \u00c1ngel y Mar\u00eda \u00c1ngel Calder\u00f3n Guiral, estudiantes de la Instituci\u00f3n Educativa Pedro Luis Villa.<\/p><\/div>\n<p>Los recorridos de En el Colegio Contamos con Vos seguir\u00e1n por diferentes sectores de la urbe, por calles, casas, establecimientos comerciales, puerta a puerta, con meg\u00e1fono. El equipo inscribe a los solicitantes en la aplicaci\u00f3n Busca tu Cupo, antes de formalizar el registro. As\u00ed, desde el Distrito queremos contribuir a cumplir sue\u00f1os de miles de ni\u00f1os y adolescentes, como los de Mar\u00eda \u00c1ngel y Miguel \u00c1ngel.<\/p>\n","protected":false},"excerpt":{"rendered":"<p>Una de las estrategias de la Alcald\u00eda de Medell\u00edn para que todos los ni\u00f1os y adolescentes est\u00e9n estudiando es En el Colegio Contamos con Vos. En ella, un grupo de funcionarios de la Secretar\u00eda de &#8230;<\/p>\n","protected":false},"author":97,"featured_media":386300,"comment_status":"open","ping_status":"open","sticky":false,"template":"","format":"standard","meta":[],"categories":[4],"tags":[431],"formato_nota":[],"programas_tax":[],"acf":[],"_links":{"self":[{"href":"https:\/\/www.medellin.gov.co\/es\/wp-json\/wp\/v2\/posts\/386244"}],"collection":[{"href":"https:\/\/www.medellin.gov.co\/es\/wp-json\/wp\/v2\/posts"}],"about":[{"href":"https:\/\/www.medellin.gov.co\/es\/wp-json\/wp\/v2\/types\/post"}],"author":[{"embeddable":true,"href":"https:\/\/www.medellin.gov.co\/es\/wp-json\/wp\/v2\/users\/97"}],"replies":[{"embeddable":true,"href":"https:\/\/www.medellin.gov.co\/es\/wp-json\/wp\/v2\/comments?post=386244"}],"version-history":[{"count":5,"href":"https:\/\/www.medellin.gov.co\/es\/wp-json\/wp\/v2\/posts\/386244\/revisions"}],"predecessor-version":[{"id":386358,"href":"https:\/\/www.medellin.gov.co\/es\/wp-json\/wp\/v2\/posts\/386244\/revisions\/386358"}],"wp:featuredmedia":[{"embeddable":true,"href":"https:\/\/www.medellin.gov.co\/es\/wp-json\/wp\/v2\/media\/386300"}],"wp:attachment":[{"href":"https:\/\/www.medellin.gov.co\/es\/wp-json\/wp\/v2\/media?parent=386244"}],"wp:term":[{"taxonomy":"category","embeddable":true,"href":"https:\/\/www.medellin.gov.co\/es\/wp-json\/wp\/v2\/categories?post=386244"},{"taxonomy":"post_tag","embeddable":true,"href":"https:\/\/www.medellin.gov.co\/es\/wp-json\/wp\/v2\/tags?post=386244"},{"taxonomy":"formato_nota","embeddable":true,"href":"https:\/\/www.medellin.gov.co\/es\/wp-json\/wp\/v2\/formato_nota?post=386244"},{"taxonomy":"programas_tax","embeddable":true,"href":"https:\/\/www.medellin.gov.co\/es\/wp-json\/wp\/v2\/programas_tax?post=386244"}],"curies":[{"name":"wp","href":"https:\/\/api.w.org\/{rel}","templated":true}]}}