{"id":386247,"date":"2025-02-17T11:18:34","date_gmt":"2025-02-17T16:18:34","guid":{"rendered":"https:\/\/www.medellin.gov.co\/es\/?p=386247"},"modified":"2025-02-17T11:18:34","modified_gmt":"2025-02-17T16:18:34","slug":"el-programa-medellin-te-quiere-saludable-impactara-a-800-000-personas-en-2025","status":"publish","type":"post","link":"https:\/\/www.medellin.gov.co\/es\/sala-de-prensa\/noticias\/el-programa-medellin-te-quiere-saludable-impactara-a-800-000-personas-en-2025\/","title":{"rendered":"El programa Medell\u00edn Te Quiere Saludable impactar\u00e1 a 800.000 personas en 2025"},"content":{"rendered":"<ul>\n<li>542 profesionales de la salud llevar\u00e1n bienestar a las personas de las 16 comunas y los cinco corregimientos de Medell\u00edn.<\/li>\n<li>Profesionales en nutrici\u00f3n, psicolog\u00eda, enfermer\u00eda, salud ambiental, trabajo social e higiene oral brindar\u00e1n atenci\u00f3n integral en todo el territorio.<\/li>\n<\/ul>\n<!--[if lt IE 9]><script>document.createElement('audio');<\/script><![endif]-->\n\t<div class=\"wp-playlist wp-audio-playlist wp-playlist-light\">\n\t\t\t<div class=\"wp-playlist-current-item\"><\/div>\n\t\t<audio controls=\"controls\" preload=\"none\" width=\"640\"\n\t\t\t><\/audio>\n\t<div class=\"wp-playlist-next\"><\/div>\n\t<div class=\"wp-playlist-prev\"><\/div>\n\t<noscript>\n\t<ol>\n\t\t<li><a href='https:\/\/www.medellin.gov.co\/es\/wp-content\/uploads\/2025\/02\/Medellin-Te-Quiere-Saludable-01.mp3'>Palabras de Natalia L\u00f3pez, secretaria de Salud<\/a><\/li>\t<\/ol>\n\t<\/noscript>\n\t<script type=\"application\/json\" class=\"wp-playlist-script\">{\"type\":\"audio\",\"tracklist\":true,\"tracknumbers\":true,\"images\":true,\"artists\":true,\"tracks\":[{\"src\":\"https:\\\/\\\/www.medellin.gov.co\\\/es\\\/wp-content\\\/uploads\\\/2025\\\/02\\\/Medellin-Te-Quiere-Saludable-01.mp3\",\"type\":\"audio\\\/mpeg\",\"title\":\"Palabras de Natalia L\\u00f3pez, secretaria de Salud\",\"caption\":\"\",\"description\":\"\\u00abPalabras de Natalia L\\u00f3pez, secretaria de Salud\\u00bb.\",\"meta\":{\"year\":\"2025\",\"length_formatted\":\"0:52\"},\"image\":{\"src\":\"https:\\\/\\\/www.medellin.gov.co\\\/es\\\/wp-includes\\\/images\\\/media\\\/audio.png\",\"width\":48,\"height\":64},\"thumb\":{\"src\":\"https:\\\/\\\/www.medellin.gov.co\\\/es\\\/wp-includes\\\/images\\\/media\\\/audio.png\",\"width\":48,\"height\":64}}]}<\/script>\n<\/div>\n\t\n<p>El Distrito, a trav\u00e9s del programa Medell\u00edn Te Quiere Saludable, capacit\u00f3 a 542 profesionales de la salud, quienes ser\u00e1n los encargados de llevar servicios a m\u00e1s de 32.000 familias y el 100 % de las instituciones educativas p\u00fablicas y privadas durante 2025, llegando a 800.000 personas, desde ni\u00f1os hasta adultos mayores.<\/p>\n<p>Este equipo multidisciplinario cumpli\u00f3 con los procesos de inducci\u00f3n y capacitaci\u00f3n y tendr\u00e1 la misi\u00f3n de fortalecer la promoci\u00f3n y prevenci\u00f3n de enfermedades en todos los ciclos de vida y entornos.<\/p>\n<div id=\"attachment_386250\" style=\"width: 1290px\" class=\"wp-caption alignnone\"><a href=\"https:\/\/www.medellin.gov.co\/es\/wp-content\/uploads\/2025\/02\/Medellin-Te-Quiere-Saludable-2.jpg\" target=\"_blank\" rel=\"noopener\"><img aria-describedby=\"caption-attachment-386250\" loading=\"lazy\" class=\"wp-image-386250 size-full\" title=\"El programa Medell\u00edn Te Quiere Saludable impactar\u00e1 a 800.000 personas en 2025\" src=\"https:\/\/www.medellin.gov.co\/es\/wp-content\/uploads\/2025\/02\/Medellin-Te-Quiere-Saludable-2.jpg\" alt=\"El programa Medell\u00edn Te Quiere Saludable impactar\u00e1 a 800.000 personas en 2025\" width=\"1280\" height=\"853\" srcset=\"https:\/\/www.medellin.gov.co\/es\/wp-content\/uploads\/2025\/02\/Medellin-Te-Quiere-Saludable-2.jpg 1280w, https:\/\/www.medellin.gov.co\/es\/wp-content\/uploads\/2025\/02\/Medellin-Te-Quiere-Saludable-2-300x200.jpg 300w, https:\/\/www.medellin.gov.co\/es\/wp-content\/uploads\/2025\/02\/Medellin-Te-Quiere-Saludable-2-1024x682.jpg 1024w, https:\/\/www.medellin.gov.co\/es\/wp-content\/uploads\/2025\/02\/Medellin-Te-Quiere-Saludable-2-150x100.jpg 150w, https:\/\/www.medellin.gov.co\/es\/wp-content\/uploads\/2025\/02\/Medellin-Te-Quiere-Saludable-2-768x512.jpg 768w\" sizes=\"(max-width: 1280px) 100vw, 1280px\" \/><\/a><p id=\"caption-attachment-386250\" class=\"wp-caption-text\">El programa Medell\u00edn Te Quiere Saludable impactar\u00e1 a 800.000 personas en 2025 &#8211; Foto Alcald\u00eda de Medell\u00edn<\/p><\/div>\n<p>\u201c<em>Estuvimos haciendo el aprestamiento, la capacitaci\u00f3n y el entrenamiento de 542 personas, entre nutricionistas, psic\u00f3logos, enfermeras, higienistas bucales, auxiliares de enfermer\u00eda y tecn\u00f3logos ambientales, quienes van a estar en el territorio, en el 100 % de las instituciones educativas y con las familias. Tenemos una meta de llegar a cerca de 32.000 hogares este a\u00f1o e impactar a 800.000 personas con todas las acciones de salud en el territorio<\/em>,\u201d dijo la secretaria de Salud, Natalia L\u00f3pez.<\/p>\n<div id=\"attachment_386261\" style=\"width: 1290px\" class=\"wp-caption alignnone\"><a href=\"https:\/\/www.medellin.gov.co\/es\/wp-content\/uploads\/2025\/02\/Medellin-Te-Quiere-Saludable-3.jpg\" target=\"_blank\" rel=\"noopener\"><img aria-describedby=\"caption-attachment-386261\" loading=\"lazy\" class=\"wp-image-386261 size-full\" title=\"El programa Medell\u00edn Te Quiere Saludable impactar\u00e1 a 800.000 personas en 2025\" src=\"https:\/\/www.medellin.gov.co\/es\/wp-content\/uploads\/2025\/02\/Medellin-Te-Quiere-Saludable-3.jpg\" alt=\"El programa Medell\u00edn Te Quiere Saludable impactar\u00e1 a 800.000 personas en 2025\" width=\"1280\" height=\"923\" srcset=\"https:\/\/www.medellin.gov.co\/es\/wp-content\/uploads\/2025\/02\/Medellin-Te-Quiere-Saludable-3.jpg 1280w, https:\/\/www.medellin.gov.co\/es\/wp-content\/uploads\/2025\/02\/Medellin-Te-Quiere-Saludable-3-300x216.jpg 300w, https:\/\/www.medellin.gov.co\/es\/wp-content\/uploads\/2025\/02\/Medellin-Te-Quiere-Saludable-3-1024x738.jpg 1024w, https:\/\/www.medellin.gov.co\/es\/wp-content\/uploads\/2025\/02\/Medellin-Te-Quiere-Saludable-3-150x108.jpg 150w, https:\/\/www.medellin.gov.co\/es\/wp-content\/uploads\/2025\/02\/Medellin-Te-Quiere-Saludable-3-768x554.jpg 768w\" sizes=\"(max-width: 1280px) 100vw, 1280px\" \/><\/a><p id=\"caption-attachment-386261\" class=\"wp-caption-text\">El programa Medell\u00edn Te Quiere Saludable impactar\u00e1 a 800.000 personas en 2025 &#8211; Foto Alcald\u00eda de Medell\u00edn<\/p><\/div>\n<p>En 2024, el programa Medell\u00edn Te Quiere Saludable logr\u00f3 avances significativos en la calidad de vida de los habitantes de la ciudad: 20.000 familias recibieron atenci\u00f3n y orientaci\u00f3n en salud mental, salud bucal, nutrici\u00f3n, salud sexual y estilos de vida saludables.<\/p>\n<p>Con la puesta en marcha de este nuevo equipo de profesionales, la Alcald\u00eda de Medell\u00edn ratifica su compromiso con la promoci\u00f3n de la salud y el bienestar en los territorios, recordando que el autocuidado y la prevenci\u00f3n son claves para mejorar la calidad de vida.<\/p>\n","protected":false},"excerpt":{"rendered":"<p>542 profesionales de la salud llevar\u00e1n bienestar a las personas de las 16 comunas y los cinco corregimientos de Medell\u00edn. Profesionales en nutrici\u00f3n, psicolog\u00eda, enfermer\u00eda, salud ambiental, trabajo social e higiene oral brindar\u00e1n atenci\u00f3n integral &#8230;<\/p>\n","protected":false},"author":21,"featured_media":386248,"comment_status":"open","ping_status":"open","sticky":false,"template":"","format":"standard","meta":[],"categories":[18],"tags":[452],"formato_nota":[],"programas_tax":[],"acf":[],"_links":{"self":[{"href":"https:\/\/www.medellin.gov.co\/es\/wp-json\/wp\/v2\/posts\/386247"}],"collection":[{"href":"https:\/\/www.medellin.gov.co\/es\/wp-json\/wp\/v2\/posts"}],"about":[{"href":"https:\/\/www.medellin.gov.co\/es\/wp-json\/wp\/v2\/types\/post"}],"author":[{"embeddable":true,"href":"https:\/\/www.medellin.gov.co\/es\/wp-json\/wp\/v2\/users\/21"}],"replies":[{"embeddable":true,"href":"https:\/\/www.medellin.gov.co\/es\/wp-json\/wp\/v2\/comments?post=386247"}],"version-history":[{"count":1,"href":"https:\/\/www.medellin.gov.co\/es\/wp-json\/wp\/v2\/posts\/386247\/revisions"}],"predecessor-version":[{"id":386269,"href":"https:\/\/www.medellin.gov.co\/es\/wp-json\/wp\/v2\/posts\/386247\/revisions\/386269"}],"wp:featuredmedia":[{"embeddable":true,"href":"https:\/\/www.medellin.gov.co\/es\/wp-json\/wp\/v2\/media\/386248"}],"wp:attachment":[{"href":"https:\/\/www.medellin.gov.co\/es\/wp-json\/wp\/v2\/media?parent=386247"}],"wp:term":[{"taxonomy":"category","embeddable":true,"href":"https:\/\/www.medellin.gov.co\/es\/wp-json\/wp\/v2\/categories?post=386247"},{"taxonomy":"post_tag","embeddable":true,"href":"https:\/\/www.medellin.gov.co\/es\/wp-json\/wp\/v2\/tags?post=386247"},{"taxonomy":"formato_nota","embeddable":true,"href":"https:\/\/www.medellin.gov.co\/es\/wp-json\/wp\/v2\/formato_nota?post=386247"},{"taxonomy":"programas_tax","embeddable":true,"href":"https:\/\/www.medellin.gov.co\/es\/wp-json\/wp\/v2\/programas_tax?post=386247"}],"curies":[{"name":"wp","href":"https:\/\/api.w.org\/{rel}","templated":true}]}}