{"id":386270,"date":"2025-02-17T11:37:41","date_gmt":"2025-02-17T16:37:41","guid":{"rendered":"https:\/\/www.medellin.gov.co\/es\/?p=386270"},"modified":"2025-02-17T11:37:41","modified_gmt":"2025-02-17T16:37:41","slug":"hombres-trans-podran-definir-su-situacion-militar-con-el-acompanamiento-de-la-alcaldia-de-medellin","status":"publish","type":"post","link":"https:\/\/www.medellin.gov.co\/es\/sala-de-prensa\/noticias\/hombres-trans-podran-definir-su-situacion-militar-con-el-acompanamiento-de-la-alcaldia-de-medellin\/","title":{"rendered":"Hombres trans podr\u00e1n definir su situaci\u00f3n militar con el acompa\u00f1amiento de la Alcald\u00eda de Medell\u00edn"},"content":{"rendered":"<ul>\n<li>Se espera que, con el acompa\u00f1amiento del Distrito, este a\u00f1o 50 hombres trans puedan definir su situaci\u00f3n militar.<\/li>\n<li>En 2024, en una jornada piloto, 14 hombres trans obtuvieron su libreta militar.<\/li>\n<\/ul>\n<!--[if lt IE 9]><script>document.createElement('audio');<\/script><![endif]-->\n\t<div class=\"wp-playlist wp-audio-playlist wp-playlist-light\">\n\t\t\t<div class=\"wp-playlist-current-item\"><\/div>\n\t\t<audio controls=\"controls\" preload=\"none\" width=\"640\"\n\t\t\t><\/audio>\n\t<div class=\"wp-playlist-next\"><\/div>\n\t<div class=\"wp-playlist-prev\"><\/div>\n\t<noscript>\n\t<ol>\n\t\t<li><a href='https:\/\/www.medellin.gov.co\/es\/wp-content\/uploads\/2025\/02\/Hombres-Trans-Situacion-Militar-01.mp3'>Palabras de Edgar Yepes Londo\u00f1o, gerente de Diversidades Sexuales e Identidades de G\u00e9nero<\/a><\/li>\t<\/ol>\n\t<\/noscript>\n\t<script type=\"application\/json\" class=\"wp-playlist-script\">{\"type\":\"audio\",\"tracklist\":true,\"tracknumbers\":true,\"images\":true,\"artists\":true,\"tracks\":[{\"src\":\"https:\\\/\\\/www.medellin.gov.co\\\/es\\\/wp-content\\\/uploads\\\/2025\\\/02\\\/Hombres-Trans-Situacion-Militar-01.mp3\",\"type\":\"audio\\\/mpeg\",\"title\":\"Palabras de Edgar Yepes Londo\\u00f1o, gerente de Diversidades Sexuales e Identidades de G\\u00e9nero\",\"caption\":\"\",\"description\":\"\\u00abPalabras de Edgar Yepes Londo\\u00f1o, gerente de Diversidades Sexuales e Identidades de G\\u00e9nero\\u00bb.\",\"meta\":{\"year\":\"2025\",\"length_formatted\":\"0:30\"},\"image\":{\"src\":\"https:\\\/\\\/www.medellin.gov.co\\\/es\\\/wp-includes\\\/images\\\/media\\\/audio.png\",\"width\":48,\"height\":64},\"thumb\":{\"src\":\"https:\\\/\\\/www.medellin.gov.co\\\/es\\\/wp-includes\\\/images\\\/media\\\/audio.png\",\"width\":48,\"height\":64}}]}<\/script>\n<\/div>\n\t\n<p>La Administraci\u00f3n Distrital, por medio de la Gerencia de Diversidades Sexuales e Identidades de G\u00e9nero, abri\u00f3 las preinscripciones para asesorar y acompa\u00f1ar a hombres trans pendientes por definir su situaci\u00f3n militar. De esta manera, se busca eliminar una de las barreras m\u00e1s frecuentes de esta poblaci\u00f3n al momento de acceder a empleos formales.<\/p>\n<p>En 2024, se hizo la primera jornada, en la que se acompa\u00f1\u00f3 a 14 hombres trans a regularizar su situaci\u00f3n militar, lo que constituye un ejercicio pionero en el pa\u00eds. Para 2025, la meta es que otros 50 puedan cumplir con este requisito. Para ello, la Gerencia de Diversidades Sexuales e Identidades de G\u00e9nero dispone de un equipo jur\u00eddico para la asesor\u00eda y acompa\u00f1amiento, y apoyo econ\u00f3mico para cubrir el costo del procedimiento.<\/p>\n<div id=\"attachment_386258\" style=\"width: 1290px\" class=\"wp-caption alignnone\"><a href=\"https:\/\/www.medellin.gov.co\/es\/wp-content\/uploads\/2025\/02\/Hombres-Trans-Situacion-Militar-2.jpg\" target=\"_blank\" rel=\"noopener\"><img aria-describedby=\"caption-attachment-386258\" loading=\"lazy\" class=\"wp-image-386258 size-full\" title=\"Hombres trans podr\u00e1n definir su situaci\u00f3n militar con el acompa\u00f1amiento de la Alcald\u00eda de Medell\u00edn\" src=\"https:\/\/www.medellin.gov.co\/es\/wp-content\/uploads\/2025\/02\/Hombres-Trans-Situacion-Militar-2.jpg\" alt=\"Hombres trans podr\u00e1n definir su situaci\u00f3n militar con el acompa\u00f1amiento de la Alcald\u00eda de Medell\u00edn\" width=\"1280\" height=\"853\" srcset=\"https:\/\/www.medellin.gov.co\/es\/wp-content\/uploads\/2025\/02\/Hombres-Trans-Situacion-Militar-2.jpg 1280w, https:\/\/www.medellin.gov.co\/es\/wp-content\/uploads\/2025\/02\/Hombres-Trans-Situacion-Militar-2-300x200.jpg 300w, https:\/\/www.medellin.gov.co\/es\/wp-content\/uploads\/2025\/02\/Hombres-Trans-Situacion-Militar-2-1024x682.jpg 1024w, https:\/\/www.medellin.gov.co\/es\/wp-content\/uploads\/2025\/02\/Hombres-Trans-Situacion-Militar-2-150x100.jpg 150w, https:\/\/www.medellin.gov.co\/es\/wp-content\/uploads\/2025\/02\/Hombres-Trans-Situacion-Militar-2-768x512.jpg 768w\" sizes=\"(max-width: 1280px) 100vw, 1280px\" \/><\/a><p id=\"caption-attachment-386258\" class=\"wp-caption-text\">Hombres trans podr\u00e1n definir su situaci\u00f3n militar con el acompa\u00f1amiento de la Alcald\u00eda de Medell\u00edn &#8211; Foto Alcald\u00eda de Medell\u00edn<\/p><\/div>\n<p>\u201c<em>El a\u00f1o anterior constatamos el impacto de esta iniciativa en la calidad de vida de los hombres transmasculinos. Cumplir con este deber ciudadano les permite, entre otras cosas, acceder a empleo formal y tener mayores oportunidades en programas y servicios del sector p\u00fablico. Esto, sin duda, contribuye a nuestro prop\u00f3sito de dignificar las vidas<\/em>\u201d, expres\u00f3 el gerente de Diversidades Sexuales e Identidades de G\u00e9nero, Edgar Yepes Londo\u00f1o.<\/p>\n<p>Para acceder al acompa\u00f1amiento, la persona debe ser mayor de 24 a\u00f1os, para menores de esta edad, debe haber aprobado, por lo menos, el quinto semestre de una carrera universitaria o haber concluido estudios t\u00e9cnicos, te\u0301cnicoprofesionales o tecnol\u00f3gicos. Se priorizar\u00e1 a quienes devenguen menos de $2.847.000.<\/p>\n<div id=\"attachment_386257\" style=\"width: 1290px\" class=\"wp-caption alignnone\"><a href=\"https:\/\/www.medellin.gov.co\/es\/wp-content\/uploads\/2025\/02\/Hombres-Trans-Situacion-Militar-3.jpg\" target=\"_blank\" rel=\"noopener\"><img aria-describedby=\"caption-attachment-386257\" loading=\"lazy\" class=\"wp-image-386257 size-full\" title=\"Hombres trans podr\u00e1n definir su situaci\u00f3n militar con el acompa\u00f1amiento de la Alcald\u00eda de Medell\u00edn\" src=\"https:\/\/www.medellin.gov.co\/es\/wp-content\/uploads\/2025\/02\/Hombres-Trans-Situacion-Militar-3.jpg\" alt=\"Hombres trans podr\u00e1n definir su situaci\u00f3n militar con el acompa\u00f1amiento de la Alcald\u00eda de Medell\u00edn\" width=\"1280\" height=\"853\" srcset=\"https:\/\/www.medellin.gov.co\/es\/wp-content\/uploads\/2025\/02\/Hombres-Trans-Situacion-Militar-3.jpg 1280w, https:\/\/www.medellin.gov.co\/es\/wp-content\/uploads\/2025\/02\/Hombres-Trans-Situacion-Militar-3-300x200.jpg 300w, https:\/\/www.medellin.gov.co\/es\/wp-content\/uploads\/2025\/02\/Hombres-Trans-Situacion-Militar-3-1024x682.jpg 1024w, https:\/\/www.medellin.gov.co\/es\/wp-content\/uploads\/2025\/02\/Hombres-Trans-Situacion-Militar-3-150x100.jpg 150w, https:\/\/www.medellin.gov.co\/es\/wp-content\/uploads\/2025\/02\/Hombres-Trans-Situacion-Militar-3-768x512.jpg 768w\" sizes=\"(max-width: 1280px) 100vw, 1280px\" \/><\/a><p id=\"caption-attachment-386257\" class=\"wp-caption-text\">Hombres trans podr\u00e1n definir su situaci\u00f3n militar con el acompa\u00f1amiento de la Alcald\u00eda de Medell\u00edn &#8211; Foto Alcald\u00eda de Medell\u00edn<\/p><\/div>\n<p>Las preinscripciones est\u00e1n disponibles a trav\u00e9s del siguiente enlace: <a href=\"https:\/\/forms.gle\/g7DgMk3aiq2L9u2L6\" target=\"_blank\" rel=\"noopener\">https:\/\/forms.gle\/g7DgMk3aiq2L9u2L6<\/a><\/p>\n<p>La Corte Constitucional, en la Sentencia C-220 de 2019, reitera la obligaci\u00f3n de regularizar la situaci\u00f3n militar en Colombia, proceso en el que se incluye a las personas transmasculinas que ya hayan realizado el tr\u00e1mite de cambio de nombre y correcci\u00f3n del componente sexo en el registro civil de nacimiento y la c\u00e9dula de ciudadan\u00eda, es decir quienes legalmente se encuentran registrados como hombres.<\/p>\n","protected":false},"excerpt":{"rendered":"<p>Se espera que, con el acompa\u00f1amiento del Distrito, este a\u00f1o 50 hombres trans puedan definir su situaci\u00f3n militar. En 2024, en una jornada piloto, 14 hombres trans obtuvieron su libreta militar. La Administraci\u00f3n Distrital, por &#8230;<\/p>\n","protected":false},"author":21,"featured_media":386259,"comment_status":"open","ping_status":"open","sticky":false,"template":"","format":"standard","meta":[],"categories":[534],"tags":[451,455],"formato_nota":[],"programas_tax":[],"acf":[],"_links":{"self":[{"href":"https:\/\/www.medellin.gov.co\/es\/wp-json\/wp\/v2\/posts\/386270"}],"collection":[{"href":"https:\/\/www.medellin.gov.co\/es\/wp-json\/wp\/v2\/posts"}],"about":[{"href":"https:\/\/www.medellin.gov.co\/es\/wp-json\/wp\/v2\/types\/post"}],"author":[{"embeddable":true,"href":"https:\/\/www.medellin.gov.co\/es\/wp-json\/wp\/v2\/users\/21"}],"replies":[{"embeddable":true,"href":"https:\/\/www.medellin.gov.co\/es\/wp-json\/wp\/v2\/comments?post=386270"}],"version-history":[{"count":1,"href":"https:\/\/www.medellin.gov.co\/es\/wp-json\/wp\/v2\/posts\/386270\/revisions"}],"predecessor-version":[{"id":386272,"href":"https:\/\/www.medellin.gov.co\/es\/wp-json\/wp\/v2\/posts\/386270\/revisions\/386272"}],"wp:featuredmedia":[{"embeddable":true,"href":"https:\/\/www.medellin.gov.co\/es\/wp-json\/wp\/v2\/media\/386259"}],"wp:attachment":[{"href":"https:\/\/www.medellin.gov.co\/es\/wp-json\/wp\/v2\/media?parent=386270"}],"wp:term":[{"taxonomy":"category","embeddable":true,"href":"https:\/\/www.medellin.gov.co\/es\/wp-json\/wp\/v2\/categories?post=386270"},{"taxonomy":"post_tag","embeddable":true,"href":"https:\/\/www.medellin.gov.co\/es\/wp-json\/wp\/v2\/tags?post=386270"},{"taxonomy":"formato_nota","embeddable":true,"href":"https:\/\/www.medellin.gov.co\/es\/wp-json\/wp\/v2\/formato_nota?post=386270"},{"taxonomy":"programas_tax","embeddable":true,"href":"https:\/\/www.medellin.gov.co\/es\/wp-json\/wp\/v2\/programas_tax?post=386270"}],"curies":[{"name":"wp","href":"https:\/\/api.w.org\/{rel}","templated":true}]}}