{"id":386275,"date":"2025-02-17T11:42:07","date_gmt":"2025-02-17T16:42:07","guid":{"rendered":"https:\/\/www.medellin.gov.co\/es\/?p=386275"},"modified":"2025-02-17T11:42:07","modified_gmt":"2025-02-17T16:42:07","slug":"la-alcaldia-de-medellin-invita-a-los-estudiantes-de-los-colegios-de-la-ciudad-a-participar-en-los-juegos-indercolegiados","status":"publish","type":"post","link":"https:\/\/www.medellin.gov.co\/es\/sala-de-prensa\/noticias\/la-alcaldia-de-medellin-invita-a-los-estudiantes-de-los-colegios-de-la-ciudad-a-participar-en-los-juegos-indercolegiados\/","title":{"rendered":"La Alcald\u00eda de Medell\u00edn invita a los estudiantes de los colegios de la ciudad a participar en los Juegos Indercolegiados"},"content":{"rendered":"<!--[if lt IE 9]><script>document.createElement('audio');<\/script><![endif]-->\n\t<div class=\"wp-playlist wp-audio-playlist wp-playlist-light\">\n\t\t\t<div class=\"wp-playlist-current-item\"><\/div>\n\t\t<audio controls=\"controls\" preload=\"none\" width=\"640\"\n\t\t\t><\/audio>\n\t<div class=\"wp-playlist-next\"><\/div>\n\t<div class=\"wp-playlist-prev\"><\/div>\n\t<noscript>\n\t<ol>\n\t\t<li><a href='https:\/\/www.medellin.gov.co\/es\/wp-content\/uploads\/2025\/02\/Juegos-Indercolegiados-01.mp3'>Palabras de Eduardo Silva Meluk, director del Inder<\/a><\/li>\t<\/ol>\n\t<\/noscript>\n\t<script type=\"application\/json\" class=\"wp-playlist-script\">{\"type\":\"audio\",\"tracklist\":true,\"tracknumbers\":true,\"images\":true,\"artists\":true,\"tracks\":[{\"src\":\"https:\\\/\\\/www.medellin.gov.co\\\/es\\\/wp-content\\\/uploads\\\/2025\\\/02\\\/Juegos-Indercolegiados-01.mp3\",\"type\":\"audio\\\/mpeg\",\"title\":\"Palabras de Eduardo Silva Meluk, director del Inder\",\"caption\":\"\",\"description\":\"\\u00abPalabras de Eduardo Silva Meluk, director del Inder\\u00bb.\",\"meta\":{\"length_formatted\":\"0:49\"},\"image\":{\"src\":\"https:\\\/\\\/www.medellin.gov.co\\\/es\\\/wp-includes\\\/images\\\/media\\\/audio.png\",\"width\":48,\"height\":64},\"thumb\":{\"src\":\"https:\\\/\\\/www.medellin.gov.co\\\/es\\\/wp-includes\\\/images\\\/media\\\/audio.png\",\"width\":48,\"height\":64}}]}<\/script>\n<\/div>\n\t\n<p>Las ni\u00f1as, ni\u00f1os y j\u00f3venes de 6 a 19 a\u00f1os, pertenecientes a las instituciones educativas de Medell\u00edn, podr\u00e1n inscribirse a los Juegos Indercolegiados a trav\u00e9s de la plataforma SIMON 2.0 hasta el martes 11 de marzo. All\u00ed, encontrar\u00e1n fechas claves y disciplinas disponibles. Las justas cuentan con festivales preparatorios antes de la etapa competitiva.<\/p>\n<p>Estos deportes se dividen en categor\u00edas por g\u00e9nero y edad, y tienen la posibilidad de generar clasificaci\u00f3n a los Juegos Escolares, organizados por Indeportes Antioquia.<\/p>\n<div id=\"attachment_386254\" style=\"width: 1290px\" class=\"wp-caption alignnone\"><a href=\"https:\/\/www.medellin.gov.co\/es\/wp-content\/uploads\/2025\/02\/Juegos-Indercolegiados-3.jpg\" target=\"_blank\" rel=\"noopener\"><img aria-describedby=\"caption-attachment-386254\" loading=\"lazy\" class=\"wp-image-386254 size-full\" title=\"La Alcald\u00eda de Medell\u00edn invita a los estudiantes de los colegios de la ciudad a participar en los Juegos Indercolegiados\" src=\"https:\/\/www.medellin.gov.co\/es\/wp-content\/uploads\/2025\/02\/Juegos-Indercolegiados-3.jpg\" alt=\"La Alcald\u00eda de Medell\u00edn invita a los estudiantes de los colegios de la ciudad a participar en los Juegos Indercolegiados\" width=\"1280\" height=\"947\" srcset=\"https:\/\/www.medellin.gov.co\/es\/wp-content\/uploads\/2025\/02\/Juegos-Indercolegiados-3.jpg 1280w, https:\/\/www.medellin.gov.co\/es\/wp-content\/uploads\/2025\/02\/Juegos-Indercolegiados-3-300x222.jpg 300w, https:\/\/www.medellin.gov.co\/es\/wp-content\/uploads\/2025\/02\/Juegos-Indercolegiados-3-1024x758.jpg 1024w, https:\/\/www.medellin.gov.co\/es\/wp-content\/uploads\/2025\/02\/Juegos-Indercolegiados-3-150x111.jpg 150w, https:\/\/www.medellin.gov.co\/es\/wp-content\/uploads\/2025\/02\/Juegos-Indercolegiados-3-768x568.jpg 768w\" sizes=\"(max-width: 1280px) 100vw, 1280px\" \/><\/a><p id=\"caption-attachment-386254\" class=\"wp-caption-text\">La Alcald\u00eda de Medell\u00edn invita a los estudiantes de los colegios de la ciudad a participar en los Juegos Indercolegiados &#8211; Foto Alcald\u00eda de Medell\u00edn<\/p><\/div>\n<p>Esta propuesta incentiva a los alumnos a estar activos f\u00edsicamente en medio de sus jornadas acad\u00e9micas y fortalece la iniciativa de la Alcald\u00eda de Medell\u00edn en la que el nuevo actor del Gobierno Estudiantil, el l\u00edder SOYED (Soy Educaci\u00f3n y Deporte), impulsa la recreaci\u00f3n, la actividad f\u00edsica y el deporte en los colegios.<\/p>\n<p>La estrategia Juegos del Sector Educativo se compone de tres l\u00edneas: Juegos Indercolegiados, Juegos Intercolegiados y Juegos Universitarios.<\/p>\n","protected":false},"excerpt":{"rendered":"<p>Las ni\u00f1as, ni\u00f1os y j\u00f3venes de 6 a 19 a\u00f1os, pertenecientes a las instituciones educativas de Medell\u00edn, podr\u00e1n inscribirse a los Juegos Indercolegiados a trav\u00e9s de la plataforma SIMON 2.0 hasta el martes 11 de &#8230;<\/p>\n","protected":false},"author":21,"featured_media":386251,"comment_status":"open","ping_status":"open","sticky":false,"template":"","format":"standard","meta":[],"categories":[17],"tags":[634,689],"formato_nota":[],"programas_tax":[],"acf":[],"_links":{"self":[{"href":"https:\/\/www.medellin.gov.co\/es\/wp-json\/wp\/v2\/posts\/386275"}],"collection":[{"href":"https:\/\/www.medellin.gov.co\/es\/wp-json\/wp\/v2\/posts"}],"about":[{"href":"https:\/\/www.medellin.gov.co\/es\/wp-json\/wp\/v2\/types\/post"}],"author":[{"embeddable":true,"href":"https:\/\/www.medellin.gov.co\/es\/wp-json\/wp\/v2\/users\/21"}],"replies":[{"embeddable":true,"href":"https:\/\/www.medellin.gov.co\/es\/wp-json\/wp\/v2\/comments?post=386275"}],"version-history":[{"count":1,"href":"https:\/\/www.medellin.gov.co\/es\/wp-json\/wp\/v2\/posts\/386275\/revisions"}],"predecessor-version":[{"id":386277,"href":"https:\/\/www.medellin.gov.co\/es\/wp-json\/wp\/v2\/posts\/386275\/revisions\/386277"}],"wp:featuredmedia":[{"embeddable":true,"href":"https:\/\/www.medellin.gov.co\/es\/wp-json\/wp\/v2\/media\/386251"}],"wp:attachment":[{"href":"https:\/\/www.medellin.gov.co\/es\/wp-json\/wp\/v2\/media?parent=386275"}],"wp:term":[{"taxonomy":"category","embeddable":true,"href":"https:\/\/www.medellin.gov.co\/es\/wp-json\/wp\/v2\/categories?post=386275"},{"taxonomy":"post_tag","embeddable":true,"href":"https:\/\/www.medellin.gov.co\/es\/wp-json\/wp\/v2\/tags?post=386275"},{"taxonomy":"formato_nota","embeddable":true,"href":"https:\/\/www.medellin.gov.co\/es\/wp-json\/wp\/v2\/formato_nota?post=386275"},{"taxonomy":"programas_tax","embeddable":true,"href":"https:\/\/www.medellin.gov.co\/es\/wp-json\/wp\/v2\/programas_tax?post=386275"}],"curies":[{"name":"wp","href":"https:\/\/api.w.org\/{rel}","templated":true}]}}