{"id":387000,"date":"2025-02-21T18:00:03","date_gmt":"2025-02-21T23:00:03","guid":{"rendered":"https:\/\/www.medellin.gov.co\/es\/?p=387000"},"modified":"2025-02-24T16:44:07","modified_gmt":"2025-02-24T21:44:07","slug":"viaje-a-la-historia-de-luz-conductora-de-buses-del-metro-de-medellin","status":"publish","type":"post","link":"https:\/\/www.medellin.gov.co\/es\/sala-de-prensa\/noticias\/viaje-a-la-historia-de-luz-conductora-de-buses-del-metro-de-medellin\/","title":{"rendered":"Viaje a la historia de Luz, conductora de buses del Metro de Medell\u00edn"},"content":{"rendered":"<blockquote><p><em>La Instituci\u00f3n Universitaria Pascual Bravo<\/em><em>, establecimiento p\u00fablico del Distrito de Medell\u00edn, fue premiada por la Red de Educaci\u00f3n Continua de Latinoam\u00e9rica y Europa (RECLA) por la formaci\u00f3n de los operarios de buses de las l\u00edneas uno, dos y la O del Metro. Luz Posada integra el equipo de operarios de buses.<\/em><\/p><\/blockquote>\n<p>En una hora pico, un bus articulado transita por la <a href=\"https:\/\/www.metrodemedellin.gov.co\/usuarios\/sistema-integrado\/linea-1\" target=\"_blank\" rel=\"noopener\">l\u00ednea 1 del Metro de Medell\u00edn<\/a> con m\u00e1s de 150 pasajeros. Recorre 12,5 kil\u00f3metros en un solo trayecto entre las estaciones <a href=\"https:\/\/udemedellin.edu.co\/\" target=\"_blank\" rel=\"noopener\">Universidad de Medell\u00edn<\/a> y parque Aranjuez. En las estaciones unos se bajan y otros abordan, en medio del agite por llegar a casa o al lugar de trabajo o estudio. Al frente del tim\u00f3n va ella sonriente, amable y con una flor en su pelo rubio. Es la conductora Luz Albina Posada Moreno.<\/p>\n\n\t\t<style type=\"text\/css\">\n\t\t\t#gallery-1 {\n\t\t\t\tmargin: auto;\n\t\t\t}\n\t\t\t#gallery-1 .gallery-item {\n\t\t\t\tfloat: left;\n\t\t\t\tmargin-top: 10px;\n\t\t\t\ttext-align: center;\n\t\t\t\twidth: 50%;\n\t\t\t}\n\t\t\t#gallery-1 img {\n\t\t\t\tborder: 2px solid #cfcfcf;\n\t\t\t}\n\t\t\t#gallery-1 .gallery-caption {\n\t\t\t\tmargin-left: 0;\n\t\t\t}\n\t\t\t\/* see gallery_shortcode() in wp-includes\/media.php *\/\n\t\t<\/style>\n\t\t<div id='gallery-1' class='gallery galleryid-387000 gallery-columns-2 gallery-size-full'><dl class='gallery-item'>\n\t\t\t<dt class='gallery-icon landscape'>\n\t\t\t\t<a href='https:\/\/www.medellin.gov.co\/es\/sala-de-prensa\/noticias\/viaje-a-la-historia-de-luz-conductora-de-buses-del-metro-de-medellin\/curva\/'><img width=\"1024\" height=\"768\" src=\"https:\/\/www.medellin.gov.co\/es\/wp-content\/uploads\/2025\/02\/CURVA.jpg\" class=\"attachment-full size-full\" alt=\"Luz Posada manejando bus\" loading=\"lazy\" aria-describedby=\"gallery-1-387014\" srcset=\"https:\/\/www.medellin.gov.co\/es\/wp-content\/uploads\/2025\/02\/CURVA.jpg 1024w, https:\/\/www.medellin.gov.co\/es\/wp-content\/uploads\/2025\/02\/CURVA-300x225.jpg 300w, https:\/\/www.medellin.gov.co\/es\/wp-content\/uploads\/2025\/02\/CURVA-150x113.jpg 150w, https:\/\/www.medellin.gov.co\/es\/wp-content\/uploads\/2025\/02\/CURVA-768x576.jpg 768w\" sizes=\"(max-width: 1024px) 100vw, 1024px\" \/><\/a>\n\t\t\t<\/dt>\n\t\t\t\t<dd class='wp-caption-text gallery-caption' id='gallery-1-387014'>\n\t\t\t\tLuz Posada conduce buses del Metro de Medell\u00edn desde hace ocho a\u00f1os.\n\t\t\t\t<\/dd><\/dl><dl class='gallery-item'>\n\t\t\t<dt class='gallery-icon landscape'>\n\t\t\t\t<a href='https:\/\/www.medellin.gov.co\/es\/sala-de-prensa\/noticias\/viaje-a-la-historia-de-luz-conductora-de-buses-del-metro-de-medellin\/ventana\/'><img width=\"1024\" height=\"811\" src=\"https:\/\/www.medellin.gov.co\/es\/wp-content\/uploads\/2025\/02\/VENTANA.jpg\" class=\"attachment-full size-full\" alt=\"Foto de la ventana del bus que maneja Luz Posada\" loading=\"lazy\" srcset=\"https:\/\/www.medellin.gov.co\/es\/wp-content\/uploads\/2025\/02\/VENTANA.jpg 1024w, https:\/\/www.medellin.gov.co\/es\/wp-content\/uploads\/2025\/02\/VENTANA-300x238.jpg 300w, https:\/\/www.medellin.gov.co\/es\/wp-content\/uploads\/2025\/02\/VENTANA-150x119.jpg 150w, https:\/\/www.medellin.gov.co\/es\/wp-content\/uploads\/2025\/02\/VENTANA-768x608.jpg 768w\" sizes=\"(max-width: 1024px) 100vw, 1024px\" \/><\/a>\n\t\t\t<\/dt><\/dl><br style=\"clear: both\" \/>\n\t\t<\/div>\n\n<p>&nbsp;<\/p>\n<p>En las l\u00edneas uno, dos y O del Metro trabajan 300 conductores. Los operarios de buses, como los llaman en el sistema de transporte, son contratados mediante la Fundaci\u00f3n Pascual Bravo. La Instituci\u00f3n Universitaria Pascual Bravo, establecimiento p\u00fablico del <a href=\"https:\/\/www.medellin.gov.co\/es\/preve-nota\/distrito-especial-de-ciencia-tecnologia-e-innovacion-de-medellin\/\" target=\"_blank\" rel=\"noopener\">Distrito de Medell\u00edn<\/a>, fue premiada en Lima (Per\u00fa) por la Red de Educaci\u00f3n Continua de Latinoam\u00e9rica y Europa (RECLA), en la categor\u00eda Articulaci\u00f3n Universidad Empresa: In Company, por la formaci\u00f3n de los operarios de buses, tarea que ejecuta desde hace 12 a\u00f1os.<\/p>\n\n\t\t<style type=\"text\/css\">\n\t\t\t#gallery-2 {\n\t\t\t\tmargin: auto;\n\t\t\t}\n\t\t\t#gallery-2 .gallery-item {\n\t\t\t\tfloat: left;\n\t\t\t\tmargin-top: 10px;\n\t\t\t\ttext-align: center;\n\t\t\t\twidth: 50%;\n\t\t\t}\n\t\t\t#gallery-2 img {\n\t\t\t\tborder: 2px solid #cfcfcf;\n\t\t\t}\n\t\t\t#gallery-2 .gallery-caption {\n\t\t\t\tmargin-left: 0;\n\t\t\t}\n\t\t\t\/* see gallery_shortcode() in wp-includes\/media.php *\/\n\t\t<\/style>\n\t\t<div id='gallery-2' class='gallery galleryid-387000 gallery-columns-2 gallery-size-full'><dl class='gallery-item'>\n\t\t\t<dt class='gallery-icon landscape'>\n\t\t\t\t<a href='https:\/\/www.medellin.gov.co\/es\/sala-de-prensa\/noticias\/viaje-a-la-historia-de-luz-conductora-de-buses-del-metro-de-medellin\/foto-de-luz-posada-en-el-pascual\/'><img width=\"1024\" height=\"768\" src=\"https:\/\/www.medellin.gov.co\/es\/wp-content\/uploads\/2025\/02\/Foto-de-Luz-Posada-en-el-Pascual.jpg\" class=\"attachment-full size-full\" alt=\"Foto de Luz Posada en el Pascual\" loading=\"lazy\" aria-describedby=\"gallery-2-387096\" srcset=\"https:\/\/www.medellin.gov.co\/es\/wp-content\/uploads\/2025\/02\/Foto-de-Luz-Posada-en-el-Pascual.jpg 1024w, https:\/\/www.medellin.gov.co\/es\/wp-content\/uploads\/2025\/02\/Foto-de-Luz-Posada-en-el-Pascual-300x225.jpg 300w, https:\/\/www.medellin.gov.co\/es\/wp-content\/uploads\/2025\/02\/Foto-de-Luz-Posada-en-el-Pascual-150x113.jpg 150w, https:\/\/www.medellin.gov.co\/es\/wp-content\/uploads\/2025\/02\/Foto-de-Luz-Posada-en-el-Pascual-768x576.jpg 768w\" sizes=\"(max-width: 1024px) 100vw, 1024px\" \/><\/a>\n\t\t\t<\/dt>\n\t\t\t\t<dd class='wp-caption-text gallery-caption' id='gallery-2-387096'>\n\t\t\t\tLuz Posada en la Instituci\u00f3n Universitaria Pascual Bravo.\n\t\t\t\t<\/dd><\/dl><dl class='gallery-item'>\n\t\t\t<dt class='gallery-icon landscape'>\n\t\t\t\t<a href='https:\/\/www.medellin.gov.co\/es\/sala-de-prensa\/noticias\/viaje-a-la-historia-de-luz-conductora-de-buses-del-metro-de-medellin\/porteria\/'><img width=\"1024\" height=\"768\" src=\"https:\/\/www.medellin.gov.co\/es\/wp-content\/uploads\/2025\/02\/PORTERIA.jpg\" class=\"attachment-full size-full\" alt=\"Luz Posada en la porter\u00eda del Pascual bravo\" loading=\"lazy\" srcset=\"https:\/\/www.medellin.gov.co\/es\/wp-content\/uploads\/2025\/02\/PORTERIA.jpg 1024w, https:\/\/www.medellin.gov.co\/es\/wp-content\/uploads\/2025\/02\/PORTERIA-300x225.jpg 300w, https:\/\/www.medellin.gov.co\/es\/wp-content\/uploads\/2025\/02\/PORTERIA-150x113.jpg 150w, https:\/\/www.medellin.gov.co\/es\/wp-content\/uploads\/2025\/02\/PORTERIA-768x576.jpg 768w\" sizes=\"(max-width: 1024px) 100vw, 1024px\" \/><\/a>\n\t\t\t<\/dt><\/dl><br style=\"clear: both\" \/>\n\t\t<\/div>\n\n<p>La candidatura de la <a href=\"https:\/\/pascualbravo.edu.co\/\" target=\"_blank\" rel=\"noopener\">I.U. Pascual Bravo<\/a> fue presentada en la edici\u00f3n 13 del Encuentro Regional RECLA, celebrado en El Salvador en junio de 2024, donde se postularon nueve instituciones de Colombia, M\u00e9xico, Ecuador y Espa\u00f1a.<\/p>\n<p>En el equipo de operarios de buses hay tres mujeres. Una de ellas es Luz Posada, quien trabaja como conductora de los buses del <a href=\"https:\/\/www.metrodemedellin.gov.co\/\" target=\"_blank\" rel=\"noopener\">Metro<\/a> desde hace ocho a\u00f1os.<\/p>\n<div id=\"attachment_387008\" style=\"width: 1034px\" class=\"wp-caption alignnone\"><img aria-describedby=\"caption-attachment-387008\" loading=\"lazy\" class=\"size-full wp-image-387008\" src=\"https:\/\/www.medellin.gov.co\/es\/wp-content\/uploads\/2025\/02\/Foto-de-Luz-Posada-y-su-companero.jpg\" alt=\"Foto de Luz Posada y su compa\u00f1ero \u00c1ngelo Mej\u00eda\" width=\"1024\" height=\"768\" srcset=\"https:\/\/www.medellin.gov.co\/es\/wp-content\/uploads\/2025\/02\/Foto-de-Luz-Posada-y-su-companero.jpg 1024w, https:\/\/www.medellin.gov.co\/es\/wp-content\/uploads\/2025\/02\/Foto-de-Luz-Posada-y-su-companero-300x225.jpg 300w, https:\/\/www.medellin.gov.co\/es\/wp-content\/uploads\/2025\/02\/Foto-de-Luz-Posada-y-su-companero-150x113.jpg 150w, https:\/\/www.medellin.gov.co\/es\/wp-content\/uploads\/2025\/02\/Foto-de-Luz-Posada-y-su-companero-768x576.jpg 768w\" sizes=\"(max-width: 1024px) 100vw, 1024px\" \/><p id=\"caption-attachment-387008\" class=\"wp-caption-text\">Luz Posada con su compa\u00f1ero de trabajo \u00c1ngelo Mej\u00eda, tambi\u00e9n operario de bus.<\/p><\/div>\n<h4><strong>Desde los 18<\/strong><\/h4>\n<p>Luz es antioque\u00f1a. Naci\u00f3 en Anz\u00e1, Occidente del departamento, y se crio en Ciudad Bol\u00edvar, Suroeste antioque\u00f1o. Es hija de Elda Moreno y Antonio Posada. Tiene seis hermanos y una hija, Laura Arcila, que se desempe\u00f1a como contadora p\u00fablica. El pap\u00e1 de Laura conduc\u00eda un bus, a Luz le gustaron los carros y se encamin\u00f3 hacia este oficio.<\/p>\n<div id=\"attachment_387027\" style=\"width: 1034px\" class=\"wp-caption alignnone\"><img aria-describedby=\"caption-attachment-387027\" loading=\"lazy\" class=\"size-full wp-image-387027\" src=\"https:\/\/www.medellin.gov.co\/es\/wp-content\/uploads\/2025\/02\/Foto-de-Luz-Posada-y-su-bus-de-la-linea-0.jpg\" alt=\"Foto de Luz Posada y su bus de la l\u00ednea 0\" width=\"1024\" height=\"768\" srcset=\"https:\/\/www.medellin.gov.co\/es\/wp-content\/uploads\/2025\/02\/Foto-de-Luz-Posada-y-su-bus-de-la-linea-0.jpg 1024w, https:\/\/www.medellin.gov.co\/es\/wp-content\/uploads\/2025\/02\/Foto-de-Luz-Posada-y-su-bus-de-la-linea-0-300x225.jpg 300w, https:\/\/www.medellin.gov.co\/es\/wp-content\/uploads\/2025\/02\/Foto-de-Luz-Posada-y-su-bus-de-la-linea-0-150x113.jpg 150w, https:\/\/www.medellin.gov.co\/es\/wp-content\/uploads\/2025\/02\/Foto-de-Luz-Posada-y-su-bus-de-la-linea-0-768x576.jpg 768w\" sizes=\"(max-width: 1024px) 100vw, 1024px\" \/><p id=\"caption-attachment-387027\" class=\"wp-caption-text\">Luz dice que lleva \u201cuna vida sobre ruedas\u201d, porque conduce bus y moto y le gusta patinar.<\/p><\/div>\n<p>Luz conduce bus desde que ten\u00eda 18 a\u00f1os. Trabaj\u00f3 en una empresa transportadora de pasajeros en Urab\u00e1 y C\u00f3rdoba y luego en Boyac\u00e1 en otra compa\u00f1\u00eda, en la que transport\u00f3 al personal interno.<\/p>\n<p>En 2016 Laura iba a empezar a estudiar la carrera universitaria. Por eso, ella y su madre se radicaron en Medell\u00edn. Estando en la capital antioque\u00f1a, Luz escuch\u00f3 por radio una convocatoria para trabajar en los buses del Metro y present\u00f3 su hoja de vida en el Pascual Bravo.<\/p>\n<div id=\"attachment_387018\" style=\"width: 1034px\" class=\"wp-caption alignnone\"><img aria-describedby=\"caption-attachment-387018\" loading=\"lazy\" class=\"size-full wp-image-387018\" src=\"https:\/\/www.medellin.gov.co\/es\/wp-content\/uploads\/2025\/02\/Foto-de-Luz-Posada-en-el-bloque-24.jpg\" alt=\"Foto de Luz Posada en el bloque 24\" width=\"1024\" height=\"768\" srcset=\"https:\/\/www.medellin.gov.co\/es\/wp-content\/uploads\/2025\/02\/Foto-de-Luz-Posada-en-el-bloque-24.jpg 1024w, https:\/\/www.medellin.gov.co\/es\/wp-content\/uploads\/2025\/02\/Foto-de-Luz-Posada-en-el-bloque-24-300x225.jpg 300w, https:\/\/www.medellin.gov.co\/es\/wp-content\/uploads\/2025\/02\/Foto-de-Luz-Posada-en-el-bloque-24-150x113.jpg 150w, https:\/\/www.medellin.gov.co\/es\/wp-content\/uploads\/2025\/02\/Foto-de-Luz-Posada-en-el-bloque-24-768x576.jpg 768w\" sizes=\"(max-width: 1024px) 100vw, 1024px\" \/><p id=\"caption-attachment-387018\" class=\"wp-caption-text\">La operaria de bus Luz Posada, en la Instituci\u00f3n Universitaria Pascual Bravo.<\/p><\/div>\n<h4><strong>La formaci\u00f3n<\/strong><\/h4>\n<p>Por parte del Pascual Bravo, Natalia Catalina Grisales Jaramillo es la coordinadora del contrato suscrito con el Metro. Natalia detalla la formaci\u00f3n que reciben los operarios de buses, proceso por el que la Instituci\u00f3n Universitaria Pascual Bravo recibi\u00f3 el premio de RECLA: <em>\u201cEl proceso de selecci\u00f3n busca los mejores candidatos para, posteriormente, tener una vinculaci\u00f3n. Se requiere que sean, m\u00ednimo, bachilleres; licencia C2 para conducir bus padr\u00f3n <\/em>(con capacidad para 80 o 90 pasajeros)<em> y C3 para articulado <\/em>(con capacidad para 154 usuarios)<em>\u201d.<\/em><\/p>\n<div id=\"attachment_387100\" style=\"width: 1034px\" class=\"wp-caption alignnone\"><img aria-describedby=\"caption-attachment-387100\" loading=\"lazy\" class=\"size-full wp-image-387100\" src=\"https:\/\/www.medellin.gov.co\/es\/wp-content\/uploads\/2025\/02\/NATALIA.jpg\" alt=\"Foto de Natalia Grisales es la coordinadora del contrato suscrito con el Metro.\" width=\"1024\" height=\"768\" srcset=\"https:\/\/www.medellin.gov.co\/es\/wp-content\/uploads\/2025\/02\/NATALIA.jpg 1024w, https:\/\/www.medellin.gov.co\/es\/wp-content\/uploads\/2025\/02\/NATALIA-300x225.jpg 300w, https:\/\/www.medellin.gov.co\/es\/wp-content\/uploads\/2025\/02\/NATALIA-150x113.jpg 150w, https:\/\/www.medellin.gov.co\/es\/wp-content\/uploads\/2025\/02\/NATALIA-768x576.jpg 768w\" sizes=\"(max-width: 1024px) 100vw, 1024px\" \/><p id=\"caption-attachment-387100\" class=\"wp-caption-text\">Por parte del Pascual Bravo, Natalia Grisales es la coordinadora del contrato suscrito con el Metro.<\/p><\/div>\n<p>Natalia explica que les exigen una experiencia de dos a\u00f1os conduciendo veh\u00edculos pesados, como gr\u00faa, tractocami\u00f3n o bus. Revisan documentos de antecedentes legales, les hacen una prueba te\u00f3rica de 50 preguntas sobre el C\u00f3digo Nacional de Tr\u00e1nsito, una de habilidad en patios del Metro y ex\u00e1menes m\u00e9dicos y psicol\u00f3gicos.<\/p>\n<p>Luego del proceso de selecci\u00f3n, la formaci\u00f3n dura dos meses para los conductores de licencia C2, que pueden conducir solo buses padrones, y tres meses para los de C3, que pueden conducir padrones y articulados. En la capacitaci\u00f3n participan instructores de la Instituci\u00f3n Universitaria Pascual Bravo y del Metro. Incluye aspectos generales de los buses y de las l\u00edneas uno, dos y O, protocolos operativos, estudio de los respectivos manuales del servicio de transporte (MST) del Metro, Cultura Metro y servicio al cliente.<\/p>\n<div id=\"attachment_387021\" style=\"width: 1034px\" class=\"wp-caption alignnone\"><img aria-describedby=\"caption-attachment-387021\" loading=\"lazy\" class=\"size-full wp-image-387021\" src=\"https:\/\/www.medellin.gov.co\/es\/wp-content\/uploads\/2025\/02\/Foto-del-equipo-del-Metro.jpg\" alt=\"Foto del equipo del Metro\" width=\"1024\" height=\"768\" srcset=\"https:\/\/www.medellin.gov.co\/es\/wp-content\/uploads\/2025\/02\/Foto-del-equipo-del-Metro.jpg 1024w, https:\/\/www.medellin.gov.co\/es\/wp-content\/uploads\/2025\/02\/Foto-del-equipo-del-Metro-300x225.jpg 300w, https:\/\/www.medellin.gov.co\/es\/wp-content\/uploads\/2025\/02\/Foto-del-equipo-del-Metro-150x113.jpg 150w, https:\/\/www.medellin.gov.co\/es\/wp-content\/uploads\/2025\/02\/Foto-del-equipo-del-Metro-768x576.jpg 768w\" sizes=\"(max-width: 1024px) 100vw, 1024px\" \/><p id=\"caption-attachment-387021\" class=\"wp-caption-text\">Parte del equipo del Pascual Bravo que trabaja con los buses del Metro de Medell\u00edn.<\/p><\/div>\n<p>Y les brindan formaci\u00f3n pr\u00e1ctica: alistamiento preoperacional del veh\u00edculo, c\u00f3mo hacer reportes, operaci\u00f3n sin usuarios, plan padrino en el que un operario antiguo acompa\u00f1a al nuevo en su labor con usuarios por una semana y, finalmente, la instituci\u00f3n universitaria los certifica. La formaci\u00f3n dura de 350 a 460 horas y pasan a la Fundaci\u00f3n Pascual Bravo, que los contrata. En el equipo de la fundaci\u00f3n, adem\u00e1s de operarios, hay maniobristas y coordinadores de buses. Contando los tres roles son 354 personas.<\/p>\n<div id=\"attachment_387023\" style=\"width: 1034px\" class=\"wp-caption alignnone\"><img aria-describedby=\"caption-attachment-387023\" loading=\"lazy\" class=\"size-full wp-image-387023\" src=\"https:\/\/www.medellin.gov.co\/es\/wp-content\/uploads\/2025\/02\/ALISTAMIENTO.jpg\" alt=\"Luz Posada alist\u00e1ndose para prestar servicio en uno de los buses articulados del Metro de Medell\u00edn.\" width=\"1024\" height=\"768\" srcset=\"https:\/\/www.medellin.gov.co\/es\/wp-content\/uploads\/2025\/02\/ALISTAMIENTO.jpg 1024w, https:\/\/www.medellin.gov.co\/es\/wp-content\/uploads\/2025\/02\/ALISTAMIENTO-300x225.jpg 300w, https:\/\/www.medellin.gov.co\/es\/wp-content\/uploads\/2025\/02\/ALISTAMIENTO-150x113.jpg 150w, https:\/\/www.medellin.gov.co\/es\/wp-content\/uploads\/2025\/02\/ALISTAMIENTO-768x576.jpg 768w\" sizes=\"(max-width: 1024px) 100vw, 1024px\" \/><p id=\"caption-attachment-387023\" class=\"wp-caption-text\">Luz Posada alist\u00e1ndose para prestar servicio en uno de los buses articulados del Metro de Medell\u00edn.<\/p><\/div>\n<h4><strong>\u201cVida sobre ruedas\u201d<\/strong><\/h4>\n<p>Luz pas\u00f3 por este proceso y empez\u00f3 a transportar usuarios del Metro en buses articulados y padrones por las l\u00edneas uno y dos. Ambas cubren entre Universidad de Medell\u00edn y parque Aranjuez; la uno pasa por la avenida del Ferrocarril, en tanto que la dos va por la avenida Oriental.<\/p>\n\n\t\t<style type=\"text\/css\">\n\t\t\t#gallery-3 {\n\t\t\t\tmargin: auto;\n\t\t\t}\n\t\t\t#gallery-3 .gallery-item {\n\t\t\t\tfloat: left;\n\t\t\t\tmargin-top: 10px;\n\t\t\t\ttext-align: center;\n\t\t\t\twidth: 50%;\n\t\t\t}\n\t\t\t#gallery-3 img {\n\t\t\t\tborder: 2px solid #cfcfcf;\n\t\t\t}\n\t\t\t#gallery-3 .gallery-caption {\n\t\t\t\tmargin-left: 0;\n\t\t\t}\n\t\t\t\/* see gallery_shortcode() in wp-includes\/media.php *\/\n\t\t<\/style>\n\t\t<div id='gallery-3' class='gallery galleryid-387000 gallery-columns-2 gallery-size-full'><dl class='gallery-item'>\n\t\t\t<dt class='gallery-icon landscape'>\n\t\t\t\t<a href='https:\/\/www.medellin.gov.co\/es\/sala-de-prensa\/noticias\/viaje-a-la-historia-de-luz-conductora-de-buses-del-metro-de-medellin\/foto-de-buses-del-metro\/'><img width=\"1024\" height=\"768\" src=\"https:\/\/www.medellin.gov.co\/es\/wp-content\/uploads\/2025\/02\/Foto-de-buses-del-Metro.jpg\" class=\"attachment-full size-full\" alt=\"Foto de buses del Metro\" loading=\"lazy\" aria-describedby=\"gallery-3-387024\" srcset=\"https:\/\/www.medellin.gov.co\/es\/wp-content\/uploads\/2025\/02\/Foto-de-buses-del-Metro.jpg 1024w, https:\/\/www.medellin.gov.co\/es\/wp-content\/uploads\/2025\/02\/Foto-de-buses-del-Metro-300x225.jpg 300w, https:\/\/www.medellin.gov.co\/es\/wp-content\/uploads\/2025\/02\/Foto-de-buses-del-Metro-150x113.jpg 150w, https:\/\/www.medellin.gov.co\/es\/wp-content\/uploads\/2025\/02\/Foto-de-buses-del-Metro-768x576.jpg 768w\" sizes=\"(max-width: 1024px) 100vw, 1024px\" \/><\/a>\n\t\t\t<\/dt>\n\t\t\t\t<dd class='wp-caption-text gallery-caption' id='gallery-3-387024'>\n\t\t\t\tLas l\u00edneas de buses del Metro de Medell\u00edn son la O (Caribe \u2013 La Palma), la uno (U. de M. \u2013 parque Aranjuez, por la avenida del Ferrocarril) y la \u00a0dos (U. de M. \u2013 parque Aranjuez, por la avenida Oriental).\n\t\t\t\t<\/dd><\/dl><dl class='gallery-item'>\n\t\t\t<dt class='gallery-icon landscape'>\n\t\t\t\t<a href='https:\/\/www.medellin.gov.co\/es\/sala-de-prensa\/noticias\/viaje-a-la-historia-de-luz-conductora-de-buses-del-metro-de-medellin\/foto-del-bus-de-la-linea-0\/'><img width=\"1024\" height=\"768\" src=\"https:\/\/www.medellin.gov.co\/es\/wp-content\/uploads\/2025\/02\/Foto-del-bus-de-la-linea-0.jpg\" class=\"attachment-full size-full\" alt=\"Bus del Metro de la L\u00ednea 0\" loading=\"lazy\" srcset=\"https:\/\/www.medellin.gov.co\/es\/wp-content\/uploads\/2025\/02\/Foto-del-bus-de-la-linea-0.jpg 1024w, https:\/\/www.medellin.gov.co\/es\/wp-content\/uploads\/2025\/02\/Foto-del-bus-de-la-linea-0-300x225.jpg 300w, https:\/\/www.medellin.gov.co\/es\/wp-content\/uploads\/2025\/02\/Foto-del-bus-de-la-linea-0-150x113.jpg 150w, https:\/\/www.medellin.gov.co\/es\/wp-content\/uploads\/2025\/02\/Foto-del-bus-de-la-linea-0-768x576.jpg 768w\" sizes=\"(max-width: 1024px) 100vw, 1024px\" \/><\/a>\n\t\t\t<\/dt><\/dl><br style=\"clear: both\" \/>\n\t\t<\/div>\n\n<p>Cuando viaj\u00f3 con su hija para vivir en Medell\u00edn no conoc\u00eda la ciudad. <em>\u201cLlegu\u00e9 con una mano adelante y la otra atr\u00e1s\u201d,<\/em> recuerda Luz y cuenta que ahora, a sus 41 a\u00f1os, tiene casa en el corregimiento San Crist\u00f3bal y moto.<\/p>\n<p><em>\u201cLa m\u00eda ha sido una vida sobre ruedas\u201d,<\/em> apunta. Se refiere a que, adem\u00e1s de que trabaja como conductora de bus, se mueve a diario en moto y patina unas tres veces por semana. Transporta a, por lo menos, mil personas en cada jornada y nunca ha tenido un accidente de tr\u00e1nsito en un carro, ni en su labor ni por fuera de ella.<\/p>\n<div id=\"attachment_387029\" style=\"width: 1034px\" class=\"wp-caption alignnone\"><img aria-describedby=\"caption-attachment-387029\" loading=\"lazy\" class=\"size-full wp-image-387029\" src=\"https:\/\/www.medellin.gov.co\/es\/wp-content\/uploads\/2025\/02\/Foto-de-Luz-Posada-en-una-estacion.jpg\" alt=\"Foto de Luz Posada en una estaci\u00f3n\" width=\"1024\" height=\"768\" srcset=\"https:\/\/www.medellin.gov.co\/es\/wp-content\/uploads\/2025\/02\/Foto-de-Luz-Posada-en-una-estacion.jpg 1024w, https:\/\/www.medellin.gov.co\/es\/wp-content\/uploads\/2025\/02\/Foto-de-Luz-Posada-en-una-estacion-300x225.jpg 300w, https:\/\/www.medellin.gov.co\/es\/wp-content\/uploads\/2025\/02\/Foto-de-Luz-Posada-en-una-estacion-150x113.jpg 150w, https:\/\/www.medellin.gov.co\/es\/wp-content\/uploads\/2025\/02\/Foto-de-Luz-Posada-en-una-estacion-768x576.jpg 768w\" sizes=\"(max-width: 1024px) 100vw, 1024px\" \/><p id=\"caption-attachment-387029\" class=\"wp-caption-text\">Luz Posada en la estaci\u00f3n U. de M. de las l\u00edneas uno y dos del Metro de Medell\u00edn.<\/p><\/div>\n<h4><strong>Quiere terminar la ingenier\u00eda<\/strong><\/h4>\n<p>Normalmente, madruga, hace ejercicio, patina, ejecuta tareas dom\u00e9sticas, trabaja y saca un rato para estudiar. Descansa los domingos y festivos.<\/p>\n<p>Curs\u00f3 varios semestres para ser profesora de escuela, aunque no termin\u00f3 la carrera. Es tecn\u00f3loga en log\u00edstica de transporte y t\u00e9cnica en tr\u00e1nsito y transporte. En 2023 empez\u00f3 ingenier\u00eda industrial, la par\u00f3 por temas econ\u00f3micos, pero la quiere culminar.<\/p>\n<div id=\"attachment_387032\" style=\"width: 1034px\" class=\"wp-caption alignnone\"><img aria-describedby=\"caption-attachment-387032\" loading=\"lazy\" class=\"size-full wp-image-387032\" src=\"https:\/\/www.medellin.gov.co\/es\/wp-content\/uploads\/2025\/02\/Foto-de-Luz-Posada-en-la-biblioteca.jpg\" alt=\"Foto de Luz Posada en la biblioteca\" width=\"1024\" height=\"768\" srcset=\"https:\/\/www.medellin.gov.co\/es\/wp-content\/uploads\/2025\/02\/Foto-de-Luz-Posada-en-la-biblioteca.jpg 1024w, https:\/\/www.medellin.gov.co\/es\/wp-content\/uploads\/2025\/02\/Foto-de-Luz-Posada-en-la-biblioteca-300x225.jpg 300w, https:\/\/www.medellin.gov.co\/es\/wp-content\/uploads\/2025\/02\/Foto-de-Luz-Posada-en-la-biblioteca-150x113.jpg 150w, https:\/\/www.medellin.gov.co\/es\/wp-content\/uploads\/2025\/02\/Foto-de-Luz-Posada-en-la-biblioteca-768x576.jpg 768w\" sizes=\"(max-width: 1024px) 100vw, 1024px\" \/><p id=\"caption-attachment-387032\" class=\"wp-caption-text\">Luz Posada en la biblioteca de la Instituci\u00f3n Universitaria Pascual Bravo.<\/p><\/div>\n<p><strong>\u00bfQu\u00e9 es lo m\u00e1s gratificante de su trabajo?<\/strong><\/p>\n<p>&#8211; El d\u00eda a d\u00eda, la interacci\u00f3n con la calle, con los usuarios, es una labor que implica poner mucha atenci\u00f3n en el presente. Poderle aportar un granito de arena a la ciudad, a la gente. Cuando uno llega a una parada y la gente se baja con af\u00e1n, uno dice: les aport\u00e9 un poquito de recorrido.<\/p>\n<p><strong>\u00bfEn las v\u00edas la han maltratado por ser mujer?<\/strong><\/p>\n<p>-No.<\/p>\n<div id=\"attachment_387034\" style=\"width: 1034px\" class=\"wp-caption alignnone\"><img aria-describedby=\"caption-attachment-387034\" loading=\"lazy\" class=\"size-full wp-image-387034\" src=\"https:\/\/www.medellin.gov.co\/es\/wp-content\/uploads\/2025\/02\/CONO.jpg\" alt=\"Luz Posada manejando bus desde los 18\" width=\"1024\" height=\"768\" srcset=\"https:\/\/www.medellin.gov.co\/es\/wp-content\/uploads\/2025\/02\/CONO.jpg 1024w, https:\/\/www.medellin.gov.co\/es\/wp-content\/uploads\/2025\/02\/CONO-300x225.jpg 300w, https:\/\/www.medellin.gov.co\/es\/wp-content\/uploads\/2025\/02\/CONO-150x113.jpg 150w, https:\/\/www.medellin.gov.co\/es\/wp-content\/uploads\/2025\/02\/CONO-768x576.jpg 768w\" sizes=\"(max-width: 1024px) 100vw, 1024px\" \/><p id=\"caption-attachment-387034\" class=\"wp-caption-text\">Luz Posada conduce los buses del Metro de Medell\u00edn desde hace ocho a\u00f1os.<\/p><\/div>\n<p><strong>Usted es de las pocas mujeres que conducen bus en Medell\u00edn. \u00bfQu\u00e9 significa esto para usted y qu\u00e9 mensaje les da a otras mujeres que quieran desempe\u00f1ar este oficio?<\/strong><\/p>\n<p>-Soy una mujer feminista, trato de representar muy bien a mi g\u00e9nero. Ojal\u00e1 se pudieran unir muchas. Amo mi labor, es vocaci\u00f3n, me siento orgullosa de pertenecer a este equipo. Feliz.<\/p>\n<p>Luz quiere seguir estudiando y ascender en el trabajo. Su experiencia y buen desempe\u00f1o la llevaron a ser evaluadora externa del <a href=\"https:\/\/www.sena.edu.co\/es-co\/Paginas\/default.aspx\" target=\"_blank\" rel=\"noopener\">SENA<\/a> en certificaci\u00f3n de competencias laborales de sus compa\u00f1eros conductores. D\u00eda a d\u00eda lleva a cientos de ciudadanos a sus destinos, es parte de sus viajes, de sus historias.<\/p>\n<div id=\"attachment_387037\" style=\"width: 1034px\" class=\"wp-caption alignnone\"><img aria-describedby=\"caption-attachment-387037\" loading=\"lazy\" class=\"size-full wp-image-387037\" src=\"https:\/\/www.medellin.gov.co\/es\/wp-content\/uploads\/2025\/02\/Foto-de-Luz-Posada-con-fonde-de-flores.jpg\" alt=\"Foto de Luz Posada con fondo de flores\" width=\"1024\" height=\"768\" srcset=\"https:\/\/www.medellin.gov.co\/es\/wp-content\/uploads\/2025\/02\/Foto-de-Luz-Posada-con-fonde-de-flores.jpg 1024w, https:\/\/www.medellin.gov.co\/es\/wp-content\/uploads\/2025\/02\/Foto-de-Luz-Posada-con-fonde-de-flores-300x225.jpg 300w, https:\/\/www.medellin.gov.co\/es\/wp-content\/uploads\/2025\/02\/Foto-de-Luz-Posada-con-fonde-de-flores-150x113.jpg 150w, https:\/\/www.medellin.gov.co\/es\/wp-content\/uploads\/2025\/02\/Foto-de-Luz-Posada-con-fonde-de-flores-768x576.jpg 768w\" sizes=\"(max-width: 1024px) 100vw, 1024px\" \/><p id=\"caption-attachment-387037\" class=\"wp-caption-text\">A Luz le gustan las flores. Suele llevar una en su pelo cuando est\u00e1 trabajando.<\/p><\/div>\n<p>Flor, como le dicen los pasajeros por el caracter\u00edstico elemento que porta en su pelo, es carism\u00e1tica. Los usuarios frecuentes incluso preguntan por ella cuando no la ven.<\/p>\n","protected":false},"excerpt":{"rendered":"<p>La Instituci\u00f3n Universitaria Pascual Bravo, establecimiento p\u00fablico del Distrito de Medell\u00edn, fue premiada por la Red de Educaci\u00f3n Continua de Latinoam\u00e9rica y Europa (RECLA) por la formaci\u00f3n de los operarios de buses de las l\u00edneas &#8230;<\/p>\n","protected":false},"author":97,"featured_media":387004,"comment_status":"open","ping_status":"open","sticky":false,"template":"","format":"standard","meta":[],"categories":[14],"tags":[431,447,426],"formato_nota":[],"programas_tax":[],"acf":[],"_links":{"self":[{"href":"https:\/\/www.medellin.gov.co\/es\/wp-json\/wp\/v2\/posts\/387000"}],"collection":[{"href":"https:\/\/www.medellin.gov.co\/es\/wp-json\/wp\/v2\/posts"}],"about":[{"href":"https:\/\/www.medellin.gov.co\/es\/wp-json\/wp\/v2\/types\/post"}],"author":[{"embeddable":true,"href":"https:\/\/www.medellin.gov.co\/es\/wp-json\/wp\/v2\/users\/97"}],"replies":[{"embeddable":true,"href":"https:\/\/www.medellin.gov.co\/es\/wp-json\/wp\/v2\/comments?post=387000"}],"version-history":[{"count":6,"href":"https:\/\/www.medellin.gov.co\/es\/wp-json\/wp\/v2\/posts\/387000\/revisions"}],"predecessor-version":[{"id":387116,"href":"https:\/\/www.medellin.gov.co\/es\/wp-json\/wp\/v2\/posts\/387000\/revisions\/387116"}],"wp:featuredmedia":[{"embeddable":true,"href":"https:\/\/www.medellin.gov.co\/es\/wp-json\/wp\/v2\/media\/387004"}],"wp:attachment":[{"href":"https:\/\/www.medellin.gov.co\/es\/wp-json\/wp\/v2\/media?parent=387000"}],"wp:term":[{"taxonomy":"category","embeddable":true,"href":"https:\/\/www.medellin.gov.co\/es\/wp-json\/wp\/v2\/categories?post=387000"},{"taxonomy":"post_tag","embeddable":true,"href":"https:\/\/www.medellin.gov.co\/es\/wp-json\/wp\/v2\/tags?post=387000"},{"taxonomy":"formato_nota","embeddable":true,"href":"https:\/\/www.medellin.gov.co\/es\/wp-json\/wp\/v2\/formato_nota?post=387000"},{"taxonomy":"programas_tax","embeddable":true,"href":"https:\/\/www.medellin.gov.co\/es\/wp-json\/wp\/v2\/programas_tax?post=387000"}],"curies":[{"name":"wp","href":"https:\/\/api.w.org\/{rel}","templated":true}]}}