{"id":387461,"date":"2025-02-22T13:32:36","date_gmt":"2025-02-22T18:32:36","guid":{"rendered":"https:\/\/www.medellin.gov.co\/es\/?p=387461"},"modified":"2025-02-22T13:33:04","modified_gmt":"2025-02-22T18:33:04","slug":"metroplus-cumple-20-anos-transformando-la-movilidad-de-los-territorios","status":"publish","type":"post","link":"https:\/\/www.medellin.gov.co\/es\/sala-de-prensa\/noticias\/metroplus-cumple-20-anos-transformando-la-movilidad-de-los-territorios\/","title":{"rendered":"Metropl\u00fas cumple 20 a\u00f1os transformando la movilidad de los territorios"},"content":{"rendered":"<ul>\n<li>Diariamente, el sistema moviliza unos 157.000 usuarios.<\/li>\n<li>Las obras y proyectos que ha ejecutado en estos 20 a\u00f1os han generado alrededor de 3.000 empleos.<\/li>\n<li>En 2025, Metropl\u00fas avanza en la estructuraci\u00f3n de dos proyectos que est\u00e1n en estudios y dise\u00f1os, para la futura construcci\u00f3n de 23 estaciones en la Pretroncal Sur.<\/li>\n<\/ul>\n<audio class=\"wp-audio-shortcode\" id=\"audio-387461-1\" preload=\"none\" style=\"width: 100%;\" controls=\"controls\"><source type=\"audio\/mpeg\" src=\"https:\/\/www.medellin.gov.co\/es\/wp-content\/uploads\/2025\/02\/Audio-declaraciones-Gerente-Metroplus-.mp3?_=1\" \/><\/audio>\n<p><a href=\"https:\/\/www.metroplus.gov.co\/\" target=\"_blank\" rel=\"noopener\">Metropl\u00fas<\/a> ajusta dos d\u00e9cadas de trayectoria impactando los territorios con iniciativas de infraestructura vial y urbana que promueven desarrollo econ\u00f3mico, social y ambiental. Los proyectos que ha ejecutado en estos 20 a\u00f1os han generado alrededor de 3.000 empleos.<\/p>\n<p><img loading=\"lazy\" class=\"alignnone size-large wp-image-387466\" src=\"https:\/\/www.medellin.gov.co\/es\/wp-content\/uploads\/2025\/02\/IMG-20250222-WA0010-1024x682.jpg\" alt=\"Imagen de una estaci\u00f3n del Metropl\u00fas \" width=\"1024\" height=\"682\" srcset=\"https:\/\/www.medellin.gov.co\/es\/wp-content\/uploads\/2025\/02\/IMG-20250222-WA0010-1024x682.jpg 1024w, https:\/\/www.medellin.gov.co\/es\/wp-content\/uploads\/2025\/02\/IMG-20250222-WA0010-300x200.jpg 300w, https:\/\/www.medellin.gov.co\/es\/wp-content\/uploads\/2025\/02\/IMG-20250222-WA0010-150x100.jpg 150w, https:\/\/www.medellin.gov.co\/es\/wp-content\/uploads\/2025\/02\/IMG-20250222-WA0010-768x512.jpg 768w, https:\/\/www.medellin.gov.co\/es\/wp-content\/uploads\/2025\/02\/IMG-20250222-WA0010-1536x1023.jpg 1536w, https:\/\/www.medellin.gov.co\/es\/wp-content\/uploads\/2025\/02\/IMG-20250222-WA0010.jpg 1600w\" sizes=\"(max-width: 1024px) 100vw, 1024px\" \/><\/p>\n<p>Desde sus inicios y con el apoyo del <a href=\"https:\/\/mintransporte.gov.co\/\" target=\"_blank\" rel=\"noopener\">Ministerio de Transporte<\/a> y los municipios socios, la empresa ha realizado obras significativas, tanto para el <a href=\"https:\/\/www.medellin.gov.co\/es\/preve-nota\/distrito-especial-de-ciencia-tecnologia-e-innovacion-de-medellin\/\" target=\"_blank\" rel=\"noopener\">Distrito<\/a> como para la Pretroncal Sur en Envigado e Itag\u00fc\u00ed. Entre ellas se destaca la construcci\u00f3n de carriles mixtos, carriles exclusivos y v\u00edas nuevas; el dise\u00f1o y conformaci\u00f3n de estaciones y paraderos; la renovaci\u00f3n de espacio p\u00fablico; la creaci\u00f3n de ciclorrutas; la canalizaci\u00f3n de quebradas; la reposici\u00f3n y ampliaci\u00f3n de redes de servicios p\u00fablicos; y el mejoramiento paisaj\u00edstico.<\/p>\n<p>\u201cPara nosotros es muy satisfactorio ser testigos de la evoluci\u00f3n del sistema, que a trav\u00e9s de obras de infraestructura vial y urbana ha contribuido de manera significativa al desarrollo econ\u00f3mico, social y ambiental de la ciudadan\u00eda, mejorando su calidad de vida y beneficiando a 157.000 usuarios que emplean el sistema de transporte d\u00eda a d\u00eda. M\u00e1s que obras, hemos construido proyectos para la gente y con la gente, que aportan a una movilidad inteligente para todos\u201d, manifest\u00f3 la gerente de Metropl\u00fas, Katherine Manco Quiroz.<\/p>\n<p><img loading=\"lazy\" class=\"alignnone wp-image-387469 size-large\" src=\"https:\/\/www.medellin.gov.co\/es\/wp-content\/uploads\/2025\/02\/IMG-20250222-WA0012-1024x768.jpg\" alt=\"Imagen de un bus del Metropl\u00fas 20 a\u00f1os\" width=\"1024\" height=\"768\" srcset=\"https:\/\/www.medellin.gov.co\/es\/wp-content\/uploads\/2025\/02\/IMG-20250222-WA0012-1024x768.jpg 1024w, https:\/\/www.medellin.gov.co\/es\/wp-content\/uploads\/2025\/02\/IMG-20250222-WA0012-300x225.jpg 300w, https:\/\/www.medellin.gov.co\/es\/wp-content\/uploads\/2025\/02\/IMG-20250222-WA0012-150x113.jpg 150w, https:\/\/www.medellin.gov.co\/es\/wp-content\/uploads\/2025\/02\/IMG-20250222-WA0012-768x576.jpg 768w, https:\/\/www.medellin.gov.co\/es\/wp-content\/uploads\/2025\/02\/IMG-20250222-WA0012.jpg 1152w\" sizes=\"(max-width: 1024px) 100vw, 1024px\" \/><\/p>\n<p>Esta es una sociedad conformada por Medell\u00edn, Envigado e Itag\u00fc\u00ed, la empresa del Metro, Terminales de Transporte y el IDEA. El prop\u00f3sito de su creaci\u00f3n fue establecer un sistema de autobuses de tr\u00e1nsito r\u00e1pido, integrado al Sistema Metro, los cables a\u00e9reos, el tranv\u00eda y los corredores de transporte masivo del Valle de Aburr\u00e1.<\/p>\n<p>En 2025, Metropl\u00fas avanza en la estructuraci\u00f3n de dos proyectos que se encuentran en estudios y dise\u00f1os para la futura construcci\u00f3n de 23 estaciones en la Pretroncal Sur. De ellas, 5 estar\u00e1n ubicadas en Medell\u00edn, 6 en Envigado y 12 en Itag\u00fc\u00ed. As\u00ed mismo, se trabajar\u00e1 en la extensi\u00f3n de esta pretroncal sobre la avenida Guayabal, que contar\u00e1 inicialmente con seis estaciones, obras que permitir\u00e1n el inicio de la operaci\u00f3n de este corredor en el sur del Valle de Aburr\u00e1.<\/p>\n","protected":false},"excerpt":{"rendered":"<p>Diariamente, el sistema moviliza unos 157.000 usuarios. Las obras y proyectos que ha ejecutado en estos 20 a\u00f1os han generado alrededor de 3.000 empleos. En 2025, Metropl\u00fas avanza en la estructuraci\u00f3n de dos proyectos que &#8230;<\/p>\n","protected":false},"author":97,"featured_media":387465,"comment_status":"open","ping_status":"open","sticky":false,"template":"","format":"standard","meta":[],"categories":[14],"tags":[447],"formato_nota":[],"programas_tax":[],"acf":[],"_links":{"self":[{"href":"https:\/\/www.medellin.gov.co\/es\/wp-json\/wp\/v2\/posts\/387461"}],"collection":[{"href":"https:\/\/www.medellin.gov.co\/es\/wp-json\/wp\/v2\/posts"}],"about":[{"href":"https:\/\/www.medellin.gov.co\/es\/wp-json\/wp\/v2\/types\/post"}],"author":[{"embeddable":true,"href":"https:\/\/www.medellin.gov.co\/es\/wp-json\/wp\/v2\/users\/97"}],"replies":[{"embeddable":true,"href":"https:\/\/www.medellin.gov.co\/es\/wp-json\/wp\/v2\/comments?post=387461"}],"version-history":[{"count":4,"href":"https:\/\/www.medellin.gov.co\/es\/wp-json\/wp\/v2\/posts\/387461\/revisions"}],"predecessor-version":[{"id":387479,"href":"https:\/\/www.medellin.gov.co\/es\/wp-json\/wp\/v2\/posts\/387461\/revisions\/387479"}],"wp:featuredmedia":[{"embeddable":true,"href":"https:\/\/www.medellin.gov.co\/es\/wp-json\/wp\/v2\/media\/387465"}],"wp:attachment":[{"href":"https:\/\/www.medellin.gov.co\/es\/wp-json\/wp\/v2\/media?parent=387461"}],"wp:term":[{"taxonomy":"category","embeddable":true,"href":"https:\/\/www.medellin.gov.co\/es\/wp-json\/wp\/v2\/categories?post=387461"},{"taxonomy":"post_tag","embeddable":true,"href":"https:\/\/www.medellin.gov.co\/es\/wp-json\/wp\/v2\/tags?post=387461"},{"taxonomy":"formato_nota","embeddable":true,"href":"https:\/\/www.medellin.gov.co\/es\/wp-json\/wp\/v2\/formato_nota?post=387461"},{"taxonomy":"programas_tax","embeddable":true,"href":"https:\/\/www.medellin.gov.co\/es\/wp-json\/wp\/v2\/programas_tax?post=387461"}],"curies":[{"name":"wp","href":"https:\/\/api.w.org\/{rel}","templated":true}]}}