{"id":387481,"date":"2025-02-23T11:29:23","date_gmt":"2025-02-23T16:29:23","guid":{"rendered":"https:\/\/www.medellin.gov.co\/es\/?p=387481"},"modified":"2025-02-23T11:29:23","modified_gmt":"2025-02-23T16:29:23","slug":"lesionados-en-siniestros-viales-con-vehiculos-fugados-tambien-tendran-acompanamiento-del-centro-de-atencion-y-orientacion-a-victimas-de-la-secretaria-de-movilidad-de-medellin","status":"publish","type":"post","link":"https:\/\/www.medellin.gov.co\/es\/sala-de-prensa\/noticias\/lesionados-en-siniestros-viales-con-vehiculos-fugados-tambien-tendran-acompanamiento-del-centro-de-atencion-y-orientacion-a-victimas-de-la-secretaria-de-movilidad-de-medellin\/","title":{"rendered":"Lesionados en siniestros viales con veh\u00edculos fugados tambi\u00e9n tendr\u00e1n acompa\u00f1amiento del Centro de Atenci\u00f3n y Orientaci\u00f3n a V\u00edctimas de la Secretar\u00eda de Movilidad de Medell\u00edn"},"content":{"rendered":"<ul>\n<li>Desde 2024, este servicio se dirig\u00eda inicialmente a los familiares de fallecidos en las v\u00edas de la ciudad.<\/li>\n<li>En lo que va de este a\u00f1o, se han identificado 35 casos en los que los conductores han huido de la escena del incidente.<\/li>\n<li>La iniciativa incluye asesor\u00eda para interponer acciones judiciales o penales en contra de los responsables de este tipo de eventualidades.<\/li>\n<\/ul>\n<audio class=\"wp-audio-shortcode\" id=\"audio-387481-1\" preload=\"none\" style=\"width: 100%;\" controls=\"controls\"><source type=\"audio\/mpeg\" src=\"https:\/\/www.medellin.gov.co\/es\/wp-content\/uploads\/2025\/02\/Declaraciones_Secretario-de-Movilidad_Mateo-Gonzalez-Benitez.mp3?_=1\" \/><\/audio>\n<p>Con atenci\u00f3n integral, la <a href=\"https:\/\/www.medellin.gov.co\/es\/secretaria-de-movilidad\/\" target=\"_blank\" rel=\"noopener\">Secretar\u00eda de Movilidad de Medell\u00edn<\/a> extendi\u00f3 su labor de orientaci\u00f3n jur\u00eddica y trabajo social, as\u00ed como de intervenci\u00f3n psicol\u00f3gica a personas afectadas o lesionadas en incidentes en los que los conductores han huido de la escena del siniestro vial. Estos servicios se prestan desde el a\u00f1o pasado en casos en los que se registran muertes.<\/p>\n<p>En lo que va de 2025, se han documentado 35 casos de evasi\u00f3n en incidentes de tr\u00e1nsito en Medell\u00edn y se han realizado cinco procedimientos de identificaci\u00f3n y ubicaci\u00f3n de los responsables, uno de los cuales tuvo una v\u00edctima mortal.<\/p>\n<p><img loading=\"lazy\" class=\"alignnone size-large wp-image-387482\" src=\"https:\/\/www.medellin.gov.co\/es\/wp-content\/uploads\/2025\/02\/Sala-de-espera-grande-del-Centro-de-Orientacion-y-atencion-a-victimas-en-siniestros-viale-1024x768.jpg\" alt=\"Sala de espera grande del Centro de Orientaci\u00f3n y atenci\u00f3n a v\u00edctimas en siniestros viales\" width=\"1024\" height=\"768\" srcset=\"https:\/\/www.medellin.gov.co\/es\/wp-content\/uploads\/2025\/02\/Sala-de-espera-grande-del-Centro-de-Orientacion-y-atencion-a-victimas-en-siniestros-viale-1024x768.jpg 1024w, https:\/\/www.medellin.gov.co\/es\/wp-content\/uploads\/2025\/02\/Sala-de-espera-grande-del-Centro-de-Orientacion-y-atencion-a-victimas-en-siniestros-viale-300x225.jpg 300w, https:\/\/www.medellin.gov.co\/es\/wp-content\/uploads\/2025\/02\/Sala-de-espera-grande-del-Centro-de-Orientacion-y-atencion-a-victimas-en-siniestros-viale-150x113.jpg 150w, https:\/\/www.medellin.gov.co\/es\/wp-content\/uploads\/2025\/02\/Sala-de-espera-grande-del-Centro-de-Orientacion-y-atencion-a-victimas-en-siniestros-viale-768x576.jpg 768w, https:\/\/www.medellin.gov.co\/es\/wp-content\/uploads\/2025\/02\/Sala-de-espera-grande-del-Centro-de-Orientacion-y-atencion-a-victimas-en-siniestros-viale.jpg 1156w\" sizes=\"(max-width: 1024px) 100vw, 1024px\" \/><\/p>\n<p>\u201cDesde este a\u00f1o tomamos la determinaci\u00f3n de acompa\u00f1ar jur\u00eddicamente a las personas lesionadas en un siniestro vial donde el responsable se va del sitio. Con este centro de v\u00edctimas lo que buscamos es que no haya impunidad y que las familias y las personas que son v\u00edctimas de estos siniestros tengan acompa\u00f1amiento desde la parte humana y lo jur\u00eddico\u201d, dijo el secretario de Movilidad, Mateo Gonz\u00e1lez Ben\u00edtez.<\/p>\n<p>Solo en 2024, el Centro de Atenci\u00f3n a V\u00edctimas realiz\u00f3 908 intervenciones: 327 en lo psicol\u00f3gico, 274 en lo social y 307 en lo jur\u00eddico. En 2025, el grupo de profesionales ha realizado 147 acompa\u00f1amientos.<\/p>\n<p><img loading=\"lazy\" class=\"alignnone wp-image-387487 size-large\" src=\"https:\/\/www.medellin.gov.co\/es\/wp-content\/uploads\/2025\/02\/Sala-de-espera-Centro-de-Orientacion-y-atencion-a-victimas-en-siniestros-viales-1024x768.jpg\" alt=\"Sala de espera Centro de Orientaci\u00f3n y atenci\u00f3n a lesionados en siniestros viales \" width=\"1024\" height=\"768\" srcset=\"https:\/\/www.medellin.gov.co\/es\/wp-content\/uploads\/2025\/02\/Sala-de-espera-Centro-de-Orientacion-y-atencion-a-victimas-en-siniestros-viales-1024x768.jpg 1024w, https:\/\/www.medellin.gov.co\/es\/wp-content\/uploads\/2025\/02\/Sala-de-espera-Centro-de-Orientacion-y-atencion-a-victimas-en-siniestros-viales-300x225.jpg 300w, https:\/\/www.medellin.gov.co\/es\/wp-content\/uploads\/2025\/02\/Sala-de-espera-Centro-de-Orientacion-y-atencion-a-victimas-en-siniestros-viales-150x113.jpg 150w, https:\/\/www.medellin.gov.co\/es\/wp-content\/uploads\/2025\/02\/Sala-de-espera-Centro-de-Orientacion-y-atencion-a-victimas-en-siniestros-viales-768x576.jpg 768w, https:\/\/www.medellin.gov.co\/es\/wp-content\/uploads\/2025\/02\/Sala-de-espera-Centro-de-Orientacion-y-atencion-a-victimas-en-siniestros-viales.jpg 1156w\" sizes=\"(max-width: 1024px) 100vw, 1024px\" \/><\/p>\n<p>La Secretar\u00eda de Movilidad hace un llamado a la ciudadan\u00eda para que tenga en cuenta que cuando se presenten este tipo de situaciones, los involucrados deben quedarse en el sitio y pedir ayuda a trav\u00e9s de la <a href=\"https:\/\/www.medellin.gov.co\/es\/secretaria-de-inclusion-social-y-familia\/123-social\/\" target=\"_blank\" rel=\"noopener\">l\u00ednea 123<\/a>, si es necesario. De lo contrario se pueden ver sometidos a problemas legales por la <a href=\"https:\/\/www.funcionpublica.gov.co\/eva\/gestornormativo\/norma.php?i=26014\" target=\"_blank\" rel=\"noopener\">omisi\u00f3n de socorro<\/a>, a lo que se agrega la apertura de una investigaci\u00f3n judicial.<\/p>\n","protected":false},"excerpt":{"rendered":"<p>Desde 2024, este servicio se dirig\u00eda inicialmente a los familiares de fallecidos en las v\u00edas de la ciudad. En lo que va de este a\u00f1o, se han identificado 35 casos en los que los conductores &#8230;<\/p>\n","protected":false},"author":97,"featured_media":387485,"comment_status":"open","ping_status":"open","sticky":false,"template":"","format":"standard","meta":[],"categories":[14],"tags":[451,447],"formato_nota":[],"programas_tax":[],"acf":[],"_links":{"self":[{"href":"https:\/\/www.medellin.gov.co\/es\/wp-json\/wp\/v2\/posts\/387481"}],"collection":[{"href":"https:\/\/www.medellin.gov.co\/es\/wp-json\/wp\/v2\/posts"}],"about":[{"href":"https:\/\/www.medellin.gov.co\/es\/wp-json\/wp\/v2\/types\/post"}],"author":[{"embeddable":true,"href":"https:\/\/www.medellin.gov.co\/es\/wp-json\/wp\/v2\/users\/97"}],"replies":[{"embeddable":true,"href":"https:\/\/www.medellin.gov.co\/es\/wp-json\/wp\/v2\/comments?post=387481"}],"version-history":[{"count":2,"href":"https:\/\/www.medellin.gov.co\/es\/wp-json\/wp\/v2\/posts\/387481\/revisions"}],"predecessor-version":[{"id":387492,"href":"https:\/\/www.medellin.gov.co\/es\/wp-json\/wp\/v2\/posts\/387481\/revisions\/387492"}],"wp:featuredmedia":[{"embeddable":true,"href":"https:\/\/www.medellin.gov.co\/es\/wp-json\/wp\/v2\/media\/387485"}],"wp:attachment":[{"href":"https:\/\/www.medellin.gov.co\/es\/wp-json\/wp\/v2\/media?parent=387481"}],"wp:term":[{"taxonomy":"category","embeddable":true,"href":"https:\/\/www.medellin.gov.co\/es\/wp-json\/wp\/v2\/categories?post=387481"},{"taxonomy":"post_tag","embeddable":true,"href":"https:\/\/www.medellin.gov.co\/es\/wp-json\/wp\/v2\/tags?post=387481"},{"taxonomy":"formato_nota","embeddable":true,"href":"https:\/\/www.medellin.gov.co\/es\/wp-json\/wp\/v2\/formato_nota?post=387481"},{"taxonomy":"programas_tax","embeddable":true,"href":"https:\/\/www.medellin.gov.co\/es\/wp-json\/wp\/v2\/programas_tax?post=387481"}],"curies":[{"name":"wp","href":"https:\/\/api.w.org\/{rel}","templated":true}]}}