{"id":387530,"date":"2025-02-24T11:04:52","date_gmt":"2025-02-24T16:04:52","guid":{"rendered":"https:\/\/www.medellin.gov.co\/es\/?p=387530"},"modified":"2025-02-24T11:04:52","modified_gmt":"2025-02-24T16:04:52","slug":"medellin-y-antioquia-estaran-en-la-feria-de-turismo-vacacional-mas-importante-de-colombia-anato-2025","status":"publish","type":"post","link":"https:\/\/www.medellin.gov.co\/es\/sala-de-prensa\/noticias\/medellin-y-antioquia-estaran-en-la-feria-de-turismo-vacacional-mas-importante-de-colombia-anato-2025\/","title":{"rendered":"Medell\u00edn y Antioquia estar\u00e1n en la feria de turismo vacacional m\u00e1s importante de Colombia, Anato 2025"},"content":{"rendered":"<ul>\n<li>La oferta tur\u00edstica diferencial, innovadora e integral ha sido factor clave para la atracci\u00f3n de viajeros hacia Medell\u00edn y Antioquia.<\/li>\n<li>De acuerdo con el Sistema de Inteligencia Tur\u00edstica, la ocupaci\u00f3n hotelera en el a\u00f1o 2024 se ubic\u00f3 en 68.5 %<\/li>\n<\/ul>\n<!--[if lt IE 9]><script>document.createElement('audio');<\/script><![endif]-->\n\t<div class=\"wp-playlist wp-audio-playlist wp-playlist-light\">\n\t\t\t<div class=\"wp-playlist-current-item\"><\/div>\n\t\t<audio controls=\"controls\" preload=\"none\" width=\"640\"\n\t\t\t><\/audio>\n\t<div class=\"wp-playlist-next\"><\/div>\n\t<div class=\"wp-playlist-prev\"><\/div>\n\t<noscript>\n\t<ol>\n\t\t<li><a href='https:\/\/www.medellin.gov.co\/es\/wp-content\/uploads\/2025\/02\/Medellin-Antioquia-Anato-2025-01.mp3'>Palabras de secretario de Turismo y Entretenimiento de Medell\u00edn, Jos\u00e9 Alejandro Gonz\u00e1lez Jaramillo<\/a><\/li><li><a href='https:\/\/www.medellin.gov.co\/es\/wp-content\/uploads\/2025\/02\/Medellin-Antioquia-Anato-2025-02.mp3'>Palabras de Manuel Alejandro Naranjo Giraldo, secretario de Desarrollo Econ\u00f3mico de Antioquia<\/a><\/li>\t<\/ol>\n\t<\/noscript>\n\t<script type=\"application\/json\" class=\"wp-playlist-script\">{\"type\":\"audio\",\"tracklist\":true,\"tracknumbers\":true,\"images\":true,\"artists\":true,\"tracks\":[{\"src\":\"https:\\\/\\\/www.medellin.gov.co\\\/es\\\/wp-content\\\/uploads\\\/2025\\\/02\\\/Medellin-Antioquia-Anato-2025-01.mp3\",\"type\":\"audio\\\/mpeg\",\"title\":\"Palabras de secretario de Turismo y Entretenimiento de Medell\\u00edn, Jos\\u00e9 Alejandro Gonz\\u00e1lez Jaramillo\",\"caption\":\"\",\"description\":\"\\u00abPalabras de secretario de Turismo y Entretenimiento de Medell\\u00edn, Jos\\u00e9 Alejandro Gonz\\u00e1lez Jaramillo\\u00bb.\",\"meta\":{\"length_formatted\":\"0:44\"},\"image\":{\"src\":\"https:\\\/\\\/www.medellin.gov.co\\\/es\\\/wp-includes\\\/images\\\/media\\\/audio.png\",\"width\":48,\"height\":64},\"thumb\":{\"src\":\"https:\\\/\\\/www.medellin.gov.co\\\/es\\\/wp-includes\\\/images\\\/media\\\/audio.png\",\"width\":48,\"height\":64}},{\"src\":\"https:\\\/\\\/www.medellin.gov.co\\\/es\\\/wp-content\\\/uploads\\\/2025\\\/02\\\/Medellin-Antioquia-Anato-2025-02.mp3\",\"type\":\"audio\\\/mpeg\",\"title\":\"Palabras de Manuel Alejandro Naranjo Giraldo, secretario de Desarrollo Econ\\u00f3mico de Antioquia\",\"caption\":\"\",\"description\":\"\\u00abPalabras de Manuel Alejandro Naranjo Giraldo, secretario de Desarrollo Econ\\u00f3mico de Antioquia\\u00bb.\",\"meta\":{\"length_formatted\":\"2:34\"},\"image\":{\"src\":\"https:\\\/\\\/www.medellin.gov.co\\\/es\\\/wp-includes\\\/images\\\/media\\\/audio.png\",\"width\":48,\"height\":64},\"thumb\":{\"src\":\"https:\\\/\\\/www.medellin.gov.co\\\/es\\\/wp-includes\\\/images\\\/media\\\/audio.png\",\"width\":48,\"height\":64}}]}<\/script>\n<\/div>\n\t\n<p>La edici\u00f3n n\u00famero 44 de la Vitrina Tur\u00edstica Anato, que se efectuar\u00e1 del 26 al 28 de febrero, en Bogot\u00e1, ser\u00e1 el escenario en el que Medell\u00edn y Antioquia presentar\u00e1n su balance en turismo. De acuerdo con reportes del Sistema de Inteligencia Tur\u00edstica, la capital antioque\u00f1a cerr\u00f3 2024 con un incremento de 23 % en la llegada de turistas internacionales, quienes pasaron por punto de control migratorio.<\/p>\n<p>Estas y otras cifras ser\u00e1n compartidas en Anato 2025, espacio en el cual se espera que se generen negocios por un valor estimado de $2.000 millones. Durante esta vitrina, 20 empresarios de la ciudad-regi\u00f3n asistir\u00e1n a cerca de 300 citas comerciales con compradores, tanto nacionales como internacionales.<\/p>\n<div id=\"attachment_387535\" style=\"width: 1290px\" class=\"wp-caption alignnone\"><a href=\"https:\/\/www.medellin.gov.co\/es\/wp-content\/uploads\/2025\/02\/Panoramica-Antioquia-1.jpg\" target=\"_blank\" rel=\"noopener\"><img aria-describedby=\"caption-attachment-387535\" loading=\"lazy\" class=\"wp-image-387535 size-full\" title=\"Panor\u00e1mica de Antioquia\" src=\"https:\/\/www.medellin.gov.co\/es\/wp-content\/uploads\/2025\/02\/Panoramica-Antioquia-1.jpg\" alt=\"Panor\u00e1mica de Antioquia\" width=\"1280\" height=\"718\" srcset=\"https:\/\/www.medellin.gov.co\/es\/wp-content\/uploads\/2025\/02\/Panoramica-Antioquia-1.jpg 1280w, https:\/\/www.medellin.gov.co\/es\/wp-content\/uploads\/2025\/02\/Panoramica-Antioquia-1-300x168.jpg 300w, https:\/\/www.medellin.gov.co\/es\/wp-content\/uploads\/2025\/02\/Panoramica-Antioquia-1-1024x574.jpg 1024w, https:\/\/www.medellin.gov.co\/es\/wp-content\/uploads\/2025\/02\/Panoramica-Antioquia-1-150x84.jpg 150w, https:\/\/www.medellin.gov.co\/es\/wp-content\/uploads\/2025\/02\/Panoramica-Antioquia-1-768x431.jpg 768w\" sizes=\"(max-width: 1280px) 100vw, 1280px\" \/><\/a><p id=\"caption-attachment-387535\" class=\"wp-caption-text\">Panor\u00e1mica de Antioquia<\/p><\/div>\n<p>Con m\u00e1s de 50.000 personas que anticiparon su participaci\u00f3n, el evento se perfila como una oportunidad crucial para el intercambio de experiencias y la promoci\u00f3n de nuevos destinos tur\u00edsticos.<\/p>\n<p>El secretario de Turismo y Entretenimiento de Medell\u00edn, Jos\u00e9 Alejandro Gonz\u00e1lez Jaramillo, dijo que \u201c<em>Anato es el evento tur\u00edstico m\u00e1s importante del pa\u00eds, al que asisten compradores nacionales e internacionales interesados en nuestra ciudad y nuestra regi\u00f3n. All\u00ed estaremos junto con los empresarios de la ciudad-regi\u00f3n, promoviendo las virtudes que tenemos en el territorio<\/em>\u201d.<\/p>\n<p>Medell\u00edn y Antioquia se han posicionado como una de las regiones m\u00e1s atractivas para visitar, no solo en el \u00e1mbito nacional sino internacional, lo que ha conllevado a un aumento significativo de la actividad tur\u00edstica en la ciudad-regi\u00f3n, generando as\u00ed una dinamizaci\u00f3n de la econom\u00eda.<\/p>\n<div id=\"attachment_387550\" style=\"width: 1290px\" class=\"wp-caption alignnone\"><a href=\"https:\/\/www.medellin.gov.co\/es\/wp-content\/uploads\/2025\/02\/Panoramica-Medellin-3.jpg\" target=\"_blank\" rel=\"noopener\"><img aria-describedby=\"caption-attachment-387550\" loading=\"lazy\" class=\"wp-image-387550 size-full\" title=\"Panor\u00e1mica de Medell\u00edn\" src=\"https:\/\/www.medellin.gov.co\/es\/wp-content\/uploads\/2025\/02\/Panoramica-Medellin-3.jpg\" alt=\"Panor\u00e1mica de Medell\u00edn\" width=\"1280\" height=\"848\" srcset=\"https:\/\/www.medellin.gov.co\/es\/wp-content\/uploads\/2025\/02\/Panoramica-Medellin-3.jpg 1280w, https:\/\/www.medellin.gov.co\/es\/wp-content\/uploads\/2025\/02\/Panoramica-Medellin-3-300x199.jpg 300w, https:\/\/www.medellin.gov.co\/es\/wp-content\/uploads\/2025\/02\/Panoramica-Medellin-3-1024x678.jpg 1024w, https:\/\/www.medellin.gov.co\/es\/wp-content\/uploads\/2025\/02\/Panoramica-Medellin-3-150x99.jpg 150w, https:\/\/www.medellin.gov.co\/es\/wp-content\/uploads\/2025\/02\/Panoramica-Medellin-3-768x509.jpg 768w\" sizes=\"(max-width: 1280px) 100vw, 1280px\" \/><\/a><p id=\"caption-attachment-387550\" class=\"wp-caption-text\">Panor\u00e1mica de Medell\u00edn<\/p><\/div>\n<p>El secretario de Desarrollo Econ\u00f3mico de Antioquia, Manuel Alejandro Naranjo Giraldo, afirm\u00f3: \u201c<em>Estaremos en Anato posibilitando la generaci\u00f3n de negocios con nuestros empresarios, mostrando sus productos tur\u00edsticos y evidenciando por qu\u00e9 esta regi\u00f3n es tan atractiva, y posibilitando las ruedas de negocios, las conexiones empresariales, que redunden en el bienestar para el sector tur\u00edstico, que estimamos para Antioquia sea del 3 % del PIB<\/em>\u201d.<\/p>\n<p>El mundo busca hoy experiencias aut\u00e9nticas, \u00fanicas y propias, las cuales han fortalecido a la regi\u00f3n, a trav\u00e9s de sus silleteros, el turismo de transformaci\u00f3n e innovaci\u00f3n social y los atractivos culturales.<\/p>\n<p>De acuerdo con la Organizaci\u00f3n Mundial de Turismo, dentro de los aspectos que influyen en la evoluci\u00f3n del turismo est\u00e1 que los viajeros demandan cada vez m\u00e1s ambientes verdes, riquezas que ofrecen Medell\u00edn y Antioquia a trav\u00e9s de experiencias de naturaleza en corregimientos como Santa Elena y el Parque Arv\u00ed, y en las subregiones del departamento, como el Suroeste, lugar cafetero, o el Oriente antioque\u00f1o, que alberga r\u00edos cristalinos.<\/p>\n","protected":false},"excerpt":{"rendered":"<p>La oferta tur\u00edstica diferencial, innovadora e integral ha sido factor clave para la atracci\u00f3n de viajeros hacia Medell\u00edn y Antioquia. De acuerdo con el Sistema de Inteligencia Tur\u00edstica, la ocupaci\u00f3n hotelera en el a\u00f1o 2024 &#8230;<\/p>\n","protected":false},"author":21,"featured_media":387541,"comment_status":"open","ping_status":"open","sticky":false,"template":"","format":"standard","meta":[],"categories":[690,17],"tags":[634,428,430],"formato_nota":[],"programas_tax":[],"acf":[],"_links":{"self":[{"href":"https:\/\/www.medellin.gov.co\/es\/wp-json\/wp\/v2\/posts\/387530"}],"collection":[{"href":"https:\/\/www.medellin.gov.co\/es\/wp-json\/wp\/v2\/posts"}],"about":[{"href":"https:\/\/www.medellin.gov.co\/es\/wp-json\/wp\/v2\/types\/post"}],"author":[{"embeddable":true,"href":"https:\/\/www.medellin.gov.co\/es\/wp-json\/wp\/v2\/users\/21"}],"replies":[{"embeddable":true,"href":"https:\/\/www.medellin.gov.co\/es\/wp-json\/wp\/v2\/comments?post=387530"}],"version-history":[{"count":1,"href":"https:\/\/www.medellin.gov.co\/es\/wp-json\/wp\/v2\/posts\/387530\/revisions"}],"predecessor-version":[{"id":387556,"href":"https:\/\/www.medellin.gov.co\/es\/wp-json\/wp\/v2\/posts\/387530\/revisions\/387556"}],"wp:featuredmedia":[{"embeddable":true,"href":"https:\/\/www.medellin.gov.co\/es\/wp-json\/wp\/v2\/media\/387541"}],"wp:attachment":[{"href":"https:\/\/www.medellin.gov.co\/es\/wp-json\/wp\/v2\/media?parent=387530"}],"wp:term":[{"taxonomy":"category","embeddable":true,"href":"https:\/\/www.medellin.gov.co\/es\/wp-json\/wp\/v2\/categories?post=387530"},{"taxonomy":"post_tag","embeddable":true,"href":"https:\/\/www.medellin.gov.co\/es\/wp-json\/wp\/v2\/tags?post=387530"},{"taxonomy":"formato_nota","embeddable":true,"href":"https:\/\/www.medellin.gov.co\/es\/wp-json\/wp\/v2\/formato_nota?post=387530"},{"taxonomy":"programas_tax","embeddable":true,"href":"https:\/\/www.medellin.gov.co\/es\/wp-json\/wp\/v2\/programas_tax?post=387530"}],"curies":[{"name":"wp","href":"https:\/\/api.w.org\/{rel}","templated":true}]}}