{"id":387560,"date":"2025-02-24T11:14:14","date_gmt":"2025-02-24T16:14:14","guid":{"rendered":"https:\/\/www.medellin.gov.co\/es\/?p=387560"},"modified":"2025-02-24T11:14:14","modified_gmt":"2025-02-24T16:14:14","slug":"el-distrito-mantiene-la-atencion-a-familias-desplazadas-por-la-violencia-en-la-region-del-catatumbo-el-choco-y-antioquia","status":"publish","type":"post","link":"https:\/\/www.medellin.gov.co\/es\/sala-de-prensa\/noticias\/el-distrito-mantiene-la-atencion-a-familias-desplazadas-por-la-violencia-en-la-region-del-catatumbo-el-choco-y-antioquia\/","title":{"rendered":"El Distrito mantiene la atenci\u00f3n a familias desplazadas por la violencia en la regi\u00f3n del Catatumbo, El Choc\u00f3 y Antioquia"},"content":{"rendered":"<ul>\n<li>144 n\u00facleos familiares han recibido ayuda humanitaria, kits de alimentos y albergue temporal.<\/li>\n<\/ul>\n<!--[if lt IE 9]><script>document.createElement('audio');<\/script><![endif]-->\n\t<div class=\"wp-playlist wp-audio-playlist wp-playlist-light\">\n\t\t\t<div class=\"wp-playlist-current-item\"><\/div>\n\t\t<audio controls=\"controls\" preload=\"none\" width=\"640\"\n\t\t\t><\/audio>\n\t<div class=\"wp-playlist-next\"><\/div>\n\t<div class=\"wp-playlist-prev\"><\/div>\n\t<noscript>\n\t<ol>\n\t\t<li><a href='https:\/\/www.medellin.gov.co\/es\/wp-content\/uploads\/2025\/02\/Atencion-Familias-Desplazadas-Violencia-01.mp3'>Palabras de Carlos Alberto Arcila Valencia, secretario de Paz y Derechos Humanos<\/a><\/li><li><a href='https:\/\/www.medellin.gov.co\/es\/wp-content\/uploads\/2025\/02\/Atencion-Familias-Desplazadas-Violencia-02.mp3'>Palabras de desplazado del Catatumbo<\/a><\/li>\t<\/ol>\n\t<\/noscript>\n\t<script type=\"application\/json\" class=\"wp-playlist-script\">{\"type\":\"audio\",\"tracklist\":true,\"tracknumbers\":true,\"images\":true,\"artists\":true,\"tracks\":[{\"src\":\"https:\\\/\\\/www.medellin.gov.co\\\/es\\\/wp-content\\\/uploads\\\/2025\\\/02\\\/Atencion-Familias-Desplazadas-Violencia-01.mp3\",\"type\":\"audio\\\/mpeg\",\"title\":\"Palabras de Carlos Alberto Arcila Valencia, secretario de Paz y Derechos Humanos\",\"caption\":\"\",\"description\":\"\\u00abPalabras de Carlos Alberto Arcila Valencia, secretario de Paz y Derechos Humanos\\u00bb.\",\"meta\":{\"length_formatted\":\"0:25\"},\"image\":{\"src\":\"https:\\\/\\\/www.medellin.gov.co\\\/es\\\/wp-includes\\\/images\\\/media\\\/audio.png\",\"width\":48,\"height\":64},\"thumb\":{\"src\":\"https:\\\/\\\/www.medellin.gov.co\\\/es\\\/wp-includes\\\/images\\\/media\\\/audio.png\",\"width\":48,\"height\":64}},{\"src\":\"https:\\\/\\\/www.medellin.gov.co\\\/es\\\/wp-content\\\/uploads\\\/2025\\\/02\\\/Atencion-Familias-Desplazadas-Violencia-02.mp3\",\"type\":\"audio\\\/mpeg\",\"title\":\"Palabras de desplazado del Catatumbo\",\"caption\":\"\",\"description\":\"\\u00abPalabras de desplazado del Catatumbo\\u00bb.\",\"meta\":{\"length_formatted\":\"0:20\"},\"image\":{\"src\":\"https:\\\/\\\/www.medellin.gov.co\\\/es\\\/wp-includes\\\/images\\\/media\\\/audio.png\",\"width\":48,\"height\":64},\"thumb\":{\"src\":\"https:\\\/\\\/www.medellin.gov.co\\\/es\\\/wp-includes\\\/images\\\/media\\\/audio.png\",\"width\":48,\"height\":64}}]}<\/script>\n<\/div>\n\t\n<p>Entre el 1 de enero y el 20 de febrero de 2025, la Administraci\u00f3n Distrital brind\u00f3 atenci\u00f3n integral a 144 familias desplazadas, equivalentes a 354 personas. La ayuda responde a los recientes enfrentamientos armados en la regi\u00f3n del Catatumbo, el paro armado en El Choc\u00f3 y hechos de violencia en Antioquia.<\/p>\n<p>Actualmente, 42 n\u00facleos familiares, es decir 121 personas, permanecen en el albergue habilitado por la Alcald\u00eda de Medell\u00edn.<\/p>\n<p>Entre las fechas en menci\u00f3n, 40 familias, que corresponden a 91 personas, llegaron a Medell\u00edn, tras huir de la violencia en cuatro municipios del Catatumbo, as\u00ed: Tib\u00fa (28 familias, es decir 65 personas), El Tarra (8 familias, que son 18 personas), Convenci\u00f3n (3 familias, integradas por 7 personas) y Hacar\u00ed (1 persona).<\/p>\n<p>De ellas, 38 familias (88 personas) recibieron atenci\u00f3n inmediata: 2 familias accedieron a alojamiento temporal y 36 fueron acogidas por redes familiares o sociales, adem\u00e1s de recibir kits de alimentos y apoyo econ\u00f3mico.<\/p>\n<div id=\"attachment_387537\" style=\"width: 1290px\" class=\"wp-caption alignnone\"><a href=\"https:\/\/www.medellin.gov.co\/es\/wp-content\/uploads\/2025\/02\/Atencion-Familias-Desplazadas-Violencia-2.jpg\" target=\"_blank\" rel=\"noopener\"><img aria-describedby=\"caption-attachment-387537\" loading=\"lazy\" class=\"wp-image-387537 size-full\" title=\"El Distrito mantiene la atenci\u00f3n a familias desplazadas por la violencia en la regi\u00f3n del Catatumbo, El Choc\u00f3 y Antioquia\" src=\"https:\/\/www.medellin.gov.co\/es\/wp-content\/uploads\/2025\/02\/Atencion-Familias-Desplazadas-Violencia-2.jpg\" alt=\"El Distrito mantiene la atenci\u00f3n a familias desplazadas por la violencia en la regi\u00f3n del Catatumbo, El Choc\u00f3 y Antioquia\" width=\"1280\" height=\"732\" srcset=\"https:\/\/www.medellin.gov.co\/es\/wp-content\/uploads\/2025\/02\/Atencion-Familias-Desplazadas-Violencia-2.jpg 1280w, https:\/\/www.medellin.gov.co\/es\/wp-content\/uploads\/2025\/02\/Atencion-Familias-Desplazadas-Violencia-2-300x172.jpg 300w, https:\/\/www.medellin.gov.co\/es\/wp-content\/uploads\/2025\/02\/Atencion-Familias-Desplazadas-Violencia-2-1024x586.jpg 1024w, https:\/\/www.medellin.gov.co\/es\/wp-content\/uploads\/2025\/02\/Atencion-Familias-Desplazadas-Violencia-2-150x86.jpg 150w, https:\/\/www.medellin.gov.co\/es\/wp-content\/uploads\/2025\/02\/Atencion-Familias-Desplazadas-Violencia-2-768x439.jpg 768w\" sizes=\"(max-width: 1280px) 100vw, 1280px\" \/><\/a><p id=\"caption-attachment-387537\" class=\"wp-caption-text\">El Distrito mantiene la atenci\u00f3n a familias desplazadas por la violencia en la regi\u00f3n del Catatumbo, El Choc\u00f3 y Antioquia &#8211; Foto Alcald\u00eda de Medell\u00edn<\/p><\/div>\n<p>En el mismo periodo, 102 familias, es decir, 246 personas, llegaron a Medell\u00edn desde Quibd\u00f3 (73 familias, que equivalen a 170 personas) y otros municipios de El Choc\u00f3 (29 familias, que corresponden a 76 personas), debido al paro armado que afecta a la regi\u00f3n.<\/p>\n<p>Esta semana, 2 familias, es decir 17 personas, provenientes de Toledo, Antioquia, fueron atendidas en Medell\u00edn, tras hechos relacionados con un homicidio.<\/p>\n<p>El secretario de Paz y Derechos Humanos, Carlos Alberto Arcila Valencia, destac\u00f3 el compromiso de la Administraci\u00f3n Distrital con la protecci\u00f3n y asistencia a las v\u00edctimas del conflicto armado: \u201c<em>Venimos brindando toda la ruta de protecci\u00f3n para las v\u00edctimas: llegan al Ministerio P\u00fablico, Personer\u00eda, Defensor\u00eda y Procuradur\u00eda y all\u00ed declaran. Mientras ocurre que sean incluidos en la Unidad Nacional de V\u00edctimas, como v\u00edctimas del conflicto, se les brinda ayuda humanitaria, acompa\u00f1amiento psicol\u00f3gico y jur\u00eddico, y albergue<\/em>\u201d.<\/p>\n<p>Uno de los desplazados del Catatumbo, quien lleg\u00f3 a Medell\u00edn con su esposa y sus cinco hijos, destac\u00f3 no solo la atenci\u00f3n recibida en el albergue, sino la opci\u00f3n laboral con la que hoy cuenta: \u201c<em>Esa obra que tienen aqu\u00ed es lo mejor de lo mejor; yo estoy muy agradecido porque aqu\u00ed nos han recibido con los brazos abiertos, la Alcald\u00eda, la Personer\u00eda, Derechos Humanos. Nos han brindado apoyo psicol\u00f3gico, la comida, la dormida, y vea, con el modo de ser de uno, hasta opci\u00f3n de trabajo me dieron<\/em>\u201d.<\/p>\n","protected":false},"excerpt":{"rendered":"<p>144 n\u00facleos familiares han recibido ayuda humanitaria, kits de alimentos y albergue temporal. Entre el 1 de enero y el 20 de febrero de 2025, la Administraci\u00f3n Distrital brind\u00f3 atenci\u00f3n integral a 144 familias desplazadas, &#8230;<\/p>\n","protected":false},"author":21,"featured_media":387539,"comment_status":"open","ping_status":"open","sticky":false,"template":"","format":"standard","meta":[],"categories":[701],"tags":[455],"formato_nota":[],"programas_tax":[],"acf":[],"_links":{"self":[{"href":"https:\/\/www.medellin.gov.co\/es\/wp-json\/wp\/v2\/posts\/387560"}],"collection":[{"href":"https:\/\/www.medellin.gov.co\/es\/wp-json\/wp\/v2\/posts"}],"about":[{"href":"https:\/\/www.medellin.gov.co\/es\/wp-json\/wp\/v2\/types\/post"}],"author":[{"embeddable":true,"href":"https:\/\/www.medellin.gov.co\/es\/wp-json\/wp\/v2\/users\/21"}],"replies":[{"embeddable":true,"href":"https:\/\/www.medellin.gov.co\/es\/wp-json\/wp\/v2\/comments?post=387560"}],"version-history":[{"count":1,"href":"https:\/\/www.medellin.gov.co\/es\/wp-json\/wp\/v2\/posts\/387560\/revisions"}],"predecessor-version":[{"id":387563,"href":"https:\/\/www.medellin.gov.co\/es\/wp-json\/wp\/v2\/posts\/387560\/revisions\/387563"}],"wp:featuredmedia":[{"embeddable":true,"href":"https:\/\/www.medellin.gov.co\/es\/wp-json\/wp\/v2\/media\/387539"}],"wp:attachment":[{"href":"https:\/\/www.medellin.gov.co\/es\/wp-json\/wp\/v2\/media?parent=387560"}],"wp:term":[{"taxonomy":"category","embeddable":true,"href":"https:\/\/www.medellin.gov.co\/es\/wp-json\/wp\/v2\/categories?post=387560"},{"taxonomy":"post_tag","embeddable":true,"href":"https:\/\/www.medellin.gov.co\/es\/wp-json\/wp\/v2\/tags?post=387560"},{"taxonomy":"formato_nota","embeddable":true,"href":"https:\/\/www.medellin.gov.co\/es\/wp-json\/wp\/v2\/formato_nota?post=387560"},{"taxonomy":"programas_tax","embeddable":true,"href":"https:\/\/www.medellin.gov.co\/es\/wp-json\/wp\/v2\/programas_tax?post=387560"}],"curies":[{"name":"wp","href":"https:\/\/api.w.org\/{rel}","templated":true}]}}