{"id":387866,"date":"2025-02-24T18:34:13","date_gmt":"2025-02-24T23:34:13","guid":{"rendered":"https:\/\/www.medellin.gov.co\/es\/?p=387866"},"modified":"2025-03-04T09:36:11","modified_gmt":"2025-03-04T14:36:11","slug":"creo-en-la-autonomia-economica-de-nuestras-mujeres-ustedes-tienen-unas-capacidades-inmensas-alcalde-federico-gutierrez","status":"publish","type":"post","link":"https:\/\/www.medellin.gov.co\/es\/sala-de-prensa\/noticias\/creo-en-la-autonomia-economica-de-nuestras-mujeres-ustedes-tienen-unas-capacidades-inmensas-alcalde-federico-gutierrez\/","title":{"rendered":"\u201cCreo en la autonom\u00eda econ\u00f3mica de nuestras mujeres, ustedes tienen unas capacidades inmensas\u201d: alcalde Federico Guti\u00e9rrez"},"content":{"rendered":"<ul>\n<li>100 mujeres cabeza de hogar de Manrique fortalecieron sus emprendimientos con apoyo del Distrito.<\/li>\n<li>Las participantes recibieron 50 horas de capacitaci\u00f3n y acompa\u00f1amiento empresarial para sus ideas de negocio o emprendimientos.<\/li>\n<li>El 70 % de las beneficiarias no contaba con empleo fijo y el 27 % son cuidadoras de personas con alguna discapacidad.<\/li>\n<\/ul>\n<!--[if lt IE 9]><script>document.createElement('audio');<\/script><![endif]-->\n\t<div class=\"wp-playlist wp-audio-playlist wp-playlist-light\">\n\t\t\t<div class=\"wp-playlist-current-item\"><\/div>\n\t\t<audio controls=\"controls\" preload=\"none\" width=\"640\"\n\t\t\t><\/audio>\n\t<div class=\"wp-playlist-next\"><\/div>\n\t<div class=\"wp-playlist-prev\"><\/div>\n\t<noscript>\n\t<ol>\n\t\t<li><a href='https:\/\/www.medellin.gov.co\/es\/wp-content\/uploads\/2025\/02\/Declaraciones-Alcalde-Federico-Gutierrez.mp3'>Declaraciones Alcalde Federico Guti\u00e9rrez<\/a><\/li>\t<\/ol>\n\t<\/noscript>\n\t<script type=\"application\/json\" class=\"wp-playlist-script\">{\"type\":\"audio\",\"tracklist\":true,\"tracknumbers\":true,\"images\":true,\"artists\":true,\"tracks\":[{\"src\":\"https:\\\/\\\/www.medellin.gov.co\\\/es\\\/wp-content\\\/uploads\\\/2025\\\/02\\\/Declaraciones-Alcalde-Federico-Gutierrez.mp3\",\"type\":\"audio\\\/mpeg\",\"title\":\"Declaraciones Alcalde Federico Guti\\u00e9rrez\",\"caption\":\"Declaraciones del Alcalde Federico Guti\\u00e9rrez - Autonom\\u00eda econ\\u00f3mica para las mujeres de la Comuna 3, Manrique\",\"description\":\"\\u00abDeclaraciones Alcalde Federico Guti\\u00e9rrez\\u00bb.\",\"meta\":{\"length_formatted\":\"1:50\"},\"image\":{\"src\":\"https:\\\/\\\/www.medellin.gov.co\\\/es\\\/wp-includes\\\/images\\\/media\\\/audio.png\",\"width\":48,\"height\":64},\"thumb\":{\"src\":\"https:\\\/\\\/www.medellin.gov.co\\\/es\\\/wp-includes\\\/images\\\/media\\\/audio.png\",\"width\":48,\"height\":64}}]}<\/script>\n<\/div>\n\t\n<p>Con el objetivo de impulsar el desarrollo econ\u00f3mico y la autonom\u00eda de las mujeres en la comuna 3 &#8211; Manrique, la <a href=\"https:\/\/www.medellin.gov.co\/\" target=\"_blank\" rel=\"noopener\">Alcald\u00eda de Medell\u00edn<\/a> culmin\u00f3 con \u00e9xito el componente para la Autonom\u00eda Econ\u00f3mica de las Mujeres. Esta iniciativa benefici\u00f3 a 100 mujeres cabeza de hogar, quienes fortalecieron sus emprendimientos con formaci\u00f3n especializada y recibieron un incentivo en maquinaria, herramientas, equipos e insumos.<\/p>\n<div id=\"attachment_387871\" style=\"width: 1034px\" class=\"wp-caption alignnone\"><img aria-describedby=\"caption-attachment-387871\" loading=\"lazy\" class=\"wp-image-387871 size-large\" src=\"https:\/\/www.medellin.gov.co\/es\/wp-content\/uploads\/2025\/02\/Encuentro-Mujeres-cabeza-de-famila-3-1024x682.jpg\" alt=\"Encuentro Mujeres cabeza de famila 3\" width=\"1024\" height=\"682\" srcset=\"https:\/\/www.medellin.gov.co\/es\/wp-content\/uploads\/2025\/02\/Encuentro-Mujeres-cabeza-de-famila-3-1024x682.jpg 1024w, https:\/\/www.medellin.gov.co\/es\/wp-content\/uploads\/2025\/02\/Encuentro-Mujeres-cabeza-de-famila-3-300x200.jpg 300w, https:\/\/www.medellin.gov.co\/es\/wp-content\/uploads\/2025\/02\/Encuentro-Mujeres-cabeza-de-famila-3-150x100.jpg 150w, https:\/\/www.medellin.gov.co\/es\/wp-content\/uploads\/2025\/02\/Encuentro-Mujeres-cabeza-de-famila-3-768x512.jpg 768w, https:\/\/www.medellin.gov.co\/es\/wp-content\/uploads\/2025\/02\/Encuentro-Mujeres-cabeza-de-famila-3-1536x1023.jpg 1536w, https:\/\/www.medellin.gov.co\/es\/wp-content\/uploads\/2025\/02\/Encuentro-Mujeres-cabeza-de-famila-3.jpg 1600w\" sizes=\"(max-width: 1024px) 100vw, 1024px\" \/><p id=\"caption-attachment-387871\" class=\"wp-caption-text\">Encuentro de autonom\u00eda econ\u00f3mica para las mujeres de la Comuna 3, Manrique. \u201cCreo en la autonom\u00eda econ\u00f3mica de mujeres\u201d<\/p><\/div>\n<p>\u201cMuchas han sacado a sus hijos adelante, llegan a una edad donde todav\u00eda son productivas, tienen mucho por darle a la sociedad, est\u00e1n pensando qu\u00e9 aprender, c\u00f3mo seguir ayud\u00e1ndose y ayud\u00e1ndole a los dem\u00e1s. Estos programas me encantan. Creo en la autonom\u00eda econ\u00f3mica de nuestras mujeres, en esas posibilidades. Ustedes tienen unas capacidades inmensas. \u00bfEsto con qu\u00e9 lo hacemos? Con los recursos de la gente, de los impuestos que pagan los ciudadanos\u201d, dijo el alcalde de Medell\u00edn, Federico Guti\u00e9rrez.<\/p>\n<div id=\"attachment_387874\" style=\"width: 928px\" class=\"wp-caption alignnone\"><img aria-describedby=\"caption-attachment-387874\" loading=\"lazy\" class=\"wp-image-387874 size-large\" src=\"https:\/\/www.medellin.gov.co\/es\/wp-content\/uploads\/2025\/02\/Federico-Gutierrez-en-evento-madres-cabeza-de-familia-918x1024.jpg\" alt=\"Federico Guti\u00e9rrez en evento madres cabeza de familia\" width=\"918\" height=\"1024\" srcset=\"https:\/\/www.medellin.gov.co\/es\/wp-content\/uploads\/2025\/02\/Federico-Gutierrez-en-evento-madres-cabeza-de-familia-918x1024.jpg 918w, https:\/\/www.medellin.gov.co\/es\/wp-content\/uploads\/2025\/02\/Federico-Gutierrez-en-evento-madres-cabeza-de-familia-269x300.jpg 269w, https:\/\/www.medellin.gov.co\/es\/wp-content\/uploads\/2025\/02\/Federico-Gutierrez-en-evento-madres-cabeza-de-familia-134x150.jpg 134w, https:\/\/www.medellin.gov.co\/es\/wp-content\/uploads\/2025\/02\/Federico-Gutierrez-en-evento-madres-cabeza-de-familia-768x857.jpg 768w, https:\/\/www.medellin.gov.co\/es\/wp-content\/uploads\/2025\/02\/Federico-Gutierrez-en-evento-madres-cabeza-de-familia-1376x1536.jpg 1376w, https:\/\/www.medellin.gov.co\/es\/wp-content\/uploads\/2025\/02\/Federico-Gutierrez-en-evento-madres-cabeza-de-familia-1835x2048.jpg 1835w\" sizes=\"(max-width: 918px) 100vw, 918px\" \/><p id=\"caption-attachment-387874\" class=\"wp-caption-text\">Alcalde Federico Guti\u00e9rrez junto a Flor Marcela Sierra Benjumea, participante en el proceso de acompa\u00f1amiento por parte del Distrito. \u201cCreo en la autonom\u00eda econ\u00f3mica de mujeres\u201d<\/p><\/div>\n<p>El proceso incluy\u00f3 m\u00e1s de 50 horas de capacitaci\u00f3n y acompa\u00f1amiento empresarial. Las participantes desarrollaron habilidades personales clave para fortalecer su autonom\u00eda econ\u00f3mica. Adem\u00e1s, recibieron formaci\u00f3n en gesti\u00f3n de costos, planificaci\u00f3n financiera y estrategias comerciales.<\/p>\n<p>Como resultado, las 100 beneficiarias completaron con \u00e9xito el programa, adquiriendo herramientas para la toma de decisiones econ\u00f3micas, consolidando sus ideas de negocio y recibiendo maquinaria e insumos para materializar o mejorar sus emprendimientos.<\/p>\n<div id=\"attachment_387876\" style=\"width: 1034px\" class=\"wp-caption alignnone\"><img aria-describedby=\"caption-attachment-387876\" loading=\"lazy\" class=\"wp-image-387876 size-large\" src=\"https:\/\/www.medellin.gov.co\/es\/wp-content\/uploads\/2025\/02\/Autonomia-economica-1024x683.jpg\" alt=\"Participante proceso de acompa\u00f1amiento del distrito\" width=\"1024\" height=\"683\" srcset=\"https:\/\/www.medellin.gov.co\/es\/wp-content\/uploads\/2025\/02\/Autonomia-economica-1024x683.jpg 1024w, https:\/\/www.medellin.gov.co\/es\/wp-content\/uploads\/2025\/02\/Autonomia-economica-300x200.jpg 300w, https:\/\/www.medellin.gov.co\/es\/wp-content\/uploads\/2025\/02\/Autonomia-economica-150x100.jpg 150w, https:\/\/www.medellin.gov.co\/es\/wp-content\/uploads\/2025\/02\/Autonomia-economica-768x512.jpg 768w, https:\/\/www.medellin.gov.co\/es\/wp-content\/uploads\/2025\/02\/Autonomia-economica-1536x1024.jpg 1536w, https:\/\/www.medellin.gov.co\/es\/wp-content\/uploads\/2025\/02\/Autonomia-economica-2048x1365.jpg 2048w\" sizes=\"(max-width: 1024px) 100vw, 1024px\" \/><p id=\"caption-attachment-387876\" class=\"wp-caption-text\">Maria Argemira Balz\u00e1n S\u00e1nchez, participante en el proceso de acompa\u00f1amiento del Distrito. \u201cCreo en la autonom\u00eda econ\u00f3mica de mujeres\u201d<\/p><\/div>\n<p>\u201cEsta es una puerta que se abre. Yo me postul\u00e9 con las artesan\u00edas para tener ese incentivo econ\u00f3mico que me ayud\u00f3 much\u00edsimo a hacer realidad mi sue\u00f1o. Es el principio, no el fin. S\u00e9 que viene algo muy hermoso, detr\u00e1s de esto hay muchas oportunidades. Me siento muy orgullosa al recibir el material para mi emprendimiento\u201d, expres\u00f3 Mar\u00eda Eugenia Londo\u00f1o Loaiza, una de las beneficiarias.<\/p>\n<p>Este grupo, conformado por mujeres con edades entre 30 y 65 a\u00f1os, refleja la diversidad y los retos de la comuna 13: el 27 % son cuidadoras de personas con discapacidad, el 5 % tiene alguna discapacidad, y el 70 % no contaba con un empleo fijo al momento de su inscripci\u00f3n. Sin embargo, muchas de ellas ya hab\u00edan iniciado peque\u00f1os emprendimientos o contaban con ideas de negocio con potencial de desarrollo.<\/p>\n<div id=\"attachment_387878\" style=\"width: 1034px\" class=\"wp-caption alignnone\"><img aria-describedby=\"caption-attachment-387878\" loading=\"lazy\" class=\"wp-image-387878 size-large\" src=\"https:\/\/www.medellin.gov.co\/es\/wp-content\/uploads\/2025\/02\/Encuentro-mujeres-cabeza-de-familia-1024x768.jpg\" alt=\"\" width=\"1024\" height=\"768\" srcset=\"https:\/\/www.medellin.gov.co\/es\/wp-content\/uploads\/2025\/02\/Encuentro-mujeres-cabeza-de-familia-1024x768.jpg 1024w, https:\/\/www.medellin.gov.co\/es\/wp-content\/uploads\/2025\/02\/Encuentro-mujeres-cabeza-de-familia-300x225.jpg 300w, https:\/\/www.medellin.gov.co\/es\/wp-content\/uploads\/2025\/02\/Encuentro-mujeres-cabeza-de-familia-150x113.jpg 150w, https:\/\/www.medellin.gov.co\/es\/wp-content\/uploads\/2025\/02\/Encuentro-mujeres-cabeza-de-familia-768x576.jpg 768w, https:\/\/www.medellin.gov.co\/es\/wp-content\/uploads\/2025\/02\/Encuentro-mujeres-cabeza-de-familia-1536x1152.jpg 1536w, https:\/\/www.medellin.gov.co\/es\/wp-content\/uploads\/2025\/02\/Encuentro-mujeres-cabeza-de-familia.jpg 1600w\" sizes=\"(max-width: 1024px) 100vw, 1024px\" \/><p id=\"caption-attachment-387878\" class=\"wp-caption-text\">Acompa\u00f1amiento de autonom\u00eda econ\u00f3mica para las mujeres de la Comuna 3, Manrique. \u201cCreo en la autonom\u00eda econ\u00f3mica de mujeres\u201d<\/p><\/div>\n<p>Adicionalmente, desde los Centros de Emprendimiento y Empleo, ubicados en las 16 comunas y cinco corregimientos, todas las personas pueden acceder a la oferta institucional y al acompa\u00f1amiento adecuado para afianzar sus capacidades y sus ideas de negocios.<\/p>\n","protected":false},"excerpt":{"rendered":"<p>100 mujeres cabeza de hogar de Manrique fortalecieron sus emprendimientos con apoyo del Distrito. Las participantes recibieron 50 horas de capacitaci\u00f3n y acompa\u00f1amiento empresarial para sus ideas de negocio o emprendimientos. El 70 % de &#8230;<\/p>\n","protected":false},"author":97,"featured_media":387867,"comment_status":"open","ping_status":"open","sticky":false,"template":"","format":"standard","meta":[],"categories":[663],"tags":[691,431,455,450],"formato_nota":[],"programas_tax":[],"acf":[],"_links":{"self":[{"href":"https:\/\/www.medellin.gov.co\/es\/wp-json\/wp\/v2\/posts\/387866"}],"collection":[{"href":"https:\/\/www.medellin.gov.co\/es\/wp-json\/wp\/v2\/posts"}],"about":[{"href":"https:\/\/www.medellin.gov.co\/es\/wp-json\/wp\/v2\/types\/post"}],"author":[{"embeddable":true,"href":"https:\/\/www.medellin.gov.co\/es\/wp-json\/wp\/v2\/users\/97"}],"replies":[{"embeddable":true,"href":"https:\/\/www.medellin.gov.co\/es\/wp-json\/wp\/v2\/comments?post=387866"}],"version-history":[{"count":5,"href":"https:\/\/www.medellin.gov.co\/es\/wp-json\/wp\/v2\/posts\/387866\/revisions"}],"predecessor-version":[{"id":389756,"href":"https:\/\/www.medellin.gov.co\/es\/wp-json\/wp\/v2\/posts\/387866\/revisions\/389756"}],"wp:featuredmedia":[{"embeddable":true,"href":"https:\/\/www.medellin.gov.co\/es\/wp-json\/wp\/v2\/media\/387867"}],"wp:attachment":[{"href":"https:\/\/www.medellin.gov.co\/es\/wp-json\/wp\/v2\/media?parent=387866"}],"wp:term":[{"taxonomy":"category","embeddable":true,"href":"https:\/\/www.medellin.gov.co\/es\/wp-json\/wp\/v2\/categories?post=387866"},{"taxonomy":"post_tag","embeddable":true,"href":"https:\/\/www.medellin.gov.co\/es\/wp-json\/wp\/v2\/tags?post=387866"},{"taxonomy":"formato_nota","embeddable":true,"href":"https:\/\/www.medellin.gov.co\/es\/wp-json\/wp\/v2\/formato_nota?post=387866"},{"taxonomy":"programas_tax","embeddable":true,"href":"https:\/\/www.medellin.gov.co\/es\/wp-json\/wp\/v2\/programas_tax?post=387866"}],"curies":[{"name":"wp","href":"https:\/\/api.w.org\/{rel}","templated":true}]}}