{"id":387941,"date":"2025-02-25T11:17:52","date_gmt":"2025-02-25T16:17:52","guid":{"rendered":"https:\/\/www.medellin.gov.co\/es\/?p=387941"},"modified":"2025-02-25T15:15:32","modified_gmt":"2025-02-25T20:15:32","slug":"antes-de-empezar-a-sonar-se-necesita-un-techo-donde-dormir-alcalde-federico-gutierrez-durante-la-presentacion-de-compra-tu-casa","status":"publish","type":"post","link":"https:\/\/www.medellin.gov.co\/es\/sala-de-prensa\/noticias\/antes-de-empezar-a-sonar-se-necesita-un-techo-donde-dormir-alcalde-federico-gutierrez-durante-la-presentacion-de-compra-tu-casa\/","title":{"rendered":"\u201cAntes de empezar a so\u00f1ar, se necesita un techo donde dormir\u201d: alcalde Federico Guti\u00e9rrez durante la presentaci\u00f3n de \u201cCompra tu Casa\u201d"},"content":{"rendered":"<ul>\n<li>Esta es la segunda convocatoria del Subsidio Distrital de Vivienda Nueva VIP o VIS.<\/li>\n<li>En 2025 se destinar\u00e1n $9.300 millones, con entrega de recursos entre los $13 millones y los $15 millones.<\/li>\n<\/ul>\n<!--[if lt IE 9]><script>document.createElement('audio');<\/script><![endif]-->\n\t<div class=\"wp-playlist wp-audio-playlist wp-playlist-light\">\n\t\t\t<div class=\"wp-playlist-current-item\"><\/div>\n\t\t<audio controls=\"controls\" preload=\"none\" width=\"640\"\n\t\t\t><\/audio>\n\t<div class=\"wp-playlist-next\"><\/div>\n\t<div class=\"wp-playlist-prev\"><\/div>\n\t<noscript>\n\t<ol>\n\t\t<li><a href='https:\/\/www.medellin.gov.co\/es\/wp-content\/uploads\/2025\/02\/Declaraciones-Federico-Gutierrez-Compra-tu-casa.mp3'>Declaraciones Federico Guti\u00e9rrez (Compra tu casa)<\/a><\/li>\t<\/ol>\n\t<\/noscript>\n\t<script type=\"application\/json\" class=\"wp-playlist-script\">{\"type\":\"audio\",\"tracklist\":true,\"tracknumbers\":true,\"images\":true,\"artists\":true,\"tracks\":[{\"src\":\"https:\\\/\\\/www.medellin.gov.co\\\/es\\\/wp-content\\\/uploads\\\/2025\\\/02\\\/Declaraciones-Federico-Gutierrez-Compra-tu-casa.mp3\",\"type\":\"audio\\\/mpeg\",\"title\":\"Declaraciones Federico Guti\\u00e9rrez (Compra tu casa)\",\"caption\":\"Declaraciones del Alcalde Federico Guti\\u00e9rrez (Compra tu casa)\",\"description\":\"\\u00abDeclaraciones Federico Gut\\u00ederrez (Compra tu casa)\\u00bb.\",\"meta\":{\"length_formatted\":\"3:33\"},\"image\":{\"src\":\"https:\\\/\\\/www.medellin.gov.co\\\/es\\\/wp-includes\\\/images\\\/media\\\/audio.png\",\"width\":48,\"height\":64},\"thumb\":{\"src\":\"https:\\\/\\\/www.medellin.gov.co\\\/es\\\/wp-includes\\\/images\\\/media\\\/audio.png\",\"width\":48,\"height\":64}}]}<\/script>\n<\/div>\n\t\n<p><a href=\"https:\/\/www.medellin.gov.co\/\" target=\"_blank\" rel=\"noopener\">La Administraci\u00f3n Distrital<\/a> contin\u00faa comprometida con la disminuci\u00f3n del d\u00e9ficit cuantitativo habitacional, esta vez con un subsidio que aportar\u00e1 al cierre financiero, lo que incentiva a las familias a tomar la decisi\u00f3n de compra de vivienda nueva de inter\u00e9s prioritario (VIP) o de inter\u00e9s social (VIS). De esta manera, la proyecci\u00f3n del cr\u00e9dito hipotecario bajar\u00eda.<\/p>\n<div class=\"embed-responsive embed-responsive-16by9\"><div class=\"iframe-container\"><iframe class=\"embed-responsive-item\"  title=\"Compra tu Casa- Alcald\u00eda de Medell\u00edn\" width=\"500\" height=\"281\" src=\"https:\/\/www.youtube.com\/embed\/42BP-iFMfNI?feature=oembed\" frameborder=\"0\" allow=\"accelerometer; autoplay; clipboard-write; encrypted-media; gyroscope; picture-in-picture; web-share\" referrerpolicy=\"strict-origin-when-cross-origin\" allowfullscreen><\/iframe><\/div><\/div>\n<p>\u201cTener vivienda no es riqueza, pero no tenerla s\u00ed es mucha pobreza. Hay un d\u00e9ficit habitacional muy grande en la ciudad y un reto que es entregar este a\u00f1o entre 4.000 y 5.000 subsidios de acuerdo a la disponibilidad presupuestal, entendiendo que el Gobierno Nacional recort\u00f3, especialmente para Antioquia y Medell\u00edn, los subsidios de Mi Casa Ya. A partir de hoy quiero anunciar los subsidios por $9.300 millones para vivienda de inter\u00e9s social e inter\u00e9s prioritaria para 700 familias en proyectos que hoy se est\u00e1n validando desde lo p\u00fablico y lo privado hasta junio de 2027\u201d, explic\u00f3 el alcalde Federico Guti\u00e9rrez Zuluaga.<\/p>\n<p><img loading=\"lazy\" class=\"alignnone size-large wp-image-387946\" src=\"https:\/\/www.medellin.gov.co\/es\/wp-content\/uploads\/2025\/02\/Compra-tu-casa-papeleo-1024x682.jpg\" alt=\"Imagen de Compra tu casa papeleo\" width=\"1024\" height=\"682\" srcset=\"https:\/\/www.medellin.gov.co\/es\/wp-content\/uploads\/2025\/02\/Compra-tu-casa-papeleo-1024x682.jpg 1024w, https:\/\/www.medellin.gov.co\/es\/wp-content\/uploads\/2025\/02\/Compra-tu-casa-papeleo-300x200.jpg 300w, https:\/\/www.medellin.gov.co\/es\/wp-content\/uploads\/2025\/02\/Compra-tu-casa-papeleo-150x100.jpg 150w, https:\/\/www.medellin.gov.co\/es\/wp-content\/uploads\/2025\/02\/Compra-tu-casa-papeleo-768x512.jpg 768w, https:\/\/www.medellin.gov.co\/es\/wp-content\/uploads\/2025\/02\/Compra-tu-casa-papeleo-1536x1023.jpg 1536w, https:\/\/www.medellin.gov.co\/es\/wp-content\/uploads\/2025\/02\/Compra-tu-casa-papeleo.jpg 1600w\" sizes=\"(max-width: 1024px) 100vw, 1024px\" \/><\/p>\n<p>En 2024 se entregaron apoyos por m\u00e1s de $2.500 millones. Este a\u00f1o, la Administraci\u00f3n Distrital se propuso beneficiar a m\u00e1s familias, con la adjudicaci\u00f3n de $9.300 millones para la compra de vivienda nueva VIP o VIS, con escrituraci\u00f3n m\u00e1xima a junio de 2027.<\/p>\n<p>\u201cCompra tu Casa\u201d otorgar\u00e1 hasta $13 millones para quienes tengan asignaci\u00f3n de subsidios de las cajas de compensaci\u00f3n y\/o Gobierno Nacional en caso de que vuelva a habilitarse Mi Casa Ya, y hasta $15 millones para quienes no cuenten con ninguno de los subsidios anteriores. A ambas modalidades se les sumar\u00e1 el aporte de la <a href=\"https:\/\/viva.gov.co\/\" target=\"_blank\" rel=\"noopener\">Empresa de Vivienda de Antioquia (VIVA).<\/a><\/p>\n<p><img loading=\"lazy\" class=\"alignnone size-large wp-image-387948\" src=\"https:\/\/www.medellin.gov.co\/es\/wp-content\/uploads\/2025\/02\/compra-tu-casa-papeleo3-1024x682.jpg\" alt=\"Imagen ciudadana llenando formularios isvimed\" width=\"1024\" height=\"682\" srcset=\"https:\/\/www.medellin.gov.co\/es\/wp-content\/uploads\/2025\/02\/compra-tu-casa-papeleo3-1024x682.jpg 1024w, https:\/\/www.medellin.gov.co\/es\/wp-content\/uploads\/2025\/02\/compra-tu-casa-papeleo3-300x200.jpg 300w, https:\/\/www.medellin.gov.co\/es\/wp-content\/uploads\/2025\/02\/compra-tu-casa-papeleo3-150x100.jpg 150w, https:\/\/www.medellin.gov.co\/es\/wp-content\/uploads\/2025\/02\/compra-tu-casa-papeleo3-768x512.jpg 768w, https:\/\/www.medellin.gov.co\/es\/wp-content\/uploads\/2025\/02\/compra-tu-casa-papeleo3-1536x1023.jpg 1536w, https:\/\/www.medellin.gov.co\/es\/wp-content\/uploads\/2025\/02\/compra-tu-casa-papeleo3.jpg 1600w\" sizes=\"(max-width: 1024px) 100vw, 1024px\" \/><\/p>\n<p>La inscripci\u00f3n a este subsidio la puede hacer la constructora, el desarrollador o el hogar a trav\u00e9s de la p\u00e1gina web www.isvimed.gov.co. Es necesario tener m\u00e1s de 18 a\u00f1os, los ingresos del hogar no deben superar los cuatro salarios m\u00ednimos legales mensuales vigentes (SMLMV), estar residiendo en Medell\u00edn m\u00ednimo seis a\u00f1os de manera ininterrumpida, no tener casa en ninguna parte del pa\u00eds y estar vinculado a un proyecto de vivienda nueva de Inter\u00e9s Prioritario (VIP) o Vivienda de Inter\u00e9s Social (VIS), cuya escrituraci\u00f3n sea m\u00e1ximo a junio de 2027 y que cuente con viabilidad t\u00e9cnica.<\/p>\n<p><img loading=\"lazy\" class=\"alignnone size-large wp-image-387947\" src=\"https:\/\/www.medellin.gov.co\/es\/wp-content\/uploads\/2025\/02\/Compra-tu-casa-1024x682.jpg\" alt=\"imagen ciudadana Compra tu casa\" width=\"1024\" height=\"682\" srcset=\"https:\/\/www.medellin.gov.co\/es\/wp-content\/uploads\/2025\/02\/Compra-tu-casa-1024x682.jpg 1024w, https:\/\/www.medellin.gov.co\/es\/wp-content\/uploads\/2025\/02\/Compra-tu-casa-300x200.jpg 300w, https:\/\/www.medellin.gov.co\/es\/wp-content\/uploads\/2025\/02\/Compra-tu-casa-150x100.jpg 150w, https:\/\/www.medellin.gov.co\/es\/wp-content\/uploads\/2025\/02\/Compra-tu-casa-768x512.jpg 768w, https:\/\/www.medellin.gov.co\/es\/wp-content\/uploads\/2025\/02\/Compra-tu-casa-1536x1023.jpg 1536w, https:\/\/www.medellin.gov.co\/es\/wp-content\/uploads\/2025\/02\/Compra-tu-casa.jpg 1600w\" sizes=\"(max-width: 1024px) 100vw, 1024px\" \/><\/p>\n<p>Adicionalmente, es necesario no haber aplicado a un subsidio de vivienda con anterioridad a su postulaci\u00f3n, tener certificado de escrituraci\u00f3n del proyecto m\u00e1ximo a junio de 2027 y que este cuente con la viabilidad t\u00e9cnica por parte del <a href=\"https:\/\/isvimed.gov.co\/\" target=\"_blank\" rel=\"noopener\">Isvimed.<\/a><\/p>\n","protected":false},"excerpt":{"rendered":"<p>Esta es la segunda convocatoria del Subsidio Distrital de Vivienda Nueva VIP o VIS. En 2025 se destinar\u00e1n $9.300 millones, con entrega de recursos entre los $13 millones y los $15 millones. La Administraci\u00f3n Distrital &#8230;<\/p>\n","protected":false},"author":97,"featured_media":387942,"comment_status":"open","ping_status":"open","sticky":false,"template":"","format":"standard","meta":[],"categories":[663,17],"tags":[451,634],"formato_nota":[],"programas_tax":[],"acf":[],"_links":{"self":[{"href":"https:\/\/www.medellin.gov.co\/es\/wp-json\/wp\/v2\/posts\/387941"}],"collection":[{"href":"https:\/\/www.medellin.gov.co\/es\/wp-json\/wp\/v2\/posts"}],"about":[{"href":"https:\/\/www.medellin.gov.co\/es\/wp-json\/wp\/v2\/types\/post"}],"author":[{"embeddable":true,"href":"https:\/\/www.medellin.gov.co\/es\/wp-json\/wp\/v2\/users\/97"}],"replies":[{"embeddable":true,"href":"https:\/\/www.medellin.gov.co\/es\/wp-json\/wp\/v2\/comments?post=387941"}],"version-history":[{"count":2,"href":"https:\/\/www.medellin.gov.co\/es\/wp-json\/wp\/v2\/posts\/387941\/revisions"}],"predecessor-version":[{"id":387999,"href":"https:\/\/www.medellin.gov.co\/es\/wp-json\/wp\/v2\/posts\/387941\/revisions\/387999"}],"wp:featuredmedia":[{"embeddable":true,"href":"https:\/\/www.medellin.gov.co\/es\/wp-json\/wp\/v2\/media\/387942"}],"wp:attachment":[{"href":"https:\/\/www.medellin.gov.co\/es\/wp-json\/wp\/v2\/media?parent=387941"}],"wp:term":[{"taxonomy":"category","embeddable":true,"href":"https:\/\/www.medellin.gov.co\/es\/wp-json\/wp\/v2\/categories?post=387941"},{"taxonomy":"post_tag","embeddable":true,"href":"https:\/\/www.medellin.gov.co\/es\/wp-json\/wp\/v2\/tags?post=387941"},{"taxonomy":"formato_nota","embeddable":true,"href":"https:\/\/www.medellin.gov.co\/es\/wp-json\/wp\/v2\/formato_nota?post=387941"},{"taxonomy":"programas_tax","embeddable":true,"href":"https:\/\/www.medellin.gov.co\/es\/wp-json\/wp\/v2\/programas_tax?post=387941"}],"curies":[{"name":"wp","href":"https:\/\/api.w.org\/{rel}","templated":true}]}}