{"id":388425,"date":"2025-02-26T13:52:45","date_gmt":"2025-02-26T18:52:45","guid":{"rendered":"https:\/\/www.medellin.gov.co\/es\/?p=388425"},"modified":"2025-02-26T13:52:45","modified_gmt":"2025-02-26T18:52:45","slug":"la-feria-siguiente-nivel-en-tu-territorio-inicia-recorrido-por-las-comunas-y-corregimientos","status":"publish","type":"post","link":"https:\/\/www.medellin.gov.co\/es\/sala-de-prensa\/noticias\/la-feria-siguiente-nivel-en-tu-territorio-inicia-recorrido-por-las-comunas-y-corregimientos\/","title":{"rendered":"La Feria Siguiente Nivel en tu Territorio inicia recorrido por las comunas y corregimientos"},"content":{"rendered":"<ul>\n<li>Sapiencia busca llevar la oferta de educaci\u00f3n postsecundaria a m\u00e1s de 16.000 estudiantes de 10\u00b0 y 11\u00b0 en 2025.<\/li>\n<li>El primer encuentro ser\u00e1 el 28 de febrero en la Biblioteca Gabriel Garc\u00eda M\u00e1rquez del barrio Doce de Octubre.<\/li>\n<\/ul>\n<!--[if lt IE 9]><script>document.createElement('audio');<\/script><![endif]-->\n\t<div class=\"wp-playlist wp-audio-playlist wp-playlist-light\">\n\t\t\t<div class=\"wp-playlist-current-item\"><\/div>\n\t\t<audio controls=\"controls\" preload=\"none\" width=\"640\"\n\t\t\t><\/audio>\n\t<div class=\"wp-playlist-next\"><\/div>\n\t<div class=\"wp-playlist-prev\"><\/div>\n\t<noscript>\n\t<ol>\n\t\t<li><a href='https:\/\/www.medellin.gov.co\/es\/wp-content\/uploads\/2025\/02\/Feria-Siguiente-Nivel-01.mp3'>Palabras de Salom\u00f3n Cruz Zirene, director de Sapiencia<\/a><\/li>\t<\/ol>\n\t<\/noscript>\n\t<script type=\"application\/json\" class=\"wp-playlist-script\">{\"type\":\"audio\",\"tracklist\":true,\"tracknumbers\":true,\"images\":true,\"artists\":true,\"tracks\":[{\"src\":\"https:\\\/\\\/www.medellin.gov.co\\\/es\\\/wp-content\\\/uploads\\\/2025\\\/02\\\/Feria-Siguiente-Nivel-01.mp3\",\"type\":\"audio\\\/mpeg\",\"title\":\"Palabras de Salom\\u00f3n Cruz Zirene, director de Sapiencia\",\"caption\":\"\",\"description\":\"\\u00abFeria-Siguiente-Nivel-01\\u00bb.\",\"meta\":{\"length_formatted\":\"1:34\"},\"image\":{\"src\":\"https:\\\/\\\/www.medellin.gov.co\\\/es\\\/wp-includes\\\/images\\\/media\\\/audio.png\",\"width\":48,\"height\":64},\"thumb\":{\"src\":\"https:\\\/\\\/www.medellin.gov.co\\\/es\\\/wp-includes\\\/images\\\/media\\\/audio.png\",\"width\":48,\"height\":64}}]}<\/script>\n<\/div>\n\t\n<p>La Feria Siguiente Nivel en tu Territorio regresa a los barrios y corregimientos de Medell\u00edn, como parte del acercamiento de la oferta de las instituciones de educaci\u00f3n postsecundaria a los estudiantes de los grados 10\u00b0 y 11\u00b0.<\/p>\n<p>El primer encuentro de este a\u00f1o se har\u00e1 el 28 de febrero en la Biblioteca Gabriel Garc\u00eda M\u00e1rquez del barrio Doce de Octubre, en la comuna 6. En esta jornada participar\u00e1n 1.500 alumnos de 16 instituciones, quienes conocer\u00e1n las oportunidades de formaci\u00f3n t\u00e9cnica, tecnol\u00f3gica y profesional de las instituciones de educaci\u00f3n postsecundaria.<\/p>\n<p>\u201c<em>Queremos invitar a los estudiantes de secundaria de la comuna 6 y sectores vecinos a visitar la feria, en la que podr\u00e1n descubrir sus intereses, las carreras que los apasionan y tomar decisiones informadas, de acuerdo con su vocaci\u00f3n y lo que sue\u00f1an para ustedes. No solo tendr\u00e1n la oferta acad\u00e9mica en educaci\u00f3n superior y postsecundaria, tambi\u00e9n encontrar\u00e1n las oportunidades para acceder a estas, as\u00ed como la oferta de algunas de las secretar\u00edas y dependencias de la\u00a0<\/em><em>Alcald\u00eda de Medell\u00edn<\/em>\u201d, afirm\u00f3 el director de Sapiencia, Salom\u00f3n Cruz Zirene.<\/p>\n<div id=\"attachment_388358\" style=\"width: 1290px\" class=\"wp-caption alignnone\"><a href=\"https:\/\/www.medellin.gov.co\/es\/wp-content\/uploads\/2025\/02\/Feria-Siguiente-Nivel-2.jpg\" target=\"_blank\" rel=\"noopener\"><img aria-describedby=\"caption-attachment-388358\" loading=\"lazy\" class=\"wp-image-388358 size-full\" title=\"La Feria Siguiente Nivel en tu Territorio inicia recorrido por las comunas y corregimientos\" src=\"https:\/\/www.medellin.gov.co\/es\/wp-content\/uploads\/2025\/02\/Feria-Siguiente-Nivel-2.jpg\" alt=\"La Feria Siguiente Nivel en tu Territorio inicia recorrido por las comunas y corregimientos\" width=\"1280\" height=\"720\" srcset=\"https:\/\/www.medellin.gov.co\/es\/wp-content\/uploads\/2025\/02\/Feria-Siguiente-Nivel-2.jpg 1280w, https:\/\/www.medellin.gov.co\/es\/wp-content\/uploads\/2025\/02\/Feria-Siguiente-Nivel-2-300x169.jpg 300w, https:\/\/www.medellin.gov.co\/es\/wp-content\/uploads\/2025\/02\/Feria-Siguiente-Nivel-2-1024x576.jpg 1024w, https:\/\/www.medellin.gov.co\/es\/wp-content\/uploads\/2025\/02\/Feria-Siguiente-Nivel-2-150x84.jpg 150w, https:\/\/www.medellin.gov.co\/es\/wp-content\/uploads\/2025\/02\/Feria-Siguiente-Nivel-2-768x432.jpg 768w\" sizes=\"(max-width: 1280px) 100vw, 1280px\" \/><\/a><p id=\"caption-attachment-388358\" class=\"wp-caption-text\">La Feria Siguiente Nivel en tu Territorio inicia recorrido por las comunas y corregimientos &#8211; Foto Alcald\u00eda de Medell\u00edn<\/p><\/div>\n<p>En su primera edici\u00f3n en 2024, bajo este formato itinerante, la Feria Siguiente Nivel en tu Territorio impact\u00f3 a 15.800 j\u00f3venes de grado 11\u00b0, con informaci\u00f3n sobre la oferta educativa postsecundaria disponible en Medell\u00edn y los programas de algunas entidades del conglomerado. El a\u00f1o pasado, Sapiencia llev\u00f3 la feria a 14 comunas y cuatro corregimientos, lo que benefici\u00f3 a estudiantes de 171 colegios.<\/p>\n<p>Durante las jornadas, los asistentes participaron en la carrera de observaci\u00f3n \u2018Meta Aventura\u2019, una experiencia que combina din\u00e1micas presenciales con elementos digitales, para guiarlos a descubrir sus gustos, habilidades y posibles rutas de formaci\u00f3n.<\/p>\n<p>Entre los 5.704 inscritos en la actividad, las \u00e1reas con mayor preferencia fueron: 246 en salud f\u00edsica y mental; 161 en ingenier\u00edas, programaci\u00f3n y software; 127 en m\u00fasica, artes y dise\u00f1o en general; 59 en est\u00e9tica; 57 en derecho; y 56 en veterinaria.<\/p>\n<p>Adem\u00e1s, al ser consultados sobre los temas que les gustar\u00eda explorar en el programa Medell\u00edn Capital Creativa, destacaron: producci\u00f3n de contenido digital y marketing (271); IA y anal\u00edtica de datos (260); gesti\u00f3n cultural (150); log\u00edstica y automatizaci\u00f3n de procesos (97); y realidad aumentada (95).<\/p>\n<div id=\"attachment_388356\" style=\"width: 1290px\" class=\"wp-caption alignnone\"><a href=\"https:\/\/www.medellin.gov.co\/es\/wp-content\/uploads\/2025\/02\/Feria-Siguiente-Nivel-3.jpg\" target=\"_blank\" rel=\"noopener\"><img aria-describedby=\"caption-attachment-388356\" loading=\"lazy\" class=\"wp-image-388356 size-full\" title=\"La Feria Siguiente Nivel en tu Territorio inicia recorrido por las comunas y corregimientos\" src=\"https:\/\/www.medellin.gov.co\/es\/wp-content\/uploads\/2025\/02\/Feria-Siguiente-Nivel-3.jpg\" alt=\"La Feria Siguiente Nivel en tu Territorio inicia recorrido por las comunas y corregimientos\" width=\"1280\" height=\"825\" srcset=\"https:\/\/www.medellin.gov.co\/es\/wp-content\/uploads\/2025\/02\/Feria-Siguiente-Nivel-3.jpg 1280w, https:\/\/www.medellin.gov.co\/es\/wp-content\/uploads\/2025\/02\/Feria-Siguiente-Nivel-3-300x193.jpg 300w, https:\/\/www.medellin.gov.co\/es\/wp-content\/uploads\/2025\/02\/Feria-Siguiente-Nivel-3-1024x660.jpg 1024w, https:\/\/www.medellin.gov.co\/es\/wp-content\/uploads\/2025\/02\/Feria-Siguiente-Nivel-3-150x97.jpg 150w, https:\/\/www.medellin.gov.co\/es\/wp-content\/uploads\/2025\/02\/Feria-Siguiente-Nivel-3-768x495.jpg 768w\" sizes=\"(max-width: 1280px) 100vw, 1280px\" \/><\/a><p id=\"caption-attachment-388356\" class=\"wp-caption-text\">La Feria Siguiente Nivel en tu Territorio inicia recorrido por las comunas y corregimientos &#8211; Foto Alcald\u00eda de Medell\u00edn<\/p><\/div>\n<p>La feria recorri\u00f3 Aranjuez, Santo Domingo, Manrique, Villa del Socorro, Castilla, Robledo, Villa Hermosa, Buenos Aires, La Am\u00e9rica, San Javier, El Poblado, Guayabal, Bel\u00e9n y los corregimientos San Crist\u00f3bal, Santa Elena y Altavista.<\/p>\n<p>En estos espacios participaron 70 instituciones de educaci\u00f3n superior, t\u00e9cnica y de formaci\u00f3n para el trabajo, entre ellas la Instituci\u00f3n Universitaria Pascual Bravo, el Colegio Mayor de Antioquia, la Instituci\u00f3n Universitaria ITM, la Universidad de Antioquia, Eafit, la Universidad Pontificia Bolivariana, la Escuela de Ingenier\u00eda de Antioquia, la Universidad Nacional y Halcones Aviation School.<\/p>\n<p>Asimismo, se cont\u00f3 con entidades como las secretar\u00edas de Educaci\u00f3n, Juventud, Desarrollo Econ\u00f3mico, el Inder y Metrosalud.<\/p>\n<p>La Feria Siguiente Nivel en tu Territorio continuar\u00e1 su recorrido este a\u00f1o, promoviendo el acceso a una educaci\u00f3n de calidad en los territorios.<\/p>\n","protected":false},"excerpt":{"rendered":"<p>Sapiencia busca llevar la oferta de educaci\u00f3n postsecundaria a m\u00e1s de 16.000 estudiantes de 10\u00b0 y 11\u00b0 en 2025. El primer encuentro ser\u00e1 el 28 de febrero en la Biblioteca Gabriel Garc\u00eda M\u00e1rquez del barrio &#8230;<\/p>\n","protected":false},"author":21,"featured_media":388357,"comment_status":"open","ping_status":"open","sticky":false,"template":"","format":"standard","meta":[],"categories":[4],"tags":[431,428],"formato_nota":[],"programas_tax":[],"acf":[],"_links":{"self":[{"href":"https:\/\/www.medellin.gov.co\/es\/wp-json\/wp\/v2\/posts\/388425"}],"collection":[{"href":"https:\/\/www.medellin.gov.co\/es\/wp-json\/wp\/v2\/posts"}],"about":[{"href":"https:\/\/www.medellin.gov.co\/es\/wp-json\/wp\/v2\/types\/post"}],"author":[{"embeddable":true,"href":"https:\/\/www.medellin.gov.co\/es\/wp-json\/wp\/v2\/users\/21"}],"replies":[{"embeddable":true,"href":"https:\/\/www.medellin.gov.co\/es\/wp-json\/wp\/v2\/comments?post=388425"}],"version-history":[{"count":1,"href":"https:\/\/www.medellin.gov.co\/es\/wp-json\/wp\/v2\/posts\/388425\/revisions"}],"predecessor-version":[{"id":388427,"href":"https:\/\/www.medellin.gov.co\/es\/wp-json\/wp\/v2\/posts\/388425\/revisions\/388427"}],"wp:featuredmedia":[{"embeddable":true,"href":"https:\/\/www.medellin.gov.co\/es\/wp-json\/wp\/v2\/media\/388357"}],"wp:attachment":[{"href":"https:\/\/www.medellin.gov.co\/es\/wp-json\/wp\/v2\/media?parent=388425"}],"wp:term":[{"taxonomy":"category","embeddable":true,"href":"https:\/\/www.medellin.gov.co\/es\/wp-json\/wp\/v2\/categories?post=388425"},{"taxonomy":"post_tag","embeddable":true,"href":"https:\/\/www.medellin.gov.co\/es\/wp-json\/wp\/v2\/tags?post=388425"},{"taxonomy":"formato_nota","embeddable":true,"href":"https:\/\/www.medellin.gov.co\/es\/wp-json\/wp\/v2\/formato_nota?post=388425"},{"taxonomy":"programas_tax","embeddable":true,"href":"https:\/\/www.medellin.gov.co\/es\/wp-json\/wp\/v2\/programas_tax?post=388425"}],"curies":[{"name":"wp","href":"https:\/\/api.w.org\/{rel}","templated":true}]}}