{"id":388430,"date":"2025-02-26T13:57:25","date_gmt":"2025-02-26T18:57:25","guid":{"rendered":"https:\/\/www.medellin.gov.co\/es\/?p=388430"},"modified":"2025-02-26T13:57:25","modified_gmt":"2025-02-26T18:57:25","slug":"300-mil-estudiantes-de-medellin-podran-recibir-acompanamiento-en-salud-mental-y-bienestar-integral-en-2025","status":"publish","type":"post","link":"https:\/\/www.medellin.gov.co\/es\/sala-de-prensa\/noticias\/300-mil-estudiantes-de-medellin-podran-recibir-acompanamiento-en-salud-mental-y-bienestar-integral-en-2025\/","title":{"rendered":"300 mil estudiantes de Medell\u00edn podr\u00e1n recibir acompa\u00f1amiento en salud mental y bienestar integral en 2025"},"content":{"rendered":"<ul>\n<li>420 profesionales acompa\u00f1ar\u00e1n a los estudiantes que lo requieran.<\/li>\n<li>La meta es alcanzar el 100 % de las instituciones educativas oficiales del Distrito, los colegios privados y las instituciones de cobertura, con el apoyo de las secretar\u00edas de Educaci\u00f3n y Salud, y el programa Medell\u00edn Te Quiere Saludable.<\/li>\n<\/ul>\n<!--[if lt IE 9]><script>document.createElement('audio');<\/script><![endif]-->\n\t<div class=\"wp-playlist wp-audio-playlist wp-playlist-light\">\n\t\t\t<div class=\"wp-playlist-current-item\"><\/div>\n\t\t<audio controls=\"controls\" preload=\"none\" width=\"640\"\n\t\t\t><\/audio>\n\t<div class=\"wp-playlist-next\"><\/div>\n\t<div class=\"wp-playlist-prev\"><\/div>\n\t<noscript>\n\t<ol>\n\t\t<li><a href='https:\/\/www.medellin.gov.co\/es\/wp-content\/uploads\/2025\/02\/Acompanamiento-Salud-Mental-01.mp3'>Palabras de Luz Aida Rend\u00f3n Berr\u00edo, subsecretaria de Salud P\u00fablica<\/a><\/li><li><a href='https:\/\/www.medellin.gov.co\/es\/wp-content\/uploads\/2025\/02\/Acompanamiento-Salud-Mental-02.mp3'>Palabras de Jorge R\u00edo Rivera, subsecretario de Prestaci\u00f3n del Servicio Educativo<\/a><\/li>\t<\/ol>\n\t<\/noscript>\n\t<script type=\"application\/json\" class=\"wp-playlist-script\">{\"type\":\"audio\",\"tracklist\":true,\"tracknumbers\":true,\"images\":true,\"artists\":true,\"tracks\":[{\"src\":\"https:\\\/\\\/www.medellin.gov.co\\\/es\\\/wp-content\\\/uploads\\\/2025\\\/02\\\/Acompanamiento-Salud-Mental-01.mp3\",\"type\":\"audio\\\/mpeg\",\"title\":\"Palabras de Luz Aida Rend\\u00f3n Berr\\u00edo, subsecretaria de Salud P\\u00fablica\",\"caption\":\"\",\"description\":\"\\u00abPalabras de Luz Aida Rend\\u00f3n Berr\\u00edo, subsecretaria de Salud P\\u00fablica\\u00bb.\",\"meta\":{\"year\":\"2025\",\"length_formatted\":\"0:53\"},\"image\":{\"src\":\"https:\\\/\\\/www.medellin.gov.co\\\/es\\\/wp-includes\\\/images\\\/media\\\/audio.png\",\"width\":48,\"height\":64},\"thumb\":{\"src\":\"https:\\\/\\\/www.medellin.gov.co\\\/es\\\/wp-includes\\\/images\\\/media\\\/audio.png\",\"width\":48,\"height\":64}},{\"src\":\"https:\\\/\\\/www.medellin.gov.co\\\/es\\\/wp-content\\\/uploads\\\/2025\\\/02\\\/Acompanamiento-Salud-Mental-02.mp3\",\"type\":\"audio\\\/mpeg\",\"title\":\"Palabras de Jorge R\\u00edo Rivera, subsecretario de Prestaci\\u00f3n del Servicio Educativo\",\"caption\":\"\",\"description\":\"\\u00abPalabras de Jorge R\\u00edo Rivera, subsecretario de Prestaci\\u00f3n del Servicio Educativo\\u00bb.\",\"meta\":{\"length_formatted\":\"0:33\"},\"image\":{\"src\":\"https:\\\/\\\/www.medellin.gov.co\\\/es\\\/wp-includes\\\/images\\\/media\\\/audio.png\",\"width\":48,\"height\":64},\"thumb\":{\"src\":\"https:\\\/\\\/www.medellin.gov.co\\\/es\\\/wp-includes\\\/images\\\/media\\\/audio.png\",\"width\":48,\"height\":64}}]}<\/script>\n<\/div>\n\t\n<p>La Alcald\u00eda de Medell\u00edn reafirma su compromiso con el bienestar de la ni\u00f1ez y la adolescencia y, por eso, en 2025 ampliar\u00e1 el equipo de atenci\u00f3n en salud mental para brindar acompa\u00f1amiento a 300 mil estudiantes de las instituciones educativas.<\/p>\n<p>Esta iniciativa, realizada entre la Secretar\u00eda de Educaci\u00f3n, la Secretar\u00eda de Salud y el programa Medell\u00edn Te Quiere Saludable, dispondr\u00e1 de un equipo de profesionales para los estudiantes que as\u00ed lo requieran.<\/p>\n<p>\u201c<em>Este programa est\u00e1 conformado por 170 psic\u00f3logos. Pasamos de 145 a 170, m\u00e1s\u00a0 de 254 profesionales para dar atenci\u00f3n y cobertura a nuestras ni\u00f1as, ni\u00f1os y adolescentes, enfermeros, nutricionistas y toda una variedad de profesionales al servicio del bienestar y la salud mental, porque hoy la Secretar\u00eda de Salud y la de Educaci\u00f3n se la juegan por ustedes y para ustedes<\/em>\u201d, indic\u00f3 la subsecretaria de Salud P\u00fablica, Luz Aida Rend\u00f3n Berr\u00edo.<\/p>\n<div id=\"attachment_388351\" style=\"width: 1290px\" class=\"wp-caption alignnone\"><a href=\"https:\/\/www.medellin.gov.co\/es\/wp-content\/uploads\/2025\/02\/Acompanamiento-Salud-Mental-2.jpg\" target=\"_blank\" rel=\"noopener\"><img aria-describedby=\"caption-attachment-388351\" loading=\"lazy\" class=\"wp-image-388351 size-full\" title=\"300 mil estudiantes de Medell\u00edn podr\u00e1n recibir acompa\u00f1amiento en salud mental y bienestar integral en 2025\" src=\"https:\/\/www.medellin.gov.co\/es\/wp-content\/uploads\/2025\/02\/Acompanamiento-Salud-Mental-2.jpg\" alt=\"300 mil estudiantes de Medell\u00edn podr\u00e1n recibir acompa\u00f1amiento en salud mental y bienestar integral en 2025\" width=\"1280\" height=\"853\" srcset=\"https:\/\/www.medellin.gov.co\/es\/wp-content\/uploads\/2025\/02\/Acompanamiento-Salud-Mental-2.jpg 1280w, https:\/\/www.medellin.gov.co\/es\/wp-content\/uploads\/2025\/02\/Acompanamiento-Salud-Mental-2-300x200.jpg 300w, https:\/\/www.medellin.gov.co\/es\/wp-content\/uploads\/2025\/02\/Acompanamiento-Salud-Mental-2-1024x682.jpg 1024w, https:\/\/www.medellin.gov.co\/es\/wp-content\/uploads\/2025\/02\/Acompanamiento-Salud-Mental-2-150x100.jpg 150w, https:\/\/www.medellin.gov.co\/es\/wp-content\/uploads\/2025\/02\/Acompanamiento-Salud-Mental-2-768x512.jpg 768w\" sizes=\"(max-width: 1280px) 100vw, 1280px\" \/><\/a><p id=\"caption-attachment-388351\" class=\"wp-caption-text\">300 mil estudiantes de Medell\u00edn podr\u00e1n recibir acompa\u00f1amiento en salud mental y bienestar integral en 2025 &#8211; Foto Alcald\u00eda de Medell\u00edn<\/p><\/div>\n<p>En 2025, el equipo crecer\u00e1 a 170 psic\u00f3logos, m\u00e1s 258 profesionales de apoyo institucional, mejorando as\u00ed la capacidad de atenci\u00f3n y articulaci\u00f3n con las comunidades educativas.<\/p>\n<p>Este refuerzo permitir\u00e1, adem\u00e1s del acompa\u00f1amiento en salud mental, la implementaci\u00f3n de un Equipo B\u00e1sico en Salud compuesto por nutricionistas, auxiliares de enfermer\u00eda, higienistas orales, gestores territoriales y otros profesionales de la salud, quienes identificar\u00e1n alertas y atender\u00e1n de manera integral las necesidades de los estudiantes.<\/p>\n<div id=\"attachment_388349\" style=\"width: 1290px\" class=\"wp-caption alignnone\"><a href=\"https:\/\/www.medellin.gov.co\/es\/wp-content\/uploads\/2025\/02\/Acompanamiento-Salud-Mental-3.jpg\" target=\"_blank\" rel=\"noopener\"><img aria-describedby=\"caption-attachment-388349\" loading=\"lazy\" class=\"wp-image-388349 size-full\" title=\"300 mil estudiantes de Medell\u00edn podr\u00e1n recibir acompa\u00f1amiento en salud mental y bienestar integral en 2025\" src=\"https:\/\/www.medellin.gov.co\/es\/wp-content\/uploads\/2025\/02\/Acompanamiento-Salud-Mental-3.jpg\" alt=\"300 mil estudiantes de Medell\u00edn podr\u00e1n recibir acompa\u00f1amiento en salud mental y bienestar integral en 2025\" width=\"1280\" height=\"853\" srcset=\"https:\/\/www.medellin.gov.co\/es\/wp-content\/uploads\/2025\/02\/Acompanamiento-Salud-Mental-3.jpg 1280w, https:\/\/www.medellin.gov.co\/es\/wp-content\/uploads\/2025\/02\/Acompanamiento-Salud-Mental-3-300x200.jpg 300w, https:\/\/www.medellin.gov.co\/es\/wp-content\/uploads\/2025\/02\/Acompanamiento-Salud-Mental-3-1024x682.jpg 1024w, https:\/\/www.medellin.gov.co\/es\/wp-content\/uploads\/2025\/02\/Acompanamiento-Salud-Mental-3-150x100.jpg 150w, https:\/\/www.medellin.gov.co\/es\/wp-content\/uploads\/2025\/02\/Acompanamiento-Salud-Mental-3-768x512.jpg 768w\" sizes=\"(max-width: 1280px) 100vw, 1280px\" \/><\/a><p id=\"caption-attachment-388349\" class=\"wp-caption-text\">300 mil estudiantes de Medell\u00edn podr\u00e1n recibir acompa\u00f1amiento en salud mental y bienestar integral en 2025 &#8211; Foto Alcald\u00eda de Medell\u00edn<\/p><\/div>\n<p>\u201c<em>Estamos muy contentos por la articulaci\u00f3n entre la Secretar\u00eda de Salud y la Secretar\u00eda de Educaci\u00f3n. Con ella, 300 mil estudiantes recibir\u00e1n programas y servicios en cuidado f\u00edsico y cuidado mental. Tambi\u00e9n, 258 profesionales de apoyo estar\u00e1n al interior de la escuela para acompa\u00f1ar los procesos de convivencia escolar<\/em>\u201d, dijo el subsecretario de Prestaci\u00f3n del Servicio Educativo, Jorge R\u00edo Rivera.<\/p>\n<p>Las 231 instituciones educativas oficiales, los 315 colegios privados y las 41 sedes de cobertura que prestan servicios de preescolar, b\u00e1sica primaria y secundaria que lo soliciten ser\u00e1n visitadas.<\/p>\n<p>Los establecimientos que se unan a esta estrategia recibir\u00e1n la oferta completa del programa Medell\u00edn Te Quiere Saludable, fortaleciendo el bienestar emocional y la salud integral de la comunidad educativa.<\/p>\n","protected":false},"excerpt":{"rendered":"<p>420 profesionales acompa\u00f1ar\u00e1n a los estudiantes que lo requieran. La meta es alcanzar el 100 % de las instituciones educativas oficiales del Distrito, los colegios privados y las instituciones de cobertura, con el apoyo de &#8230;<\/p>\n","protected":false},"author":21,"featured_media":388353,"comment_status":"open","ping_status":"open","sticky":false,"template":"","format":"standard","meta":[],"categories":[4,18],"tags":[431,452],"formato_nota":[],"programas_tax":[],"acf":[],"_links":{"self":[{"href":"https:\/\/www.medellin.gov.co\/es\/wp-json\/wp\/v2\/posts\/388430"}],"collection":[{"href":"https:\/\/www.medellin.gov.co\/es\/wp-json\/wp\/v2\/posts"}],"about":[{"href":"https:\/\/www.medellin.gov.co\/es\/wp-json\/wp\/v2\/types\/post"}],"author":[{"embeddable":true,"href":"https:\/\/www.medellin.gov.co\/es\/wp-json\/wp\/v2\/users\/21"}],"replies":[{"embeddable":true,"href":"https:\/\/www.medellin.gov.co\/es\/wp-json\/wp\/v2\/comments?post=388430"}],"version-history":[{"count":1,"href":"https:\/\/www.medellin.gov.co\/es\/wp-json\/wp\/v2\/posts\/388430\/revisions"}],"predecessor-version":[{"id":388433,"href":"https:\/\/www.medellin.gov.co\/es\/wp-json\/wp\/v2\/posts\/388430\/revisions\/388433"}],"wp:featuredmedia":[{"embeddable":true,"href":"https:\/\/www.medellin.gov.co\/es\/wp-json\/wp\/v2\/media\/388353"}],"wp:attachment":[{"href":"https:\/\/www.medellin.gov.co\/es\/wp-json\/wp\/v2\/media?parent=388430"}],"wp:term":[{"taxonomy":"category","embeddable":true,"href":"https:\/\/www.medellin.gov.co\/es\/wp-json\/wp\/v2\/categories?post=388430"},{"taxonomy":"post_tag","embeddable":true,"href":"https:\/\/www.medellin.gov.co\/es\/wp-json\/wp\/v2\/tags?post=388430"},{"taxonomy":"formato_nota","embeddable":true,"href":"https:\/\/www.medellin.gov.co\/es\/wp-json\/wp\/v2\/formato_nota?post=388430"},{"taxonomy":"programas_tax","embeddable":true,"href":"https:\/\/www.medellin.gov.co\/es\/wp-json\/wp\/v2\/programas_tax?post=388430"}],"curies":[{"name":"wp","href":"https:\/\/api.w.org\/{rel}","templated":true}]}}