{"id":388461,"date":"2025-02-27T12:30:48","date_gmt":"2025-02-27T17:30:48","guid":{"rendered":"https:\/\/www.medellin.gov.co\/es\/?p=388461"},"modified":"2025-02-27T16:12:17","modified_gmt":"2025-02-27T21:12:17","slug":"mas-de-lo-que-esperabamos-miriam-luna-atleta-sobre-renovacion-de-pista-de-trote-de-la-unidad-deportiva-de-belen","status":"publish","type":"post","link":"https:\/\/www.medellin.gov.co\/es\/sala-de-prensa\/noticias\/mas-de-lo-que-esperabamos-miriam-luna-atleta-sobre-renovacion-de-pista-de-trote-de-la-unidad-deportiva-de-belen\/","title":{"rendered":"\u201cM\u00e1s de lo que esper\u00e1bamos\u201d: Miriam Luna, atleta, sobre renovaci\u00f3n de pista de trote de la unidad deportiva de Bel\u00e9n"},"content":{"rendered":"<blockquote><p>Los esposos Miriam Luna y H\u00e9ctor S\u00e1nchez son de otras regiones de Colombia, pero se sienten paisas y les encanta hacer deporte en la pista de trote de la <a href=\"https:\/\/www.medellin.travel\/unidad-deportiva-de-belen-andres-escobar\/\" target=\"_blank\" rel=\"noopener\">unidad deportiva de Bel\u00e9n<\/a>. Con una inversi\u00f3n superior a los $4280 millones, estamos renovando la pista tras el notable deterioro que sufri\u00f3 hace pocos a\u00f1os. Miriam, H\u00e9ctor y Sandra Vera, otra atleta, consideran que la obra avanza bien.<\/p><\/blockquote>\n<p><div class=\"iframe-container\"><iframe title=\"YouTube video player\" src=\"https:\/\/www.youtube.com\/embed\/FMX8F_XrZ-E?si=lkze0ZEvr0LBPtML\" width=\"100%\" height=\"315\" frameborder=\"0\" allowfullscreen=\"allowfullscreen\"><span data-mce-type=\"bookmark\" style=\"display: inline-block; width: 0px; overflow: hidden; line-height: 0;\" class=\"mce_SELRES_start\">\ufeff<\/span><\/iframe><\/div><\/p>\n<p>Miriam Luna Torres es de Bogot\u00e1 y su esposo, H\u00e9ctor Eduardo S\u00e1nchez Sierra, de Cali, pero se sienten paisas. Est\u00e1n sentados a pocos metros de la pista de trote de la <a href=\"https:\/\/www.medellin.travel\/unidad-deportiva-de-belen-andres-escobar\/\" target=\"_blank\" rel=\"noopener\">unidad deportiva de Bel\u00e9n, Andr\u00e9s Escobar Saldarriaga<\/a>. <em>\u201cLos paisas nacemos donde nos da la gana\u201d,<\/em> comenta H\u00e9ctor.<\/p>\n<p><div class=\"iframe-container\"><iframe title=\"YouTube video player\" src=\"https:\/\/www.youtube.com\/embed\/KnI-vylYEwI?si=1pftor4SZlya03Ik\" width=\"100%\" height=\"315\" frameborder=\"0\" allowfullscreen=\"allowfullscreen\"><span data-mce-type=\"bookmark\" style=\"display: inline-block; width: 0px; overflow: hidden; line-height: 0;\" class=\"mce_SELRES_start\">\ufeff<\/span><span data-mce-type=\"bookmark\" style=\"display: inline-block; width: 0px; overflow: hidden; line-height: 0;\" class=\"mce_SELRES_start\">\ufeff<\/span><\/iframe><\/div><\/p>\n<p>Desde hace ocho a\u00f1os, cada semana salen de su casa, en el barrio Laureles, hacia la unidad deportiva de Bel\u00e9n, en el occidente de Medell\u00edn. Les encanta hacer deporte en la pista de trote. Por eso su malestar con el deterioro que sufri\u00f3 este escenario hace pocos a\u00f1os y su optimismo con las obras de renovaci\u00f3n que estamos ejecutando.<\/p>\n<p><em>\u201cEs m\u00e1s de lo que esper\u00e1bamos. Siente uno que a esta administraci\u00f3n le duelen los espacios deportivos\u201d,<\/em> expresa Miriam, quien pens\u00f3 que el Distrito solo arreglar\u00eda los resaltos que ten\u00eda el piso y que lo hac\u00eda parecer, seg\u00fan varios deportistas, el de una pista de obst\u00e1culos. De ah\u00ed su alegr\u00eda cuando el alcalde, Federico Guti\u00e9rrez Zuluaga, anunci\u00f3 la renovaci\u00f3n de este escenario.<\/p>\n<div id=\"attachment_388585\" style=\"width: 1034px\" class=\"wp-caption alignnone\"><img aria-describedby=\"caption-attachment-388585\" loading=\"lazy\" class=\"size-large wp-image-388585\" src=\"https:\/\/www.medellin.gov.co\/es\/wp-content\/uploads\/2025\/02\/MIRIAM-LUNA-1024x683.jpg\" alt=\"Pista de trote de la unidad deportiva de Bel\u00e9n\" width=\"1024\" height=\"683\" srcset=\"https:\/\/www.medellin.gov.co\/es\/wp-content\/uploads\/2025\/02\/MIRIAM-LUNA-1024x683.jpg 1024w, https:\/\/www.medellin.gov.co\/es\/wp-content\/uploads\/2025\/02\/MIRIAM-LUNA-300x200.jpg 300w, https:\/\/www.medellin.gov.co\/es\/wp-content\/uploads\/2025\/02\/MIRIAM-LUNA-150x100.jpg 150w, https:\/\/www.medellin.gov.co\/es\/wp-content\/uploads\/2025\/02\/MIRIAM-LUNA-768x512.jpg 768w, https:\/\/www.medellin.gov.co\/es\/wp-content\/uploads\/2025\/02\/MIRIAM-LUNA.jpg 1275w\" sizes=\"(max-width: 1024px) 100vw, 1024px\" \/><p id=\"caption-attachment-388585\" class=\"wp-caption-text\">Miriam Luna estudi\u00f3 terapia ocupacional y trabaj\u00f3 en rehabilitaci\u00f3n de personas con discapacidad f\u00edsica y cognitiva.<\/p><\/div>\n<p>La pista de trote no recib\u00eda mantenimiento desde 2019. Miriam cuenta que presenci\u00f3 la ca\u00edda de atletas debido al deterioro de la infraestructura. Por ello comprenden que desde el 27 de enero de 2025 est\u00e9 cerrada, pues ese d\u00eda empezaron los trabajos de renovaci\u00f3n que ir\u00e1n hasta mayo, mes para el que proyectamos entregar el escenario como nuevo.<\/p>\n<h4><strong>Seguridad y confort<\/strong><\/h4>\n<p>El mantenimiento contempla el cambio del piso por una superficie ideal para la pr\u00e1ctica del trote y para atletas principiantes, ya que garantiza mayor seguridad y altos niveles de confort.<\/p>\n\n\t\t<style type=\"text\/css\">\n\t\t\t#gallery-1 {\n\t\t\t\tmargin: auto;\n\t\t\t}\n\t\t\t#gallery-1 .gallery-item {\n\t\t\t\tfloat: left;\n\t\t\t\tmargin-top: 10px;\n\t\t\t\ttext-align: center;\n\t\t\t\twidth: 50%;\n\t\t\t}\n\t\t\t#gallery-1 img {\n\t\t\t\tborder: 2px solid #cfcfcf;\n\t\t\t}\n\t\t\t#gallery-1 .gallery-caption {\n\t\t\t\tmargin-left: 0;\n\t\t\t}\n\t\t\t\/* see gallery_shortcode() in wp-includes\/media.php *\/\n\t\t<\/style>\n\t\t<div id='gallery-1' class='gallery galleryid-388461 gallery-columns-2 gallery-size-full'><dl class='gallery-item'>\n\t\t\t<dt class='gallery-icon landscape'>\n\t\t\t\t<a href='https:\/\/www.medellin.gov.co\/es\/pala\/'><img width=\"1275\" height=\"850\" src=\"https:\/\/www.medellin.gov.co\/es\/wp-content\/uploads\/2025\/02\/PALA.jpg\" class=\"attachment-full size-full\" alt=\"Pista de trote de la unidad deportiva de Bel\u00e9n\" loading=\"lazy\" aria-describedby=\"gallery-1-388582\" srcset=\"https:\/\/www.medellin.gov.co\/es\/wp-content\/uploads\/2025\/02\/PALA.jpg 1275w, https:\/\/www.medellin.gov.co\/es\/wp-content\/uploads\/2025\/02\/PALA-300x200.jpg 300w, https:\/\/www.medellin.gov.co\/es\/wp-content\/uploads\/2025\/02\/PALA-1024x683.jpg 1024w, https:\/\/www.medellin.gov.co\/es\/wp-content\/uploads\/2025\/02\/PALA-150x100.jpg 150w, https:\/\/www.medellin.gov.co\/es\/wp-content\/uploads\/2025\/02\/PALA-768x512.jpg 768w\" sizes=\"(max-width: 1275px) 100vw, 1275px\" \/><\/a>\n\t\t\t<\/dt>\n\t\t\t\t<dd class='wp-caption-text gallery-caption' id='gallery-1-388582'>\n\t\t\t\tPista de trote de la unidad deportiva de Bel\u00e9n\n\t\t\t\t<\/dd><\/dl><dl class='gallery-item'>\n\t\t\t<dt class='gallery-icon landscape'>\n\t\t\t\t<a href='https:\/\/www.medellin.gov.co\/es\/acopio\/'><img width=\"1275\" height=\"850\" src=\"https:\/\/www.medellin.gov.co\/es\/wp-content\/uploads\/2025\/02\/ACOPIO.jpg\" class=\"attachment-full size-full\" alt=\"Pista de trote de la unidad deportiva de Bel\u00e9n\" loading=\"lazy\" srcset=\"https:\/\/www.medellin.gov.co\/es\/wp-content\/uploads\/2025\/02\/ACOPIO.jpg 1275w, https:\/\/www.medellin.gov.co\/es\/wp-content\/uploads\/2025\/02\/ACOPIO-300x200.jpg 300w, https:\/\/www.medellin.gov.co\/es\/wp-content\/uploads\/2025\/02\/ACOPIO-1024x683.jpg 1024w, https:\/\/www.medellin.gov.co\/es\/wp-content\/uploads\/2025\/02\/ACOPIO-150x100.jpg 150w, https:\/\/www.medellin.gov.co\/es\/wp-content\/uploads\/2025\/02\/ACOPIO-768x512.jpg 768w\" sizes=\"(max-width: 1275px) 100vw, 1275px\" \/><\/a>\n\t\t\t<\/dt><\/dl><br style=\"clear: both\" \/>\n\t\t<\/div>\n\n<p>Con la inversi\u00f3n de unos 4280 millones de pesos, instalaremos una superficie de pavimento prefabricado en caucho vulcanizado que contar\u00e1 con dos capas: una superior que proporciona mejor elasticidad, agarre y eficiencia en el drenaje; y una inferior que garantiza mayor absorci\u00f3n de los impactos, reduciendo la fatiga y las lesiones.<\/p>\n<div id=\"attachment_388580\" style=\"width: 1034px\" class=\"wp-caption alignnone\"><img aria-describedby=\"caption-attachment-388580\" loading=\"lazy\" class=\"size-large wp-image-388580\" src=\"https:\/\/www.medellin.gov.co\/es\/wp-content\/uploads\/2025\/02\/PILA-1024x683.jpg\" alt=\"Pista de trote de la unidad deportiva de Bel\u00e9n\" width=\"1024\" height=\"683\" srcset=\"https:\/\/www.medellin.gov.co\/es\/wp-content\/uploads\/2025\/02\/PILA-1024x683.jpg 1024w, https:\/\/www.medellin.gov.co\/es\/wp-content\/uploads\/2025\/02\/PILA-300x200.jpg 300w, https:\/\/www.medellin.gov.co\/es\/wp-content\/uploads\/2025\/02\/PILA-150x100.jpg 150w, https:\/\/www.medellin.gov.co\/es\/wp-content\/uploads\/2025\/02\/PILA-768x512.jpg 768w, https:\/\/www.medellin.gov.co\/es\/wp-content\/uploads\/2025\/02\/PILA.jpg 1275w\" sizes=\"(max-width: 1024px) 100vw, 1024px\" \/><p id=\"caption-attachment-388580\" class=\"wp-caption-text\">Instalaremos una superficie de pavimento prefabricado en caucho vulcanizado<\/p><\/div>\n<p><a href=\"https:\/\/www.inder.gov.co\/\" target=\"_blank\" rel=\"noopener\">El Instituto de Deportes y Recreaci\u00f3n (Inder)<\/a>, por intermedio de la <a href=\"https:\/\/www.edu.gov.co\/\" target=\"_blank\" rel=\"noopener\">Empresa de Desarrollo Urbano (EDU)<\/a>, contrat\u00f3 estas obras. Diego Serna Zuluaga, subgerente de Ejecuci\u00f3n de la EDU, explica que las actividades comprenden recuperaci\u00f3n del pavimento, importaci\u00f3n del piso para la superficie y reparaci\u00f3n de bordillos. <em>\u201cHoy la obra tiene un avance del 24 %, 3 % adelantado del cronograma inicial\u201d,<\/em> apunta el funcionario y agrega: <em>\u201cde los m\u00e1s de 1000 escenarios deportivos con los que cuenta la ciudad, encontramos 700 completamente destruidos por falta de mantenimiento\u201d.<\/em><\/p>\n\n\t\t<style type=\"text\/css\">\n\t\t\t#gallery-2 {\n\t\t\t\tmargin: auto;\n\t\t\t}\n\t\t\t#gallery-2 .gallery-item {\n\t\t\t\tfloat: left;\n\t\t\t\tmargin-top: 10px;\n\t\t\t\ttext-align: center;\n\t\t\t\twidth: 50%;\n\t\t\t}\n\t\t\t#gallery-2 img {\n\t\t\t\tborder: 2px solid #cfcfcf;\n\t\t\t}\n\t\t\t#gallery-2 .gallery-caption {\n\t\t\t\tmargin-left: 0;\n\t\t\t}\n\t\t\t\/* see gallery_shortcode() in wp-includes\/media.php *\/\n\t\t<\/style>\n\t\t<div id='gallery-2' class='gallery galleryid-388461 gallery-columns-2 gallery-size-full'><dl class='gallery-item'>\n\t\t\t<dt class='gallery-icon landscape'>\n\t\t\t\t<a href='https:\/\/www.medellin.gov.co\/es\/en-obra\/'><img width=\"1275\" height=\"850\" src=\"https:\/\/www.medellin.gov.co\/es\/wp-content\/uploads\/2025\/02\/EN-OBRA.jpg\" class=\"attachment-full size-full\" alt=\"Pista de trote de la unidad deportiva de Bel\u00e9n\" loading=\"lazy\" aria-describedby=\"gallery-2-388592\" srcset=\"https:\/\/www.medellin.gov.co\/es\/wp-content\/uploads\/2025\/02\/EN-OBRA.jpg 1275w, https:\/\/www.medellin.gov.co\/es\/wp-content\/uploads\/2025\/02\/EN-OBRA-300x200.jpg 300w, https:\/\/www.medellin.gov.co\/es\/wp-content\/uploads\/2025\/02\/EN-OBRA-1024x683.jpg 1024w, https:\/\/www.medellin.gov.co\/es\/wp-content\/uploads\/2025\/02\/EN-OBRA-150x100.jpg 150w, https:\/\/www.medellin.gov.co\/es\/wp-content\/uploads\/2025\/02\/EN-OBRA-768x512.jpg 768w\" sizes=\"(max-width: 1275px) 100vw, 1275px\" \/><\/a>\n\t\t\t<\/dt>\n\t\t\t\t<dd class='wp-caption-text gallery-caption' id='gallery-2-388592'>\n\t\t\t\tLa obra de la pista de trote de la unidad deportiva de Bel\u00e9n tiene un avance del 24 %.\n\t\t\t\t<\/dd><\/dl><dl class='gallery-item'>\n\t\t\t<dt class='gallery-icon landscape'>\n\t\t\t\t<a href='https:\/\/www.medellin.gov.co\/es\/curva-2\/'><img width=\"1275\" height=\"850\" src=\"https:\/\/www.medellin.gov.co\/es\/wp-content\/uploads\/2025\/02\/CURVA-1.jpg\" class=\"attachment-full size-full\" alt=\"Pista de trote de la unidad deportiva de Bel\u00e9n\" loading=\"lazy\" srcset=\"https:\/\/www.medellin.gov.co\/es\/wp-content\/uploads\/2025\/02\/CURVA-1.jpg 1275w, https:\/\/www.medellin.gov.co\/es\/wp-content\/uploads\/2025\/02\/CURVA-1-300x200.jpg 300w, https:\/\/www.medellin.gov.co\/es\/wp-content\/uploads\/2025\/02\/CURVA-1-1024x683.jpg 1024w, https:\/\/www.medellin.gov.co\/es\/wp-content\/uploads\/2025\/02\/CURVA-1-150x100.jpg 150w, https:\/\/www.medellin.gov.co\/es\/wp-content\/uploads\/2025\/02\/CURVA-1-768x512.jpg 768w\" sizes=\"(max-width: 1275px) 100vw, 1275px\" \/><\/a>\n\t\t\t<\/dt><\/dl><br style=\"clear: both\" \/>\n\t\t<\/div>\n\n<h4><strong>Hacen deporte juntos<\/strong><\/h4>\n<p>La lluvia nos acompa\u00f1a esta ma\u00f1ana de febrero en la que, como parte de la <a href=\"https:\/\/www.medellin.gov.co\/es\/secretaria-de-comunicaciones\/que-hace\/\" target=\"_blank\" rel=\"noopener\">Secretar\u00eda de Comunicaciones de la Alcald\u00eda<\/a>, visitamos la obra. El sonido del agua lo alteran los gritos de algunos deportistas en sus entrenamientos y los aviones que pasan a poca altura por la cercan\u00eda del <a href=\"https:\/\/www.aeropuertoolayaherrera.gov.co\/\" target=\"_blank\" rel=\"noopener\">aeropuerto Olaya Herrera<\/a>.<\/p>\n<p>La pista tiene una longitud de 423 metros, por siete metros de anchura. Los trabajadores avanzan en el fresado y mediciones topogr\u00e1ficas. Ya levantaron el antiguo tapete que estaba deteriorado y lo llevaron al punto de acopio que est\u00e1 cerca de la pista. Luego vendr\u00e1 la pavimentaci\u00f3n e instalaci\u00f3n del piso final.<\/p>\n<div id=\"attachment_388576\" style=\"width: 1034px\" class=\"wp-caption alignnone\"><img aria-describedby=\"caption-attachment-388576\" loading=\"lazy\" class=\"size-large wp-image-388576\" src=\"https:\/\/www.medellin.gov.co\/es\/wp-content\/uploads\/2025\/02\/TOPOGRAFO-1024x683.jpg\" alt=\"Pista de trote de la unidad deportiva de Bel\u00e9n\" width=\"1024\" height=\"683\" srcset=\"https:\/\/www.medellin.gov.co\/es\/wp-content\/uploads\/2025\/02\/TOPOGRAFO-1024x683.jpg 1024w, https:\/\/www.medellin.gov.co\/es\/wp-content\/uploads\/2025\/02\/TOPOGRAFO-300x200.jpg 300w, https:\/\/www.medellin.gov.co\/es\/wp-content\/uploads\/2025\/02\/TOPOGRAFO-150x100.jpg 150w, https:\/\/www.medellin.gov.co\/es\/wp-content\/uploads\/2025\/02\/TOPOGRAFO-768x512.jpg 768w, https:\/\/www.medellin.gov.co\/es\/wp-content\/uploads\/2025\/02\/TOPOGRAFO.jpg 1275w\" sizes=\"(max-width: 1024px) 100vw, 1024px\" \/><p id=\"caption-attachment-388576\" class=\"wp-caption-text\">La pista tiene una longitud de 423 metros por siete metros de anchura. Los trabajadores avanzan en el fresado y levantamiento topogr\u00e1fico.<\/p><\/div>\n<p>Miriam tiene 62 a\u00f1os y su esposo, H\u00e9ctor, 69. Ambos son jubilados. Ella estudi\u00f3 terapia ocupacional, trabaj\u00f3 en rehabilitaci\u00f3n de personas con discapacidad f\u00edsica y cognitiva y fue profesora de las universidades de Antioquia y del Valle. Lleva 39 a\u00f1os en Medell\u00edn. \u00c9l es m\u00e9dico, reside en esta ciudad hace 50 a\u00f1os y tambi\u00e9n fue profesor de la <a href=\"https:\/\/www.udea.edu.co\/\" target=\"_blank\" rel=\"noopener\">Universidad de Antioquia<\/a>.<\/p>\n<div id=\"attachment_388586\" style=\"width: 1034px\" class=\"wp-caption alignnone\"><img aria-describedby=\"caption-attachment-388586\" loading=\"lazy\" class=\"size-large wp-image-388586\" src=\"https:\/\/www.medellin.gov.co\/es\/wp-content\/uploads\/2025\/02\/HECTOR-Y-MIRIAM-1024x683.jpg\" alt=\"Pista de trote de la unidad deportiva de Bel\u00e9n\" width=\"1024\" height=\"683\" srcset=\"https:\/\/www.medellin.gov.co\/es\/wp-content\/uploads\/2025\/02\/HECTOR-Y-MIRIAM-1024x683.jpg 1024w, https:\/\/www.medellin.gov.co\/es\/wp-content\/uploads\/2025\/02\/HECTOR-Y-MIRIAM-300x200.jpg 300w, https:\/\/www.medellin.gov.co\/es\/wp-content\/uploads\/2025\/02\/HECTOR-Y-MIRIAM-150x100.jpg 150w, https:\/\/www.medellin.gov.co\/es\/wp-content\/uploads\/2025\/02\/HECTOR-Y-MIRIAM-768x512.jpg 768w, https:\/\/www.medellin.gov.co\/es\/wp-content\/uploads\/2025\/02\/HECTOR-Y-MIRIAM.jpg 1275w\" sizes=\"(max-width: 1024px) 100vw, 1024px\" \/><p id=\"caption-attachment-388586\" class=\"wp-caption-text\">H\u00e9ctor S\u00e1nchez y Miriam Luna, atletas y usuarios de la pista de trote de la unidad deportiva de Bel\u00e9n.<\/p><\/div>\n<p>Son atletas. Entrenan en la pista de la unidad deportiva de Bel\u00e9n y, como ahora est\u00e1 cerrada, en el and\u00e9n que la rodea trotan y realizan ejercicios de fortalecimiento. Suelen hacer deporte juntos y en su trayectoria en esta disciplina han conseguido compa\u00f1eros y amigos atletas, con los que conformaron un grupo.<\/p>\n<div id=\"attachment_388581\" style=\"width: 1034px\" class=\"wp-caption alignnone\"><img aria-describedby=\"caption-attachment-388581\" loading=\"lazy\" class=\"size-large wp-image-388581\" src=\"https:\/\/www.medellin.gov.co\/es\/wp-content\/uploads\/2025\/02\/PICA-1024x683.jpg\" alt=\"Pista de trote de la unidad deportiva de Bel\u00e9n\" width=\"1024\" height=\"683\" srcset=\"https:\/\/www.medellin.gov.co\/es\/wp-content\/uploads\/2025\/02\/PICA-1024x683.jpg 1024w, https:\/\/www.medellin.gov.co\/es\/wp-content\/uploads\/2025\/02\/PICA-300x200.jpg 300w, https:\/\/www.medellin.gov.co\/es\/wp-content\/uploads\/2025\/02\/PICA-150x100.jpg 150w, https:\/\/www.medellin.gov.co\/es\/wp-content\/uploads\/2025\/02\/PICA-768x512.jpg 768w, https:\/\/www.medellin.gov.co\/es\/wp-content\/uploads\/2025\/02\/PICA.jpg 1275w\" sizes=\"(max-width: 1024px) 100vw, 1024px\" \/><p id=\"caption-attachment-388581\" class=\"wp-caption-text\">El Instituto de Deportes y Recreaci\u00f3n (Inder), por intermedio de la Empresa de Desarrollo Urbano (EDU), contrat\u00f3 las obras de renovaci\u00f3n de la pista.<\/p><\/div>\n<p>Es por ello que Miriam dice que el deporte es muy importante para la salud, el bienestar y para socializar y crear redes comunitarias y, en este sentido, destaca el rol de Robinson Brand o Robin, como ellos lo llaman, el administrador de la cafeter\u00eda Zona Fresca, que queda junto a la pista de trote.<\/p>\n<h4><strong>Invitan a cuidar el espacio<\/strong><\/h4>\n<p>Robinson lleva 16 a\u00f1os trabajando en este punto y sabe detalles de la unidad deportiva de Bel\u00e9n que, normalmente, tiene visitantes de 6:00 a. m. a 9:00 p. m. Muestra c\u00f3mo a esta hora, cuando ya es mediod\u00eda, se va desocupando una cancha de f\u00fatbol. As\u00ed suele pasar, m\u00e1s o menos, hasta las 3:00 p. m.<\/p>\n<div id=\"attachment_388574\" style=\"width: 1034px\" class=\"wp-caption alignnone\"><img aria-describedby=\"caption-attachment-388574\" loading=\"lazy\" class=\"size-large wp-image-388574\" src=\"https:\/\/www.medellin.gov.co\/es\/wp-content\/uploads\/2025\/02\/TRAMO-1024x683.jpg\" alt=\"Pista de trote de la unidad deportiva de Bel\u00e9n\" width=\"1024\" height=\"683\" srcset=\"https:\/\/www.medellin.gov.co\/es\/wp-content\/uploads\/2025\/02\/TRAMO-1024x683.jpg 1024w, https:\/\/www.medellin.gov.co\/es\/wp-content\/uploads\/2025\/02\/TRAMO-300x200.jpg 300w, https:\/\/www.medellin.gov.co\/es\/wp-content\/uploads\/2025\/02\/TRAMO-150x100.jpg 150w, https:\/\/www.medellin.gov.co\/es\/wp-content\/uploads\/2025\/02\/TRAMO-768x512.jpg 768w, https:\/\/www.medellin.gov.co\/es\/wp-content\/uploads\/2025\/02\/TRAMO.jpg 1275w\" sizes=\"(max-width: 1024px) 100vw, 1024px\" \/><p id=\"caption-attachment-388574\" class=\"wp-caption-text\">Los trabajos de renovaci\u00f3n de la pista ir\u00e1n hasta mayo, mes para el que proyectamos entregar el escenario como nuevo.<\/p><\/div>\n<p>Miriam y H\u00e9ctor trotan y corren por los barrios Trinidad y Naranjal, el sector La Iguan\u00e1, la avenida Ochenta, los cerros El Volador, Nutibara y Las Tres Cruces, el aeroparque Juan Pablo II y Parques del R\u00edo, entre otros lugares de la capital antioque\u00f1a.<\/p>\n<p>H\u00e9ctor recuerda que en los 80 y los 90, en tiempos cr\u00edticos del terrorismo de los narcotraficantes, atendi\u00f3 pacientes en barrios estigmatizados y nunca se sinti\u00f3 inseguro.<\/p>\n<div id=\"attachment_388589\" style=\"width: 1034px\" class=\"wp-caption alignnone\"><img aria-describedby=\"caption-attachment-388589\" loading=\"lazy\" class=\"size-large wp-image-388589\" src=\"https:\/\/www.medellin.gov.co\/es\/wp-content\/uploads\/2025\/02\/HECTOR-SANCHEZ-1024x683.jpg\" alt=\"Pista de trote de la unidad deportiva de Bel\u00e9n\" width=\"1024\" height=\"683\" srcset=\"https:\/\/www.medellin.gov.co\/es\/wp-content\/uploads\/2025\/02\/HECTOR-SANCHEZ-1024x683.jpg 1024w, https:\/\/www.medellin.gov.co\/es\/wp-content\/uploads\/2025\/02\/HECTOR-SANCHEZ-300x200.jpg 300w, https:\/\/www.medellin.gov.co\/es\/wp-content\/uploads\/2025\/02\/HECTOR-SANCHEZ-150x100.jpg 150w, https:\/\/www.medellin.gov.co\/es\/wp-content\/uploads\/2025\/02\/HECTOR-SANCHEZ-768x512.jpg 768w, https:\/\/www.medellin.gov.co\/es\/wp-content\/uploads\/2025\/02\/HECTOR-SANCHEZ.jpg 1275w\" sizes=\"(max-width: 1024px) 100vw, 1024px\" \/><p id=\"caption-attachment-388589\" class=\"wp-caption-text\">H\u00e9ctor S\u00e1nchez, m\u00e9dico y atleta.<\/p><\/div>\n<p>Los dos, paisas de coraz\u00f3n, conocen bien la capital antioque\u00f1a y la quieren. Piensan en el cuidado de espacios p\u00fablicos como este circuito. H\u00e9ctor se imagina que cuando termine la obra, la pista quedar\u00e1 <em>\u201ctotalmente plana, sin baches ni resaltos, bien se\u00f1alizada y que la comunidad asuma su responsabilidad: no es un espacio para patinar ni para traer mascotas\u201d. <\/em>Esto \u00faltimo, porque las mascotas y los patines da\u00f1an la superficie de trote y por los riesgos de accidentes con los atletas.<\/p>\n<h4><strong>Altos est\u00e1ndares de calidad<\/strong><\/h4>\n<p>Sandra Vera es tecn\u00f3loga deportiva. Practica patinaje, nataci\u00f3n y, desde hace 15 a\u00f1os, carrera o, como se le denomina m\u00e1s en la actualidad, <em>running<\/em>. Ha corrido siete maratones y m\u00e1s de 100 medias maratones.<\/p>\n<div id=\"attachment_388577\" style=\"width: 1034px\" class=\"wp-caption alignnone\"><img aria-describedby=\"caption-attachment-388577\" loading=\"lazy\" class=\"size-large wp-image-388577\" src=\"https:\/\/www.medellin.gov.co\/es\/wp-content\/uploads\/2025\/02\/SANDRA-VERA-1024x683.jpg\" alt=\"Pista de trote de la unidad deportiva de Bel\u00e9n\" width=\"1024\" height=\"683\" srcset=\"https:\/\/www.medellin.gov.co\/es\/wp-content\/uploads\/2025\/02\/SANDRA-VERA-1024x683.jpg 1024w, https:\/\/www.medellin.gov.co\/es\/wp-content\/uploads\/2025\/02\/SANDRA-VERA-300x200.jpg 300w, https:\/\/www.medellin.gov.co\/es\/wp-content\/uploads\/2025\/02\/SANDRA-VERA-150x100.jpg 150w, https:\/\/www.medellin.gov.co\/es\/wp-content\/uploads\/2025\/02\/SANDRA-VERA-768x512.jpg 768w, https:\/\/www.medellin.gov.co\/es\/wp-content\/uploads\/2025\/02\/SANDRA-VERA.jpg 1275w\" sizes=\"(max-width: 1024px) 100vw, 1024px\" \/><p id=\"caption-attachment-388577\" class=\"wp-caption-text\">Sandra Vera es tecn\u00f3loga deportiva. Practica patinaje, nataci\u00f3n y running.<\/p><\/div>\n<p>Vive en el barrio Rosales de la comuna 16 (Bel\u00e9n), cerca de la unidad deportiva, y lleva 20 a\u00f1os visitando la pista de trote. Calcula que cuando estaba en funcionamiento, este espacio de atletismo lo visitaban unas mil personas diariamente.<\/p>\n<p><em>\u201cHe apoyado al alcalde Federico, a \u00e9l le gusta el deporte\u201d,<\/em> apunta y recuerda que la afectaci\u00f3n del circuito ocurri\u00f3 despu\u00e9s de terminada la primera administraci\u00f3n del alcalde, Federico Guti\u00e9rrez: <em>\u201cfue quedando en el abandono. Se le ve\u00eda maleza en los carriles uno y dos y se fue alzando el tapete. En redes sociales fui mostrando el deterioro\u201d.<\/em><\/p>\n<p>Sandra ve que la renovaci\u00f3n de la pista avanza a buen ritmo. Cuando est\u00e9 lista la volver\u00e1 a utilizar unas tres veces por semana. En su rutina, en cada sesi\u00f3n de entrenamiento trota cinco o diez kil\u00f3metros.<\/p>\n<div id=\"attachment_388579\" style=\"width: 1034px\" class=\"wp-caption alignnone\"><img aria-describedby=\"caption-attachment-388579\" loading=\"lazy\" class=\"size-large wp-image-388579\" src=\"https:\/\/www.medellin.gov.co\/es\/wp-content\/uploads\/2025\/02\/PISTA-OBRA-1024x683.jpg\" alt=\"Pista de trote de la unidad deportiva de Bel\u00e9n\" width=\"1024\" height=\"683\" srcset=\"https:\/\/www.medellin.gov.co\/es\/wp-content\/uploads\/2025\/02\/PISTA-OBRA-1024x683.jpg 1024w, https:\/\/www.medellin.gov.co\/es\/wp-content\/uploads\/2025\/02\/PISTA-OBRA-300x200.jpg 300w, https:\/\/www.medellin.gov.co\/es\/wp-content\/uploads\/2025\/02\/PISTA-OBRA-150x100.jpg 150w, https:\/\/www.medellin.gov.co\/es\/wp-content\/uploads\/2025\/02\/PISTA-OBRA-768x512.jpg 768w, https:\/\/www.medellin.gov.co\/es\/wp-content\/uploads\/2025\/02\/PISTA-OBRA.jpg 1275w\" sizes=\"(max-width: 1024px) 100vw, 1024px\" \/><p id=\"caption-attachment-388579\" class=\"wp-caption-text\">Con la renovaci\u00f3n, la pista tendr\u00e1 altos est\u00e1ndares de calidad.<\/p><\/div>\n<p>En cuanto finalicen las labores de renovaci\u00f3n, la pista tendr\u00e1 altos est\u00e1ndares de calidad, adem\u00e1s de cumplir con los requisitos definidos por la Asociaci\u00f3n Internacional de Federaciones de Atletismo (IAAF), como se la imaginan Miriam, H\u00e9ctor y Sandra.<\/p>\n","protected":false},"excerpt":{"rendered":"<p>Los esposos Miriam Luna y H\u00e9ctor S\u00e1nchez son de otras regiones de Colombia, pero se sienten paisas y les encanta hacer deporte en la pista de trote de la unidad deportiva de Bel\u00e9n. Con una &#8230;<\/p>\n","protected":false},"author":97,"featured_media":388590,"comment_status":"open","ping_status":"open","sticky":false,"template":"","format":"standard","meta":[],"categories":[26,1],"tags":[451,634,689,440,442],"formato_nota":[],"programas_tax":[],"acf":[],"_links":{"self":[{"href":"https:\/\/www.medellin.gov.co\/es\/wp-json\/wp\/v2\/posts\/388461"}],"collection":[{"href":"https:\/\/www.medellin.gov.co\/es\/wp-json\/wp\/v2\/posts"}],"about":[{"href":"https:\/\/www.medellin.gov.co\/es\/wp-json\/wp\/v2\/types\/post"}],"author":[{"embeddable":true,"href":"https:\/\/www.medellin.gov.co\/es\/wp-json\/wp\/v2\/users\/97"}],"replies":[{"embeddable":true,"href":"https:\/\/www.medellin.gov.co\/es\/wp-json\/wp\/v2\/comments?post=388461"}],"version-history":[{"count":11,"href":"https:\/\/www.medellin.gov.co\/es\/wp-json\/wp\/v2\/posts\/388461\/revisions"}],"predecessor-version":[{"id":390519,"href":"https:\/\/www.medellin.gov.co\/es\/wp-json\/wp\/v2\/posts\/388461\/revisions\/390519"}],"wp:featuredmedia":[{"embeddable":true,"href":"https:\/\/www.medellin.gov.co\/es\/wp-json\/wp\/v2\/media\/388590"}],"wp:attachment":[{"href":"https:\/\/www.medellin.gov.co\/es\/wp-json\/wp\/v2\/media?parent=388461"}],"wp:term":[{"taxonomy":"category","embeddable":true,"href":"https:\/\/www.medellin.gov.co\/es\/wp-json\/wp\/v2\/categories?post=388461"},{"taxonomy":"post_tag","embeddable":true,"href":"https:\/\/www.medellin.gov.co\/es\/wp-json\/wp\/v2\/tags?post=388461"},{"taxonomy":"formato_nota","embeddable":true,"href":"https:\/\/www.medellin.gov.co\/es\/wp-json\/wp\/v2\/formato_nota?post=388461"},{"taxonomy":"programas_tax","embeddable":true,"href":"https:\/\/www.medellin.gov.co\/es\/wp-json\/wp\/v2\/programas_tax?post=388461"}],"curies":[{"name":"wp","href":"https:\/\/api.w.org\/{rel}","templated":true}]}}