{"id":388636,"date":"2025-02-27T10:56:55","date_gmt":"2025-02-27T15:56:55","guid":{"rendered":"https:\/\/www.medellin.gov.co\/es\/?p=388636"},"modified":"2025-02-27T10:56:55","modified_gmt":"2025-02-27T15:56:55","slug":"autoridades-fortalecen-la-identificacion-cuidado-y-riesgos-asociados-a-los-arboles","status":"publish","type":"post","link":"https:\/\/www.medellin.gov.co\/es\/sala-de-prensa\/noticias\/autoridades-fortalecen-la-identificacion-cuidado-y-riesgos-asociados-a-los-arboles\/","title":{"rendered":"Autoridades fortalecen la identificaci\u00f3n, cuidado y riesgos asociados a los \u00e1rboles"},"content":{"rendered":"<ul>\n<li>Desnutrici\u00f3n, plagas, condiciones del suelo, vejez, construcciones cercanas y vandalismo pueden ocasionar la ca\u00edda de \u00e1rboles.<\/li>\n<li>En 2024 se realizaron 1.430 talas y este a\u00f1o van 82.<\/li>\n<\/ul>\n<!--[if lt IE 9]><script>document.createElement('audio');<\/script><![endif]-->\n\t<div class=\"wp-playlist wp-audio-playlist wp-playlist-light\">\n\t\t\t<div class=\"wp-playlist-current-item\"><\/div>\n\t\t<audio controls=\"controls\" preload=\"none\" width=\"640\"\n\t\t\t><\/audio>\n\t<div class=\"wp-playlist-next\"><\/div>\n\t<div class=\"wp-playlist-prev\"><\/div>\n\t<noscript>\n\t<ol>\n\t\t<li><a href='https:\/\/www.medellin.gov.co\/es\/wp-content\/uploads\/2025\/02\/Riesgos-Arboles-01.mp3'>Palabras de Jaime Andr\u00e9s Naranjo Medina, secretario de Infraestructura F\u00edsica<\/a><\/li>\t<\/ol>\n\t<\/noscript>\n\t<script type=\"application\/json\" class=\"wp-playlist-script\">{\"type\":\"audio\",\"tracklist\":true,\"tracknumbers\":true,\"images\":true,\"artists\":true,\"tracks\":[{\"src\":\"https:\\\/\\\/www.medellin.gov.co\\\/es\\\/wp-content\\\/uploads\\\/2025\\\/02\\\/Riesgos-Arboles-01.mp3\",\"type\":\"audio\\\/mpeg\",\"title\":\"Palabras de Jaime Andr\\u00e9s Naranjo Medina, secretario de Infraestructura F\\u00edsica\",\"caption\":\"\",\"description\":\"\\u00abPalabras de Jaime Andr\\u00e9s Naranjo Medina, secretario de Infraestructura F\\u00edsica\\u00bb.\",\"meta\":{\"length_formatted\":\"1:13\"},\"image\":{\"src\":\"https:\\\/\\\/www.medellin.gov.co\\\/es\\\/wp-includes\\\/images\\\/media\\\/audio.png\",\"width\":48,\"height\":64},\"thumb\":{\"src\":\"https:\\\/\\\/www.medellin.gov.co\\\/es\\\/wp-includes\\\/images\\\/media\\\/audio.png\",\"width\":48,\"height\":64}}]}<\/script>\n<\/div>\n\t\n<p>Con el fin de proteger la vida humana, as\u00ed como velar por el cuidado y la preservaci\u00f3n de las especies, la Alcald\u00eda de Medell\u00edn y el \u00c1rea Metropolitana del Valle de Aburr\u00e1 refuerzan las labores de protecci\u00f3n, gesti\u00f3n y vigilancia de la red arb\u00f3rea de la ciudad.<\/p>\n<p>La Administraci\u00f3n Distrital expresa su solidaridad con las familias y afectados por las ca\u00eddas fortuitas de \u00e1rboles, ocurridas en los \u00faltimos d\u00edas, y reitera que los trabajos de prevenci\u00f3n se mantienen para mitigar al m\u00e1ximo estas situaciones.<\/p>\n<p>\u201c<em>Estos eventos nos muestran que tanto los \u00e1rboles sanos como los identificados en riesgo pueden generar sucesos inesperados y nos obliga a agilizar los procedimientos de identificaci\u00f3n, intervenci\u00f3n y tala. La ca\u00edda de los individuos arb\u00f3reos puede relacionarse a factores como desnutrici\u00f3n, plagas, condiciones del suelo, vejez, construcciones cercanas y, como dato nuevo, el vandalismo<\/em>\u201d, explic\u00f3 el secretario de Infraestructura F\u00edsica, Jaime Andr\u00e9s Naranjo Medina.<\/p>\n<p>En 2024, el Distrito realiz\u00f3 1.430 talas y este a\u00f1o van 82. Est\u00e1 pendiente la remoci\u00f3n de m\u00e1s de 500 \u00e1rboles, de los cuales 27 cuentan con ficha de riesgo (corte al 25 de febrero). En promedio, la autoridad ambiental env\u00eda 150 evaluaciones mensuales, lo que equivale, aproximadamente, a 2.000 conceptos anuales para intervenir los \u00e1rboles de la ciudad.<\/p>\n<p>Las autorizaciones de tala de \u00e1rboles se otorgan a solicitud de un tercero o de oficio, seg\u00fan lo establece el Decreto 1076 de 2015 \u201c<em>de emergencia cuando se requiera talar o podar \u00e1rboles aislados localizados en centros urbanos que por razones de su ubicaci\u00f3n, estado sanitario o da\u00f1os mec\u00e1nicos est\u00e9n causando perjuicio a la estabilidad de los suelos, a canales de agua, andenes, calles, obras de infraestructura o edificaciones, se solicitar\u00e1 por escrito autorizaci\u00f3n, a la autoridad competente, la cual tramitar\u00e1 la solicitud de inmediato, previa visita realizada por un funcionario competente t\u00e9cnicamente la necesidad de talar \u00e1rboles<\/em>\u201d.<\/p>\n<p>Este mes se han presentado cuatro incidentes fortuitos relacionados con la ca\u00edda de \u00e1rboles: el 10 de febrero en la carrera 63B # 32E &#8211; 115, sobre la avenida 33 (estaba en proceso para ser intervenido); el 21 de febrero en la avenida 80 (no ten\u00eda ficha de riesgo); el 24 de febrero en la carrera 51 con calle 56 de Prado Centro (especie sana, sin ficha de riesgo) y el 25 de febrero en la carrera 30 #10C \u2013 236 (sin solicitud de evaluaci\u00f3n).<\/p>\n<p>El \u00c1rea Metropolitana del Valle de Aburr\u00e1, como autoridad ambiental urbana, acompa\u00f1a para garantizar la protecci\u00f3n, gesti\u00f3n y vigilancia de los recursos naturales.<\/p>\n","protected":false},"excerpt":{"rendered":"<p>Desnutrici\u00f3n, plagas, condiciones del suelo, vejez, construcciones cercanas y vandalismo pueden ocasionar la ca\u00edda de \u00e1rboles. En 2024 se realizaron 1.430 talas y este a\u00f1o van 82. Con el fin de proteger la vida humana, &#8230;<\/p>\n","protected":false},"author":21,"featured_media":309797,"comment_status":"open","ping_status":"open","sticky":false,"template":"","format":"standard","meta":[],"categories":[11,13],"tags":[436],"formato_nota":[],"programas_tax":[],"acf":[],"_links":{"self":[{"href":"https:\/\/www.medellin.gov.co\/es\/wp-json\/wp\/v2\/posts\/388636"}],"collection":[{"href":"https:\/\/www.medellin.gov.co\/es\/wp-json\/wp\/v2\/posts"}],"about":[{"href":"https:\/\/www.medellin.gov.co\/es\/wp-json\/wp\/v2\/types\/post"}],"author":[{"embeddable":true,"href":"https:\/\/www.medellin.gov.co\/es\/wp-json\/wp\/v2\/users\/21"}],"replies":[{"embeddable":true,"href":"https:\/\/www.medellin.gov.co\/es\/wp-json\/wp\/v2\/comments?post=388636"}],"version-history":[{"count":1,"href":"https:\/\/www.medellin.gov.co\/es\/wp-json\/wp\/v2\/posts\/388636\/revisions"}],"predecessor-version":[{"id":388680,"href":"https:\/\/www.medellin.gov.co\/es\/wp-json\/wp\/v2\/posts\/388636\/revisions\/388680"}],"wp:featuredmedia":[{"embeddable":true,"href":"https:\/\/www.medellin.gov.co\/es\/wp-json\/wp\/v2\/media\/309797"}],"wp:attachment":[{"href":"https:\/\/www.medellin.gov.co\/es\/wp-json\/wp\/v2\/media?parent=388636"}],"wp:term":[{"taxonomy":"category","embeddable":true,"href":"https:\/\/www.medellin.gov.co\/es\/wp-json\/wp\/v2\/categories?post=388636"},{"taxonomy":"post_tag","embeddable":true,"href":"https:\/\/www.medellin.gov.co\/es\/wp-json\/wp\/v2\/tags?post=388636"},{"taxonomy":"formato_nota","embeddable":true,"href":"https:\/\/www.medellin.gov.co\/es\/wp-json\/wp\/v2\/formato_nota?post=388636"},{"taxonomy":"programas_tax","embeddable":true,"href":"https:\/\/www.medellin.gov.co\/es\/wp-json\/wp\/v2\/programas_tax?post=388636"}],"curies":[{"name":"wp","href":"https:\/\/api.w.org\/{rel}","templated":true}]}}