{"id":388681,"date":"2025-02-27T11:04:18","date_gmt":"2025-02-27T16:04:18","guid":{"rendered":"https:\/\/www.medellin.gov.co\/es\/?p=388681"},"modified":"2025-02-27T11:04:18","modified_gmt":"2025-02-27T16:04:18","slug":"popular-una-de-las-comunas-de-medellin-priorizadas-para-recibir-agua-potable","status":"publish","type":"post","link":"https:\/\/www.medellin.gov.co\/es\/sala-de-prensa\/noticias\/popular-una-de-las-comunas-de-medellin-priorizadas-para-recibir-agua-potable\/","title":{"rendered":"Popular, una de las comunas de Medell\u00edn priorizadas para recibir agua potable"},"content":{"rendered":"<ul>\n<li>Gracias al programa Unidos por el Agua, en el sector de Santo Domingo de la comuna Popular, 95 viviendas fueron conectadas de forma legal.<\/li>\n<li>Las obras tuvieron una inversi\u00f3n de $1.344 millones y un impacto no solo social sino laboral, porque los trabajadores son de la comunidad.<\/li>\n<li>Algunos beneficiarios indicaron que llevaban hasta 36 a\u00f1os sin agua potable.<\/li>\n<\/ul>\n<!--[if lt IE 9]><script>document.createElement('audio');<\/script><![endif]-->\n\t<div class=\"wp-playlist wp-audio-playlist wp-playlist-light\">\n\t\t\t<div class=\"wp-playlist-current-item\"><\/div>\n\t\t<audio controls=\"controls\" preload=\"none\" width=\"640\"\n\t\t\t><\/audio>\n\t<div class=\"wp-playlist-next\"><\/div>\n\t<div class=\"wp-playlist-prev\"><\/div>\n\t<noscript>\n\t<ol>\n\t\t<li><a href='https:\/\/www.medellin.gov.co\/es\/wp-content\/uploads\/2025\/02\/Priorizar-Agua-Potable-Popular-01.mp3'>Palabras de Juan Manuel Vel\u00e1squez Correa, secretario de Gesti\u00f3n y Control Territorial<\/a><\/li>\t<\/ol>\n\t<\/noscript>\n\t<script type=\"application\/json\" class=\"wp-playlist-script\">{\"type\":\"audio\",\"tracklist\":true,\"tracknumbers\":true,\"images\":true,\"artists\":true,\"tracks\":[{\"src\":\"https:\\\/\\\/www.medellin.gov.co\\\/es\\\/wp-content\\\/uploads\\\/2025\\\/02\\\/Priorizar-Agua-Potable-Popular-01.mp3\",\"type\":\"audio\\\/mpeg\",\"title\":\"Palabras de Juan Manuel Vel\\u00e1squez Correa, secretario de Gesti\\u00f3n y Control Territorial\",\"caption\":\"\",\"description\":\"\\u00abPalabras de Juan Manuel Vel\\u00e1squez Correa, secretario de Gesti\\u00f3n y Control Territorial\\u00bb.\",\"meta\":{\"length_formatted\":\"0:23\"},\"image\":{\"src\":\"https:\\\/\\\/www.medellin.gov.co\\\/es\\\/wp-includes\\\/images\\\/media\\\/audio.png\",\"width\":48,\"height\":64},\"thumb\":{\"src\":\"https:\\\/\\\/www.medellin.gov.co\\\/es\\\/wp-includes\\\/images\\\/media\\\/audio.png\",\"width\":48,\"height\":64}}]}<\/script>\n<\/div>\n\t\n<p>El Distrito avanza en su compromiso de llevar acueducto y alcantarillado a los hogares m\u00e1s vulnerables y para ello cuenta con el programa Unidos por el Agua, el cual beneficia, en algunos casos, a personas que llevaban hasta m\u00e1s de tres d\u00e9cadas sin acceso a este servicio, como es el caso de algunos residentes del sector Santo Domingo, en la comuna 1-Popular.<\/p>\n<p>All\u00ed, cerca de 95 familias, que antes estaban conectadas de forma artesanal, hoy est\u00e1n en la legalidad y con el servicio normalizado. Para los usuarios, contar con agua potable representa un cambio radical en su d\u00eda a d\u00eda. Las obras tuvieron una inversi\u00f3n de $1.344 millones.<\/p>\n<div id=\"attachment_388648\" style=\"width: 1290px\" class=\"wp-caption alignnone\"><a href=\"https:\/\/www.medellin.gov.co\/es\/wp-content\/uploads\/2025\/02\/Priorizar-Agua-Potable-Popular-1.jpg\" target=\"_blank\" rel=\"noopener\"><img aria-describedby=\"caption-attachment-388648\" loading=\"lazy\" class=\"wp-image-388648 size-full\" title=\"Popular, una de las comunas de Medell\u00edn priorizadas para recibir agua potable\" src=\"https:\/\/www.medellin.gov.co\/es\/wp-content\/uploads\/2025\/02\/Priorizar-Agua-Potable-Popular-1.jpg\" alt=\"Popular, una de las comunas de Medell\u00edn priorizadas para recibir agua potable\" width=\"1280\" height=\"590\" srcset=\"https:\/\/www.medellin.gov.co\/es\/wp-content\/uploads\/2025\/02\/Priorizar-Agua-Potable-Popular-1.jpg 1280w, https:\/\/www.medellin.gov.co\/es\/wp-content\/uploads\/2025\/02\/Priorizar-Agua-Potable-Popular-1-300x138.jpg 300w, https:\/\/www.medellin.gov.co\/es\/wp-content\/uploads\/2025\/02\/Priorizar-Agua-Potable-Popular-1-1024x472.jpg 1024w, https:\/\/www.medellin.gov.co\/es\/wp-content\/uploads\/2025\/02\/Priorizar-Agua-Potable-Popular-1-150x69.jpg 150w, https:\/\/www.medellin.gov.co\/es\/wp-content\/uploads\/2025\/02\/Priorizar-Agua-Potable-Popular-1-768x354.jpg 768w\" sizes=\"(max-width: 1280px) 100vw, 1280px\" \/><\/a><p id=\"caption-attachment-388648\" class=\"wp-caption-text\">Popular, una de las comunas de Medell\u00edn priorizadas para recibir agua potable &#8211; Foto Alcald\u00eda de Medell\u00edn<\/p><\/div>\n<p>\u201c<em>Nos encargamos de que este no solo sea un proyecto de infraestructura, sino una apuesta por la dignidad y el bienestar de nuestra gente. Para muchas familias, acceder al agua potable ha sido un sue\u00f1o, por d\u00e9cadas, y hoy estamos haciendo que ese sue\u00f1o sea una realidad<\/em>\u201d, expres\u00f3 el secretario de Gesti\u00f3n y Control Territorial, Juan Manuel Vel\u00e1squez Correa.<\/p>\n<p>Adem\u00e1s de los beneficios en la comuna Popular, el Distrito y EPM han logrado mejorar significativamente la calidad de vida de personas en Manrique, Doce de Octubre, Robledo, Villa Hermosa y San Javier, siendo las m\u00e1s impactadas por el programa. En esas seis comunas la inversi\u00f3n llega a $38.366 millones.<\/p>\n<p>\u201c<em>Antes ten\u00eda que caminar varias cuadras para recoger agua. Ahora, simplemente abro la llave y tengo la suficiente. Nuestra calidad de vida ha mejorado much\u00edsimo<\/em>\u201d, expres\u00f3 Dora Elena Garc\u00eda, residente del barrio Santo Domingo-La Esperanza.<\/p>\n<div id=\"attachment_388652\" style=\"width: 1031px\" class=\"wp-caption alignnone\"><a href=\"https:\/\/www.medellin.gov.co\/es\/wp-content\/uploads\/2025\/02\/Priorizar-Agua-Potable-Popular-3.jpg\" target=\"_blank\" rel=\"noopener\"><img aria-describedby=\"caption-attachment-388652\" loading=\"lazy\" class=\"wp-image-388652 size-full\" title=\"Popular, una de las comunas de Medell\u00edn priorizadas para recibir agua potable\" src=\"https:\/\/www.medellin.gov.co\/es\/wp-content\/uploads\/2025\/02\/Priorizar-Agua-Potable-Popular-3.jpg\" alt=\"Popular, una de las comunas de Medell\u00edn priorizadas para recibir agua potable\" width=\"1021\" height=\"680\" srcset=\"https:\/\/www.medellin.gov.co\/es\/wp-content\/uploads\/2025\/02\/Priorizar-Agua-Potable-Popular-3.jpg 1021w, https:\/\/www.medellin.gov.co\/es\/wp-content\/uploads\/2025\/02\/Priorizar-Agua-Potable-Popular-3-300x200.jpg 300w, https:\/\/www.medellin.gov.co\/es\/wp-content\/uploads\/2025\/02\/Priorizar-Agua-Potable-Popular-3-150x100.jpg 150w, https:\/\/www.medellin.gov.co\/es\/wp-content\/uploads\/2025\/02\/Priorizar-Agua-Potable-Popular-3-768x511.jpg 768w\" sizes=\"(max-width: 1021px) 100vw, 1021px\" \/><\/a><p id=\"caption-attachment-388652\" class=\"wp-caption-text\">Popular, una de las comunas de Medell\u00edn priorizadas para recibir agua potable &#8211; Foto Alcald\u00eda de Medell\u00edn<\/p><\/div>\n<p>Asimismo lo indic\u00f3 Sergio Pareja, otro beneficiario del sector: \u201c<em>Estoy feliz porque tenemos el agua potable. Llev\u00e1bamos 36 a\u00f1os sin agua y ya tenemos cuatro meses con el servicio. Ya no nos falta para tomarnos una pastilla y si uno tiene sed toma agua potable. Con los vecinos ya hab\u00edamos hecho solicitudes hasta que nos lleg\u00f3 el momento de tener el servicio<\/em>\u201d.<\/p>\n<p>Desde su creaci\u00f3n, Unidos por el Agua ha conectado al l\u00edquido vital a 5.100 viviendas en las 16 comunas y en cuatro corregimientos. En el presente cuatrienio, 50.000 hogares se beneficiar\u00e1n con esta estrategia.<\/p>\n<p>De esta manera, el Distrito y EPM siguen demostrando que la transformaci\u00f3n social comienza por garantizar servicios esenciales como acueducto y alcantarillado, brindando una mejor calidad de vida a los hogares vulnerables, y promoviendo el cuidado y uso eficiente del recurso h\u00eddrico.<\/p>\n","protected":false},"excerpt":{"rendered":"<p>Gracias al programa Unidos por el Agua, en el sector de Santo Domingo de la comuna Popular, 95 viviendas fueron conectadas de forma legal. Las obras tuvieron una inversi\u00f3n de $1.344 millones y un impacto &#8230;<\/p>\n","protected":false},"author":21,"featured_media":388651,"comment_status":"open","ping_status":"open","sticky":false,"template":"","format":"standard","meta":[],"categories":[7],"tags":[451,455],"formato_nota":[],"programas_tax":[],"acf":[],"_links":{"self":[{"href":"https:\/\/www.medellin.gov.co\/es\/wp-json\/wp\/v2\/posts\/388681"}],"collection":[{"href":"https:\/\/www.medellin.gov.co\/es\/wp-json\/wp\/v2\/posts"}],"about":[{"href":"https:\/\/www.medellin.gov.co\/es\/wp-json\/wp\/v2\/types\/post"}],"author":[{"embeddable":true,"href":"https:\/\/www.medellin.gov.co\/es\/wp-json\/wp\/v2\/users\/21"}],"replies":[{"embeddable":true,"href":"https:\/\/www.medellin.gov.co\/es\/wp-json\/wp\/v2\/comments?post=388681"}],"version-history":[{"count":1,"href":"https:\/\/www.medellin.gov.co\/es\/wp-json\/wp\/v2\/posts\/388681\/revisions"}],"predecessor-version":[{"id":388684,"href":"https:\/\/www.medellin.gov.co\/es\/wp-json\/wp\/v2\/posts\/388681\/revisions\/388684"}],"wp:featuredmedia":[{"embeddable":true,"href":"https:\/\/www.medellin.gov.co\/es\/wp-json\/wp\/v2\/media\/388651"}],"wp:attachment":[{"href":"https:\/\/www.medellin.gov.co\/es\/wp-json\/wp\/v2\/media?parent=388681"}],"wp:term":[{"taxonomy":"category","embeddable":true,"href":"https:\/\/www.medellin.gov.co\/es\/wp-json\/wp\/v2\/categories?post=388681"},{"taxonomy":"post_tag","embeddable":true,"href":"https:\/\/www.medellin.gov.co\/es\/wp-json\/wp\/v2\/tags?post=388681"},{"taxonomy":"formato_nota","embeddable":true,"href":"https:\/\/www.medellin.gov.co\/es\/wp-json\/wp\/v2\/formato_nota?post=388681"},{"taxonomy":"programas_tax","embeddable":true,"href":"https:\/\/www.medellin.gov.co\/es\/wp-json\/wp\/v2\/programas_tax?post=388681"}],"curies":[{"name":"wp","href":"https:\/\/api.w.org\/{rel}","templated":true}]}}