{"id":388726,"date":"2025-02-27T11:23:56","date_gmt":"2025-02-27T16:23:56","guid":{"rendered":"https:\/\/www.medellin.gov.co\/es\/?p=388726"},"modified":"2025-02-27T11:23:56","modified_gmt":"2025-02-27T16:23:56","slug":"para-prevenir-inundaciones-en-la-quebrada-la-honda-el-distrito-construye-un-canal-que-beneficiara-a-122-familias","status":"publish","type":"post","link":"https:\/\/www.medellin.gov.co\/es\/sala-de-prensa\/noticias\/para-prevenir-inundaciones-en-la-quebrada-la-honda-el-distrito-construye-un-canal-que-beneficiara-a-122-familias\/","title":{"rendered":"Para prevenir inundaciones en la quebrada La Honda, el Distrito construye un canal que beneficiar\u00e1 a 122 familias"},"content":{"rendered":"<ul>\n<li>Se proyecta la transformaci\u00f3n del sector en un ecoparque, aportando un nuevo espacio p\u00fablico verde para la ciudad.<\/li>\n<li>La quebrada est\u00e1 ubicada entre Manrique y Campo Vald\u00e9s.<\/li>\n<li>La intervenci\u00f3n se realiza en el tramo comprendido entre las calles 70 y 71, y las carreras 48A y 49.<\/li>\n<\/ul>\n<!--[if lt IE 9]><script>document.createElement('audio');<\/script><![endif]-->\n\t<div class=\"wp-playlist wp-audio-playlist wp-playlist-light\">\n\t\t\t<div class=\"wp-playlist-current-item\"><\/div>\n\t\t<audio controls=\"controls\" preload=\"none\" width=\"640\"\n\t\t\t><\/audio>\n\t<div class=\"wp-playlist-next\"><\/div>\n\t<div class=\"wp-playlist-prev\"><\/div>\n\t<noscript>\n\t<ol>\n\t\t<li><a href='https:\/\/www.medellin.gov.co\/es\/wp-content\/uploads\/2025\/02\/Canal-Quebrada-La-Honda-01.mp3'>Palabras de Esteban Jaramillo Ruiz, subsecretario de Recursos Naturales Renovables<\/a><\/li>\t<\/ol>\n\t<\/noscript>\n\t<script type=\"application\/json\" class=\"wp-playlist-script\">{\"type\":\"audio\",\"tracklist\":true,\"tracknumbers\":true,\"images\":true,\"artists\":true,\"tracks\":[{\"src\":\"https:\\\/\\\/www.medellin.gov.co\\\/es\\\/wp-content\\\/uploads\\\/2025\\\/02\\\/Canal-Quebrada-La-Honda-01.mp3\",\"type\":\"audio\\\/mpeg\",\"title\":\"Palabras de Esteban Jaramillo Ruiz, subsecretario de Recursos Naturales Renovables\",\"caption\":\"\",\"description\":\"\\u00abPalabras de Esteban Jaramillo Ruiz, subsecretario de Recursos Naturales Renovables\\u00bb.\",\"meta\":{\"year\":\"2025\",\"length_formatted\":\"1:15\"},\"image\":{\"src\":\"https:\\\/\\\/www.medellin.gov.co\\\/es\\\/wp-includes\\\/images\\\/media\\\/audio.png\",\"width\":48,\"height\":64},\"thumb\":{\"src\":\"https:\\\/\\\/www.medellin.gov.co\\\/es\\\/wp-includes\\\/images\\\/media\\\/audio.png\",\"width\":48,\"height\":64}}]}<\/script>\n<\/div>\n\t\n<p>El Distrito contin\u00faa fortaleciendo sus acciones para la reducci\u00f3n del riesgo de desastres con la construcci\u00f3n de un canal de 298 metros de longitud en la quebrada La Honda, ubicada entre Manrique y Campo Vald\u00e9s. Con una inversi\u00f3n de $6.900 millones en infraestructura y $12.800 millones en adquisici\u00f3n de inmuebles, este proyecto busca disminuir la amenaza de inundaciones y mejorar la seguridad de la comunidad.<\/p>\n<div id=\"attachment_388673\" style=\"width: 917px\" class=\"wp-caption alignnone\"><a href=\"https:\/\/www.medellin.gov.co\/es\/wp-content\/uploads\/2025\/02\/Canal-Quebrada-La-Honda-2.jpg\" target=\"_blank\" rel=\"noopener\"><img aria-describedby=\"caption-attachment-388673\" loading=\"lazy\" class=\"wp-image-388673 size-full\" title=\"Para prevenir inundaciones en la quebrada La Honda, el Distrito construye un canal que beneficiar\u00e1 a 122 familias\" src=\"https:\/\/www.medellin.gov.co\/es\/wp-content\/uploads\/2025\/02\/Canal-Quebrada-La-Honda-2.jpg\" alt=\"Para prevenir inundaciones en la quebrada La Honda, el Distrito construye un canal que beneficiar\u00e1 a 122 familias\" width=\"907\" height=\"680\" srcset=\"https:\/\/www.medellin.gov.co\/es\/wp-content\/uploads\/2025\/02\/Canal-Quebrada-La-Honda-2.jpg 907w, https:\/\/www.medellin.gov.co\/es\/wp-content\/uploads\/2025\/02\/Canal-Quebrada-La-Honda-2-300x225.jpg 300w, https:\/\/www.medellin.gov.co\/es\/wp-content\/uploads\/2025\/02\/Canal-Quebrada-La-Honda-2-150x112.jpg 150w, https:\/\/www.medellin.gov.co\/es\/wp-content\/uploads\/2025\/02\/Canal-Quebrada-La-Honda-2-768x576.jpg 768w\" sizes=\"(max-width: 907px) 100vw, 907px\" \/><\/a><p id=\"caption-attachment-388673\" class=\"wp-caption-text\">Para prevenir inundaciones en la quebrada La Honda, el Distrito construye un canal que beneficiar\u00e1 a 122 familias &#8211; Foto Alcald\u00eda de Medell\u00edn<\/p><\/div>\n<p>La intervenci\u00f3n se realiza en el tramo comprendido entre las calles 70 y 71, y las carreras 48A y 49. Esta obra beneficiar\u00e1 directamente a 32 familias que viven en zonas de alto riesgo y, de manera indirecta, a otras 90, adem\u00e1s de establecimientos comerciales ubicados en la manzana 14 del barrio Manrique Central 1.<\/p>\n<p>\u201c<em>Anunciamos el inicio de obras del canal en la quebrada La Honda, en cumplimiento, adem\u00e1s, de una acci\u00f3n popular, de una orden judicial. Vamos a implementar soluciones basadas en la naturaleza y, por supuesto, a cumplir todos los requerimientos t\u00e9cnicos para que las emergencias, que en el pasado se presentaron por la insuficiencia hidr\u00e1ulica que exist\u00eda, queden saneadas<\/em>\u201d, se\u00f1al\u00f3 el subsecretario de Recursos Naturales Renovables, Esteban Jaramillo Ruiz.<\/p>\n<div id=\"attachment_388675\" style=\"width: 917px\" class=\"wp-caption alignnone\"><a href=\"https:\/\/www.medellin.gov.co\/es\/wp-content\/uploads\/2025\/02\/Canal-Quebrada-La-Honda-3.jpg\" target=\"_blank\" rel=\"noopener\"><img aria-describedby=\"caption-attachment-388675\" loading=\"lazy\" class=\"wp-image-388675 size-full\" title=\"Para prevenir inundaciones en la quebrada La Honda, el Distrito construye un canal que beneficiar\u00e1 a 122 familias\" src=\"https:\/\/www.medellin.gov.co\/es\/wp-content\/uploads\/2025\/02\/Canal-Quebrada-La-Honda-3.jpg\" alt=\"Para prevenir inundaciones en la quebrada La Honda, el Distrito construye un canal que beneficiar\u00e1 a 122 familias\" width=\"907\" height=\"680\" srcset=\"https:\/\/www.medellin.gov.co\/es\/wp-content\/uploads\/2025\/02\/Canal-Quebrada-La-Honda-3.jpg 907w, https:\/\/www.medellin.gov.co\/es\/wp-content\/uploads\/2025\/02\/Canal-Quebrada-La-Honda-3-300x225.jpg 300w, https:\/\/www.medellin.gov.co\/es\/wp-content\/uploads\/2025\/02\/Canal-Quebrada-La-Honda-3-150x112.jpg 150w, https:\/\/www.medellin.gov.co\/es\/wp-content\/uploads\/2025\/02\/Canal-Quebrada-La-Honda-3-768x576.jpg 768w\" sizes=\"(max-width: 907px) 100vw, 907px\" \/><\/a><p id=\"caption-attachment-388675\" class=\"wp-caption-text\">Para prevenir inundaciones en la quebrada La Honda, el Distrito construye un canal que beneficiar\u00e1 a 122 familias &#8211; Foto Alcald\u00eda de Medell\u00edn<\/p><\/div>\n<p>El nuevo canal proteger\u00e1 de posibles colapsos y represamientos de agua en el tramo intervenido, brindando seguridad a los barrios adyacentes. En los cruces de v\u00edas vehiculares se instalar\u00e1n estructuras tipo cajas de concreto con el fin de permitir el paso del agua sin afectar la movilidad; adem\u00e1s, como parte del compromiso con el medio ambiente y la calidad de vida de los habitantes, se proyecta la transformaci\u00f3n del sector en un ecoparque, lo que aportar\u00e1 una nueva zona verde para el disfrute de la comunidad.<\/p>\n<p>Con esta obra se aportan los metros de canal que est\u00e1n en el Plan de Desarrollo Distrital Medell\u00edn Te Quiere, en la l\u00ednea de Sostenibilidad Ambiental, con el indicador de cauces h\u00eddricos intervenidos con acciones de mantenimiento y optimizaci\u00f3n.<\/p>\n","protected":false},"excerpt":{"rendered":"<p>Se proyecta la transformaci\u00f3n del sector en un ecoparque, aportando un nuevo espacio p\u00fablico verde para la ciudad. La quebrada est\u00e1 ubicada entre Manrique y Campo Vald\u00e9s. La intervenci\u00f3n se realiza en el tramo comprendido &#8230;<\/p>\n","protected":false},"author":21,"featured_media":388671,"comment_status":"open","ping_status":"open","sticky":false,"template":"","format":"standard","meta":[],"categories":[13],"tags":[436,442],"formato_nota":[],"programas_tax":[],"acf":[],"_links":{"self":[{"href":"https:\/\/www.medellin.gov.co\/es\/wp-json\/wp\/v2\/posts\/388726"}],"collection":[{"href":"https:\/\/www.medellin.gov.co\/es\/wp-json\/wp\/v2\/posts"}],"about":[{"href":"https:\/\/www.medellin.gov.co\/es\/wp-json\/wp\/v2\/types\/post"}],"author":[{"embeddable":true,"href":"https:\/\/www.medellin.gov.co\/es\/wp-json\/wp\/v2\/users\/21"}],"replies":[{"embeddable":true,"href":"https:\/\/www.medellin.gov.co\/es\/wp-json\/wp\/v2\/comments?post=388726"}],"version-history":[{"count":1,"href":"https:\/\/www.medellin.gov.co\/es\/wp-json\/wp\/v2\/posts\/388726\/revisions"}],"predecessor-version":[{"id":388738,"href":"https:\/\/www.medellin.gov.co\/es\/wp-json\/wp\/v2\/posts\/388726\/revisions\/388738"}],"wp:featuredmedia":[{"embeddable":true,"href":"https:\/\/www.medellin.gov.co\/es\/wp-json\/wp\/v2\/media\/388671"}],"wp:attachment":[{"href":"https:\/\/www.medellin.gov.co\/es\/wp-json\/wp\/v2\/media?parent=388726"}],"wp:term":[{"taxonomy":"category","embeddable":true,"href":"https:\/\/www.medellin.gov.co\/es\/wp-json\/wp\/v2\/categories?post=388726"},{"taxonomy":"post_tag","embeddable":true,"href":"https:\/\/www.medellin.gov.co\/es\/wp-json\/wp\/v2\/tags?post=388726"},{"taxonomy":"formato_nota","embeddable":true,"href":"https:\/\/www.medellin.gov.co\/es\/wp-json\/wp\/v2\/formato_nota?post=388726"},{"taxonomy":"programas_tax","embeddable":true,"href":"https:\/\/www.medellin.gov.co\/es\/wp-json\/wp\/v2\/programas_tax?post=388726"}],"curies":[{"name":"wp","href":"https:\/\/api.w.org\/{rel}","templated":true}]}}