{"id":388741,"date":"2025-02-27T11:30:18","date_gmt":"2025-02-27T16:30:18","guid":{"rendered":"https:\/\/www.medellin.gov.co\/es\/?p=388741"},"modified":"2025-02-27T11:30:18","modified_gmt":"2025-02-27T16:30:18","slug":"colmayor-lidera-iniciativa-de-beca-integral-de-educacion-priorizada-por-presupuesto-participativo-para-comunas-y-corregimientos-de-medellin","status":"publish","type":"post","link":"https:\/\/www.medellin.gov.co\/es\/sala-de-prensa\/noticias\/colmayor-lidera-iniciativa-de-beca-integral-de-educacion-priorizada-por-presupuesto-participativo-para-comunas-y-corregimientos-de-medellin\/","title":{"rendered":"En sus 80 a\u00f1os, Colmayor lidera iniciativa de beca integral de educaci\u00f3n priorizada por Presupuesto Participativo para comunas y corregimientos de Medell\u00edn"},"content":{"rendered":"<ul>\n<li>1.703 estudiantes que cursan pregrado disfrutan de los beneficios.<\/li>\n<li>A estos alumnos se suman otros 800 que est\u00e1n en t\u00e9cnicas laborales, para una cobertura total de 2.500 personas.<\/li>\n<li>Desde 2009, se han graduado m\u00e1s de 3.000 personas gracias a esta figura.<\/li>\n<\/ul>\n<!--[if lt IE 9]><script>document.createElement('audio');<\/script><![endif]-->\n\t<div class=\"wp-playlist wp-audio-playlist wp-playlist-light\">\n\t\t\t<div class=\"wp-playlist-current-item\"><\/div>\n\t\t<audio controls=\"controls\" preload=\"none\" width=\"640\"\n\t\t\t><\/audio>\n\t<div class=\"wp-playlist-next\"><\/div>\n\t<div class=\"wp-playlist-prev\"><\/div>\n\t<noscript>\n\t<ol>\n\t\t<li><a href='https:\/\/www.medellin.gov.co\/es\/wp-content\/uploads\/2025\/02\/Beca-Colmayor-Presupuesto-Participativo-01.mp3'>Palabras de Juan David G\u00f3mez Fl\u00f3rez, rector de Colmayor<\/a><\/li><li><a href='https:\/\/www.medellin.gov.co\/es\/wp-content\/uploads\/2025\/02\/Beca-Colmayor-Presupuesto-Participativo-02.mp3'>Palabras de Daniel Andr\u00e9s Seb\u00e1 G\u00f3mez, estudiante de Tecnolog\u00eda en Gesti\u00f3n de Servicios Gastron\u00f3micos<\/a><\/li>\t<\/ol>\n\t<\/noscript>\n\t<script type=\"application\/json\" class=\"wp-playlist-script\">{\"type\":\"audio\",\"tracklist\":true,\"tracknumbers\":true,\"images\":true,\"artists\":true,\"tracks\":[{\"src\":\"https:\\\/\\\/www.medellin.gov.co\\\/es\\\/wp-content\\\/uploads\\\/2025\\\/02\\\/Beca-Colmayor-Presupuesto-Participativo-01.mp3\",\"type\":\"audio\\\/mpeg\",\"title\":\"Palabras de Juan David G\\u00f3mez Fl\\u00f3rez, rector de Colmayor\",\"caption\":\"\",\"description\":\"\\u00abPalabras de Juan David G\\u00f3mez Fl\\u00f3rez, rector de Colmayor\\u00bb.\",\"meta\":{\"year\":\"2025\",\"length_formatted\":\"1:45\"},\"image\":{\"src\":\"https:\\\/\\\/www.medellin.gov.co\\\/es\\\/wp-includes\\\/images\\\/media\\\/audio.png\",\"width\":48,\"height\":64},\"thumb\":{\"src\":\"https:\\\/\\\/www.medellin.gov.co\\\/es\\\/wp-includes\\\/images\\\/media\\\/audio.png\",\"width\":48,\"height\":64}},{\"src\":\"https:\\\/\\\/www.medellin.gov.co\\\/es\\\/wp-content\\\/uploads\\\/2025\\\/02\\\/Beca-Colmayor-Presupuesto-Participativo-02.mp3\",\"type\":\"audio\\\/mpeg\",\"title\":\"Palabras de Daniel Andr\\u00e9s Seb\\u00e1 G\\u00f3mez, estudiante de Tecnolog\\u00eda en Gesti\\u00f3n de Servicios Gastron\\u00f3micos\",\"caption\":\"\",\"description\":\"\\u00abPalabras de Daniel Andr\\u00e9s Seb\\u00e1 G\\u00f3mez, estudiante de Tecnolog\\u00eda en Gesti\\u00f3n de Servicios Gastron\\u00f3micos\\u00bb.\",\"meta\":{\"year\":\"2025\",\"length_formatted\":\"1:18\"},\"image\":{\"src\":\"https:\\\/\\\/www.medellin.gov.co\\\/es\\\/wp-includes\\\/images\\\/media\\\/audio.png\",\"width\":48,\"height\":64},\"thumb\":{\"src\":\"https:\\\/\\\/www.medellin.gov.co\\\/es\\\/wp-includes\\\/images\\\/media\\\/audio.png\",\"width\":48,\"height\":64}}]}<\/script>\n<\/div>\n\t\n<p>Para la vigencia 2025, el Distrito destin\u00f3 $136.000 millones para la entrega de becas en las instituciones de educaci\u00f3n superior de la ciudad, a trav\u00e9s de recursos priorizados, en un significativo ejercicio de transparencia en el manejo de los recursos p\u00fablicos, mediante Presupuesto Participativo. A la fecha, de los 5.500 estudiantes de Colmayor, 1.703 cursan pregrado gracias a una beca integral priorizada por comunas y corregimientos para estudiar gratuitamente y que incluye beneficios como auxilio de sostenimiento y acompa\u00f1amiento t\u00e9cnico y psicosocial.<\/p>\n<div id=\"attachment_388666\" style=\"width: 1031px\" class=\"wp-caption alignnone\"><a href=\"https:\/\/www.medellin.gov.co\/es\/wp-content\/uploads\/2025\/02\/Beca-Colmayor-Presupuesto-Participativo-2.jpg\" target=\"_blank\" rel=\"noopener\"><img aria-describedby=\"caption-attachment-388666\" loading=\"lazy\" class=\"wp-image-388666 size-full\" title=\"Colmayor lidera iniciativa de beca integral de educaci\u00f3n priorizada por Presupuesto Participativo para comunas y corregimientos de Medell\u00edn\" src=\"https:\/\/www.medellin.gov.co\/es\/wp-content\/uploads\/2025\/02\/Beca-Colmayor-Presupuesto-Participativo-2.jpg\" alt=\"En sus 80 a\u00f1os, Colmayor lidera iniciativa de beca integral de educaci\u00f3n priorizada por Presupuesto Participativo para comunas y corregimientos de Medell\u00edn\" width=\"1021\" height=\"680\" srcset=\"https:\/\/www.medellin.gov.co\/es\/wp-content\/uploads\/2025\/02\/Beca-Colmayor-Presupuesto-Participativo-2.jpg 1021w, https:\/\/www.medellin.gov.co\/es\/wp-content\/uploads\/2025\/02\/Beca-Colmayor-Presupuesto-Participativo-2-300x200.jpg 300w, https:\/\/www.medellin.gov.co\/es\/wp-content\/uploads\/2025\/02\/Beca-Colmayor-Presupuesto-Participativo-2-150x100.jpg 150w, https:\/\/www.medellin.gov.co\/es\/wp-content\/uploads\/2025\/02\/Beca-Colmayor-Presupuesto-Participativo-2-768x511.jpg 768w\" sizes=\"(max-width: 1021px) 100vw, 1021px\" \/><\/a><p id=\"caption-attachment-388666\" class=\"wp-caption-text\">En sus 80 a\u00f1os, Colmayor lidera iniciativa de beca integral de educaci\u00f3n priorizada por Presupuesto Participativo para comunas y corregimientos de Medell\u00edn &#8211; Foto Alcald\u00eda de Medell\u00edn<\/p><\/div>\n<p>El rector de Colmayor, Juan David G\u00f3mez Fl\u00f3rez, afirm\u00f3: \u201c<em>Nuestra instituci\u00f3n es consciente de la prioridad que el Distrito otorga a los recursos de educaci\u00f3n. La idea es que sirvan no solo para brindar una beca, sino para ir m\u00e1s all\u00e1. Desde Colmayor ofrecemos un acompa\u00f1amiento integral que asegure la permanencia de estos estudiantes en las aulas. Cada sue\u00f1o cumplido por estos j\u00f3venes es un hito que suma a la construcci\u00f3n de una ciudad que privilegia el conocimiento desde la participaci\u00f3n ciudadana<\/em>\u201d.<\/p>\n<p>Este proyecto fomenta la permanencia estudiantil mediante iniciativas sociales como la l\u00ednea de gestores educativos, que monitorea factores de deserci\u00f3n; y el acompa\u00f1amiento psicosocial, que atiende a m\u00e1s de 230 estudiantes de las tres instituciones de educaci\u00f3n superior del Distrito, en casos de duelo, violencia de g\u00e9nero, ansiedad, conflictos familiares o interpersonales, entre otros.<\/p>\n<div id=\"attachment_388669\" style=\"width: 1031px\" class=\"wp-caption alignnone\"><a href=\"https:\/\/www.medellin.gov.co\/es\/wp-content\/uploads\/2025\/02\/Beca-Colmayor-Presupuesto-Participativo-3.jpg\" target=\"_blank\" rel=\"noopener\"><img aria-describedby=\"caption-attachment-388669\" loading=\"lazy\" class=\"wp-image-388669 size-full\" title=\"Colmayor lidera iniciativa de beca integral de educaci\u00f3n priorizada por Presupuesto Participativo para comunas y corregimientos de Medell\u00edn\" src=\"https:\/\/www.medellin.gov.co\/es\/wp-content\/uploads\/2025\/02\/Beca-Colmayor-Presupuesto-Participativo-3.jpg\" alt=\"En sus 80 a\u00f1os, Colmayor lidera iniciativa de beca integral de educaci\u00f3n priorizada por Presupuesto Participativo para comunas y corregimientos de Medell\u00edn\" width=\"1021\" height=\"680\" srcset=\"https:\/\/www.medellin.gov.co\/es\/wp-content\/uploads\/2025\/02\/Beca-Colmayor-Presupuesto-Participativo-3.jpg 1021w, https:\/\/www.medellin.gov.co\/es\/wp-content\/uploads\/2025\/02\/Beca-Colmayor-Presupuesto-Participativo-3-300x200.jpg 300w, https:\/\/www.medellin.gov.co\/es\/wp-content\/uploads\/2025\/02\/Beca-Colmayor-Presupuesto-Participativo-3-150x100.jpg 150w, https:\/\/www.medellin.gov.co\/es\/wp-content\/uploads\/2025\/02\/Beca-Colmayor-Presupuesto-Participativo-3-768x511.jpg 768w\" sizes=\"(max-width: 1021px) 100vw, 1021px\" \/><\/a><p id=\"caption-attachment-388669\" class=\"wp-caption-text\">En sus 80 a\u00f1os, Colmayor lidera iniciativa de beca integral de educaci\u00f3n priorizada por Presupuesto Participativo para comunas y corregimientos de Medell\u00edn &#8211; Foto Alcald\u00eda de Medell\u00edn<\/p><\/div>\n<p>Daniel Andr\u00e9s Seb\u00e1 G\u00f3mez, estudiante de Tecnolog\u00eda en Gesti\u00f3n de Servicios Gastron\u00f3micos, uno de los beneficiarios, manifest\u00f3: \u201c<em>La beca de Presupuesto Participativo significa mucho en mi vida. Estoy cumpliendo un sue\u00f1o, un objetivo personal y le estoy dando una satisfacci\u00f3n a mi familia. El auxilio de sostenimiento me ha servido para los pasajes y para mantenerme en la universidad<\/em>\u201d.<\/p>\n<p>Otra prioridad en la instituci\u00f3n son las t\u00e9cnicas labores y los cursos que benefician a 800 ciudadanos en procesos formativos, como veterinaria, enfermer\u00eda, servicios farmac\u00e9uticos, cosmetolog\u00eda, cursos de vigilancia, alfabetizaci\u00f3n digital para el adulto mayor, belleza y barber\u00eda, entre otros.<\/p>\n<p>Gracias a las votaciones de Presupuesto Participativo, los ciudadanos inciden en la asignaci\u00f3n de recursos del Distrito, proponiendo, priorizando y decidiendo proyectos que impactan sus comunidades. Este mecanismo garantiza transparencia en la ejecuci\u00f3n de los recursos, asegurando que respondan a las necesidades de la comunidad.<\/p>\n","protected":false},"excerpt":{"rendered":"<p>1.703 estudiantes que cursan pregrado disfrutan de los beneficios. A estos alumnos se suman otros 800 que est\u00e1n en t\u00e9cnicas laborales, para una cobertura total de 2.500 personas. Desde 2009, se han graduado m\u00e1s de &#8230;<\/p>\n","protected":false},"author":21,"featured_media":388665,"comment_status":"open","ping_status":"open","sticky":false,"template":"","format":"standard","meta":[],"categories":[4,16,17],"tags":[634,431,450,427],"formato_nota":[],"programas_tax":[],"acf":[],"_links":{"self":[{"href":"https:\/\/www.medellin.gov.co\/es\/wp-json\/wp\/v2\/posts\/388741"}],"collection":[{"href":"https:\/\/www.medellin.gov.co\/es\/wp-json\/wp\/v2\/posts"}],"about":[{"href":"https:\/\/www.medellin.gov.co\/es\/wp-json\/wp\/v2\/types\/post"}],"author":[{"embeddable":true,"href":"https:\/\/www.medellin.gov.co\/es\/wp-json\/wp\/v2\/users\/21"}],"replies":[{"embeddable":true,"href":"https:\/\/www.medellin.gov.co\/es\/wp-json\/wp\/v2\/comments?post=388741"}],"version-history":[{"count":1,"href":"https:\/\/www.medellin.gov.co\/es\/wp-json\/wp\/v2\/posts\/388741\/revisions"}],"predecessor-version":[{"id":388753,"href":"https:\/\/www.medellin.gov.co\/es\/wp-json\/wp\/v2\/posts\/388741\/revisions\/388753"}],"wp:featuredmedia":[{"embeddable":true,"href":"https:\/\/www.medellin.gov.co\/es\/wp-json\/wp\/v2\/media\/388665"}],"wp:attachment":[{"href":"https:\/\/www.medellin.gov.co\/es\/wp-json\/wp\/v2\/media?parent=388741"}],"wp:term":[{"taxonomy":"category","embeddable":true,"href":"https:\/\/www.medellin.gov.co\/es\/wp-json\/wp\/v2\/categories?post=388741"},{"taxonomy":"post_tag","embeddable":true,"href":"https:\/\/www.medellin.gov.co\/es\/wp-json\/wp\/v2\/tags?post=388741"},{"taxonomy":"formato_nota","embeddable":true,"href":"https:\/\/www.medellin.gov.co\/es\/wp-json\/wp\/v2\/formato_nota?post=388741"},{"taxonomy":"programas_tax","embeddable":true,"href":"https:\/\/www.medellin.gov.co\/es\/wp-json\/wp\/v2\/programas_tax?post=388741"}],"curies":[{"name":"wp","href":"https:\/\/api.w.org\/{rel}","templated":true}]}}