{"id":389313,"date":"2025-03-02T02:19:13","date_gmt":"2025-03-02T07:19:13","guid":{"rendered":"https:\/\/www.medellin.gov.co\/es\/?p=389313"},"modified":"2025-03-02T10:44:24","modified_gmt":"2025-03-02T15:44:24","slug":"la-lectura-es-superdivertida-y-pone-a-volar-nuestra-imaginacion-influencer-supertona-en-el-festival-del-libro-infantil-de-medellin","status":"publish","type":"post","link":"https:\/\/www.medellin.gov.co\/es\/sala-de-prensa\/noticias\/la-lectura-es-superdivertida-y-pone-a-volar-nuestra-imaginacion-influencer-supertona-en-el-festival-del-libro-infantil-de-medellin\/","title":{"rendered":"\u201cLa lectura es superdivertida y pone a volar nuestra imaginaci\u00f3n\u201d: influencer SuperTo\u00f1a, en el Festival del Libro Infantil de Medell\u00edn"},"content":{"rendered":"<blockquote><p><a href=\"https:\/\/www.instagram.com\/cienciaconsupertona\/\" target=\"_blank\" rel=\"noopener\">SuperTo\u00f1a<\/a> es una reconocida ni\u00f1a influencer de Medell\u00edn. Aunque no le gusta mucho esa etiqueta, prefiere darse a conocer como una divulgadora de ciencia, pues siente que su misi\u00f3n est\u00e1 m\u00e1s alineada con ese quehacer que resuena con el conocimiento, la exactitud, los problemas matem\u00e1ticos y las soluciones pr\u00e1cticas.<\/p><\/blockquote>\n<p>El cerebro de esta influencer tiene capacidades excepcionales y se complementa con la luminosidad, el carisma y la ternura de su personalidad. Conversamos con ella en el <a href=\"https:\/\/fiestadellibroylacultura.com\/\" target=\"_blank\" rel=\"noopener\">Festival del Libro Infantil de Medell\u00edn<\/a>.<\/p>\n<p><div class=\"iframe-container\"><iframe title=\"YouTube video player\" src=\"https:\/\/www.youtube.com\/embed\/qLApfu18CgM?si=HwXKoquowlAi3Bs9\" width=\"100%\" height=\"350\" frameborder=\"0\" allowfullscreen=\"allowfullscreen\"><span data-mce-type=\"bookmark\" style=\"display: inline-block; width: 0px; overflow: hidden; line-height: 0;\" class=\"mce_SELRES_start\">\ufeff<\/span><\/iframe><\/div><\/p>\n<p>Ella es el resultado del amor y la dedicaci\u00f3n de sus padres, quienes han encaminado cada paso al puerto de sus sue\u00f1os, que son grandes, como su coraz\u00f3n. Con una Mam\u00e1nager, como se hace llamar su madre, To\u00f1a ha logrado dejar huella en una infancia virtual que deambula por contenidos vac\u00edos, que no tienen eco en el aprendizaje de los ni\u00f1os y las ni\u00f1as.<\/p>\n<div id=\"attachment_389324\" style=\"width: 1034px\" class=\"wp-caption alignnone\"><a href=\"https:\/\/www.medellin.gov.co\/es\/wp-content\/uploads\/2025\/03\/MAMA-Y-NINA.jpg\" target=\"_blank\" rel=\"noopener\"><img aria-describedby=\"caption-attachment-389324\" loading=\"lazy\" class=\"wp-image-389324 size-large\" src=\"https:\/\/www.medellin.gov.co\/es\/wp-content\/uploads\/2025\/03\/MAMA-Y-NINA-1024x768.jpg\" alt=\"A su corta edad, ya ha participado y ganado reconocimiento en grandes premios en el mundo: en el a\u00f1o 2022 fue la ganadora del Premio a la Ni\u00f1a She is en Latinoam\u00e9rica y en 2023 la revista Forbes la seleccion\u00f3 como una de los 70 ni\u00f1os y ni\u00f1as l\u00edderes del futuro.\" width=\"1024\" height=\"768\" srcset=\"https:\/\/www.medellin.gov.co\/es\/wp-content\/uploads\/2025\/03\/MAMA-Y-NINA-1024x768.jpg 1024w, https:\/\/www.medellin.gov.co\/es\/wp-content\/uploads\/2025\/03\/MAMA-Y-NINA-300x225.jpg 300w, https:\/\/www.medellin.gov.co\/es\/wp-content\/uploads\/2025\/03\/MAMA-Y-NINA-150x113.jpg 150w, https:\/\/www.medellin.gov.co\/es\/wp-content\/uploads\/2025\/03\/MAMA-Y-NINA-768x576.jpg 768w, https:\/\/www.medellin.gov.co\/es\/wp-content\/uploads\/2025\/03\/MAMA-Y-NINA.jpg 1133w\" sizes=\"(max-width: 1024px) 100vw, 1024px\" \/><\/a><p id=\"caption-attachment-389324\" class=\"wp-caption-text\">A su corta edad, ya ha participado y ganado reconocimiento en grandes premios en el mundo: en el a\u00f1o 2022 fue la ganadora del Premio a la Ni\u00f1a She is en Latinoam\u00e9rica y en 2023 la revista Forbes la seleccion\u00f3 como una de los 70 ni\u00f1os y ni\u00f1as l\u00edderes del futuro.<\/p><\/div>\n<p>Dentro de todas las paradojas cient\u00edficas posibles surge To\u00f1a con su cabellera rubia, su gran mo\u00f1o rosa y su bata de cient\u00edfica. Hace ciencia y naci\u00f3 dos veces, porque en realidad ella es un milagro.<\/p>\n<p><a href=\"https:\/\/www.medellin.gov.co\/es\/wp-content\/uploads\/2025\/03\/MESA-PRINCIPAL.jpeg\" target=\"_blank\" rel=\"noopener\"><img loading=\"lazy\" class=\"alignnone wp-image-389255 size-large\" src=\"https:\/\/www.medellin.gov.co\/es\/wp-content\/uploads\/2025\/03\/MESA-PRINCIPAL-1024x768.jpeg\" alt=\"\" width=\"1024\" height=\"768\" srcset=\"https:\/\/www.medellin.gov.co\/es\/wp-content\/uploads\/2025\/03\/MESA-PRINCIPAL-1024x768.jpeg 1024w, https:\/\/www.medellin.gov.co\/es\/wp-content\/uploads\/2025\/03\/MESA-PRINCIPAL-300x225.jpeg 300w, https:\/\/www.medellin.gov.co\/es\/wp-content\/uploads\/2025\/03\/MESA-PRINCIPAL-150x113.jpeg 150w, https:\/\/www.medellin.gov.co\/es\/wp-content\/uploads\/2025\/03\/MESA-PRINCIPAL-768x576.jpeg 768w, https:\/\/www.medellin.gov.co\/es\/wp-content\/uploads\/2025\/03\/MESA-PRINCIPAL-1536x1152.jpeg 1536w, https:\/\/www.medellin.gov.co\/es\/wp-content\/uploads\/2025\/03\/MESA-PRINCIPAL.jpeg 1600w\" sizes=\"(max-width: 1024px) 100vw, 1024px\" \/><\/a><\/p>\n<p><strong>SuperTo\u00f1a, \u00bfcu\u00e1l es tu nombre completo?<\/strong><\/p>\n<p>\u201c\u00a1Hola! Mi nombre es Mar\u00eda Antonia Amundarain \u00c1lvarez, m\u00e1s conocida como SuperTo\u00f1a\u201d.<\/p>\n<p><strong>\u00bfQu\u00e9 edad tienes?<\/strong><\/p>\n<p>\u201cTengo nueve a\u00f1os\u201d.<\/p>\n<p><strong>\u00bfT\u00fa eres de Medell\u00edn?<\/strong><\/p>\n<p>\u201cNac\u00ed en Envigado, pero soy de Medell\u00edn\u201d.<\/p>\n<p><strong>\u00bfC\u00f3mo est\u00e1 conformada tu familia?<\/strong><\/p>\n<p>\u201cMi mam\u00e1 se llama \u00c9rika Johana \u00c1lvarez Sep\u00falveda y mi pap\u00e1, R\u00f3mulo Javier Amundarain Rond\u00f3n\u201d.<\/p>\n<div id=\"attachment_389339\" style=\"width: 1034px\" class=\"wp-caption alignnone\"><a href=\"https:\/\/www.medellin.gov.co\/es\/wp-content\/uploads\/2025\/03\/FAMILIA-1_Supertona.jpg\"><img aria-describedby=\"caption-attachment-389339\" loading=\"lazy\" class=\"size-large wp-image-389339\" src=\"https:\/\/www.medellin.gov.co\/es\/wp-content\/uploads\/2025\/03\/FAMILIA-1_Supertona-1024x680.jpg\" alt=\"SuperTo\u00f1a y su padres\" width=\"1024\" height=\"680\" srcset=\"https:\/\/www.medellin.gov.co\/es\/wp-content\/uploads\/2025\/03\/FAMILIA-1_Supertona-1024x680.jpg 1024w, https:\/\/www.medellin.gov.co\/es\/wp-content\/uploads\/2025\/03\/FAMILIA-1_Supertona-300x199.jpg 300w, https:\/\/www.medellin.gov.co\/es\/wp-content\/uploads\/2025\/03\/FAMILIA-1_Supertona-150x100.jpg 150w, https:\/\/www.medellin.gov.co\/es\/wp-content\/uploads\/2025\/03\/FAMILIA-1_Supertona-768x510.jpg 768w, https:\/\/www.medellin.gov.co\/es\/wp-content\/uploads\/2025\/03\/FAMILIA-1_Supertona.jpg 1280w\" sizes=\"(max-width: 1024px) 100vw, 1024px\" \/><\/a><p id=\"caption-attachment-389339\" class=\"wp-caption-text\">SuperTo\u00f1a y su padres<\/p><\/div>\n<p><strong style=\"font-size: 16px;\">\u00bfY ellos a qu\u00e9 se dedican?<\/strong>\u00a0\u201cMi mam\u00e1 est\u00e1 100 % dedicada a m\u00ed. Ella se esfuerza mucho por m\u00ed y por eso dej\u00f3 su carrera como ingeniera de procesos. Su nueva carrera soy yo\u201d.<\/p>\n<p><strong>\u00bfY el pap\u00e1?<\/strong><\/p>\n<p>\u201cMi pap\u00e1 trabaja en ingenier\u00eda de sistemas\u201d.<\/p>\n<div id=\"attachment_389338\" style=\"width: 1034px\" class=\"wp-caption alignnone\"><a href=\"https:\/\/www.medellin.gov.co\/es\/wp-content\/uploads\/2025\/03\/FAMILIA-2_Supertona.jpg\" target=\"_blank\" rel=\"noopener\"><img aria-describedby=\"caption-attachment-389338\" loading=\"lazy\" class=\"wp-image-389338 size-large\" src=\"https:\/\/www.medellin.gov.co\/es\/wp-content\/uploads\/2025\/03\/FAMILIA-2_Supertona-1024x680.jpg\" alt=\"SuperTo\u00f1a y su padres\" width=\"1024\" height=\"680\" srcset=\"https:\/\/www.medellin.gov.co\/es\/wp-content\/uploads\/2025\/03\/FAMILIA-2_Supertona-1024x680.jpg 1024w, https:\/\/www.medellin.gov.co\/es\/wp-content\/uploads\/2025\/03\/FAMILIA-2_Supertona-300x199.jpg 300w, https:\/\/www.medellin.gov.co\/es\/wp-content\/uploads\/2025\/03\/FAMILIA-2_Supertona-150x100.jpg 150w, https:\/\/www.medellin.gov.co\/es\/wp-content\/uploads\/2025\/03\/FAMILIA-2_Supertona-768x510.jpg 768w, https:\/\/www.medellin.gov.co\/es\/wp-content\/uploads\/2025\/03\/FAMILIA-2_Supertona.jpg 1280w\" sizes=\"(max-width: 1024px) 100vw, 1024px\" \/><\/a><p id=\"caption-attachment-389338\" class=\"wp-caption-text\">SuperTo\u00f1a y su padres<\/p><\/div>\n<p><strong>\u00bfEn qu\u00e9 grado est\u00e1s?<\/strong><\/p>\n<p>\u201cEn quinto de primaria\u201d.<\/p>\n<p><strong>\u00bfC\u00f3mo surgi\u00f3 el deseo de ser una divulgadora cient\u00edfica?<\/strong><\/p>\n<p>\u201cNo fue un deseo, fue un milagro que empez\u00f3 desde los tres a\u00f1os. Siempre les preguntaba mucho a mis pap\u00e1s, les hac\u00eda muchas preguntas muy locas a esa edad, como por ejemplo, \u00bfpor qu\u00e9 el cielo es azul? \u00bfPor qu\u00e9 el sol no nos quema? \u00bfPor qu\u00e9 los planetas no chocan entre s\u00ed? \u00bfPor qu\u00e9 no flotamos como los globos? Entonces, desde ah\u00ed empez\u00f3 mi curiosidad por la ciencia y luego, a los cinco a\u00f1os, como me aburr\u00eda mucho y ya sab\u00eda leer, sumar, multiplicar, dividir, fraccionar y un mont\u00f3n de matem\u00e1ticas y literatura, y esas materias me aburr\u00edan mucho, y adem\u00e1s est\u00e1bamos en pandemia -que era lo peor-, tristemente, entonces me aburr\u00eda mucho. Mis pap\u00e1s me compraron por internet un libro que se llama Ciencia para ni\u00f1os en el Parque Explora y desde ah\u00ed, empec\u00e9 a leer y a hacer mis experimentos caseros como un juego. Es algo muy divertido, no es algo cans\u00f3n\u201d.<\/p>\n<p><a href=\"https:\/\/www.medellin.gov.co\/es\/wp-content\/uploads\/2025\/03\/OTRAS-MUJERES.jpg\" target=\"_blank\" rel=\"noopener\"><img loading=\"lazy\" class=\"alignnone wp-image-389328 size-full\" src=\"https:\/\/www.medellin.gov.co\/es\/wp-content\/uploads\/2025\/03\/OTRAS-MUJERES.jpg\" alt=\"\" width=\"850\" height=\"850\" srcset=\"https:\/\/www.medellin.gov.co\/es\/wp-content\/uploads\/2025\/03\/OTRAS-MUJERES.jpg 850w, https:\/\/www.medellin.gov.co\/es\/wp-content\/uploads\/2025\/03\/OTRAS-MUJERES-300x300.jpg 300w, https:\/\/www.medellin.gov.co\/es\/wp-content\/uploads\/2025\/03\/OTRAS-MUJERES-150x150.jpg 150w, https:\/\/www.medellin.gov.co\/es\/wp-content\/uploads\/2025\/03\/OTRAS-MUJERES-768x768.jpg 768w\" sizes=\"(max-width: 850px) 100vw, 850px\" \/><\/a><\/p>\n<p><strong>\u00bfCu\u00e1l es tu usuario en redes sociales?<\/strong><\/p>\n<p>\u201c<a href=\"https:\/\/www.instagram.com\/cienciaconsupertona\/\" target=\"_blank\" rel=\"noopener\">@cienciaconsupertona en Instagram<\/a>, To\u00f1a con n (YouTube: <a href=\"https:\/\/www.youtube.com\/c\/CienciaConSuperTo%C3%B1a\" target=\"_blank\" rel=\"noopener\">Ciencia con SuperTo\u00f1a<\/a>, y Facebook: <a href=\"https:\/\/www.facebook.com\/cienciaconsupertona\/\" target=\"_blank\" rel=\"noopener\">Ciencia con SuperTo\u00f1a<\/a>)\u201d.<\/p>\n<p><strong>\u00bfY s\u00faper por qu\u00e9?<\/strong><\/p>\n<p>\u201cLa historia fue desde los seis meses, porque ten\u00eda un problema en el coraz\u00f3n que no lo entiendo muy bien, pero bueno, estoy viva. Tuve dos oportunidades de vida. De hecho, aqu\u00ed tengo una rayita que es de la cirug\u00eda que me hicieron. No recuerdo bien c\u00f3mo fue o c\u00f3mo lo hicieron, pero no me doli\u00f3, porque soy superfuerte\u201d.<\/p>\n\n\t\t<style type=\"text\/css\">\n\t\t\t#gallery-1 {\n\t\t\t\tmargin: auto;\n\t\t\t}\n\t\t\t#gallery-1 .gallery-item {\n\t\t\t\tfloat: left;\n\t\t\t\tmargin-top: 10px;\n\t\t\t\ttext-align: center;\n\t\t\t\twidth: 50%;\n\t\t\t}\n\t\t\t#gallery-1 img {\n\t\t\t\tborder: 2px solid #cfcfcf;\n\t\t\t}\n\t\t\t#gallery-1 .gallery-caption {\n\t\t\t\tmargin-left: 0;\n\t\t\t}\n\t\t\t\/* see gallery_shortcode() in wp-includes\/media.php *\/\n\t\t<\/style>\n\t\t<div id='gallery-1' class='gallery galleryid-389313 gallery-columns-2 gallery-size-large'><dl class='gallery-item'>\n\t\t\t<dt class='gallery-icon landscape'>\n\t\t\t\t<a href='https:\/\/www.medellin.gov.co\/es\/sala-de-prensa\/noticias\/la-lectura-es-superdivertida-y-pone-a-volar-nuestra-imaginacion-influencer-supertona-en-el-festival-del-libro-infantil-de-medellin\/secretario\/'><img width=\"1024\" height=\"768\" src=\"https:\/\/www.medellin.gov.co\/es\/wp-content\/uploads\/2025\/03\/SECRETARIO-1024x768.jpg\" class=\"attachment-large size-large\" alt=\"\" loading=\"lazy\" srcset=\"https:\/\/www.medellin.gov.co\/es\/wp-content\/uploads\/2025\/03\/SECRETARIO-1024x768.jpg 1024w, https:\/\/www.medellin.gov.co\/es\/wp-content\/uploads\/2025\/03\/SECRETARIO-300x225.jpg 300w, https:\/\/www.medellin.gov.co\/es\/wp-content\/uploads\/2025\/03\/SECRETARIO-150x113.jpg 150w, https:\/\/www.medellin.gov.co\/es\/wp-content\/uploads\/2025\/03\/SECRETARIO-768x576.jpg 768w, https:\/\/www.medellin.gov.co\/es\/wp-content\/uploads\/2025\/03\/SECRETARIO.jpg 1133w\" sizes=\"(max-width: 1024px) 100vw, 1024px\" \/><\/a>\n\t\t\t<\/dt><\/dl><dl class='gallery-item'>\n\t\t\t<dt class='gallery-icon landscape'>\n\t\t\t\t<a href='https:\/\/www.medellin.gov.co\/es\/sala-de-prensa\/noticias\/la-lectura-es-superdivertida-y-pone-a-volar-nuestra-imaginacion-influencer-supertona-en-el-festival-del-libro-infantil-de-medellin\/embajador\/'><img width=\"1024\" height=\"768\" src=\"https:\/\/www.medellin.gov.co\/es\/wp-content\/uploads\/2025\/03\/EMBAJADOR-1024x768.jpg\" class=\"attachment-large size-large\" alt=\"\" loading=\"lazy\" srcset=\"https:\/\/www.medellin.gov.co\/es\/wp-content\/uploads\/2025\/03\/EMBAJADOR-1024x768.jpg 1024w, https:\/\/www.medellin.gov.co\/es\/wp-content\/uploads\/2025\/03\/EMBAJADOR-300x225.jpg 300w, https:\/\/www.medellin.gov.co\/es\/wp-content\/uploads\/2025\/03\/EMBAJADOR-150x113.jpg 150w, https:\/\/www.medellin.gov.co\/es\/wp-content\/uploads\/2025\/03\/EMBAJADOR-768x576.jpg 768w, https:\/\/www.medellin.gov.co\/es\/wp-content\/uploads\/2025\/03\/EMBAJADOR.jpg 1133w\" sizes=\"(max-width: 1024px) 100vw, 1024px\" \/><\/a>\n\t\t\t<\/dt><\/dl><br style=\"clear: both\" \/>\n\t\t<\/div>\n\n<p><strong>\u00bfA qu\u00e9 edad aprendiste a leer?<\/strong><\/p>\n<p>\u201cA los 3 a\u00f1os aprend\u00ed a leer, de hecho, antes de escribir. Aprend\u00ed a leer por pictogramas. Mi mam\u00e1, \u00c9rika Johana \u00c1lvarez, me ense\u00f1\u00f3 a trav\u00e9s de dibujos y de palabras, o sea, pictogramas\u201d.<\/p>\n<p><a href=\"https:\/\/www.medellin.gov.co\/es\/wp-content\/uploads\/2025\/03\/SHE-IS.jpeg\" target=\"_blank\" rel=\"noopener\"><img loading=\"lazy\" class=\"alignnone wp-image-389341 size-large\" src=\"https:\/\/www.medellin.gov.co\/es\/wp-content\/uploads\/2025\/03\/SHE-IS-1024x1024.jpeg\" alt=\"\" width=\"1024\" height=\"1024\" srcset=\"https:\/\/www.medellin.gov.co\/es\/wp-content\/uploads\/2025\/03\/SHE-IS-1024x1024.jpeg 1024w, https:\/\/www.medellin.gov.co\/es\/wp-content\/uploads\/2025\/03\/SHE-IS-300x300.jpeg 300w, https:\/\/www.medellin.gov.co\/es\/wp-content\/uploads\/2025\/03\/SHE-IS-150x150.jpeg 150w, https:\/\/www.medellin.gov.co\/es\/wp-content\/uploads\/2025\/03\/SHE-IS-768x768.jpeg 768w, https:\/\/www.medellin.gov.co\/es\/wp-content\/uploads\/2025\/03\/SHE-IS.jpeg 1080w\" sizes=\"(max-width: 1024px) 100vw, 1024px\" \/><\/a><\/p>\n<p><strong>\u00bfC\u00f3mo te ves en 10 a\u00f1os?<\/strong><\/p>\n<p>\u201cBueno, en unos 10 a\u00f1os, cuando tenga 19, me gustar\u00eda estudiar ingenier\u00eda civil o ingenier\u00eda aeroespacial\u201d.<\/p>\n<p><strong>\u00bfPor qu\u00e9 te gustan esas ingenier\u00edas?<\/strong><\/p>\n<p>\u201cLa ingenier\u00eda civil, porque me puedo comunicar con la Alcald\u00eda y puedo tener recursos para ayudar a los dem\u00e1s. Y la aeroespacial, porque me encanta la ciencia, el espacio, y por ah\u00ed derecho, me pueden llamar de la <a href=\"https:\/\/www.nasa.gov\/\" target=\"_blank\" rel=\"noopener\">NASA, de los United States<\/a>\u201d.<\/p>\n<p><a href=\"https:\/\/www.medellin.gov.co\/es\/wp-content\/uploads\/2025\/03\/FORBES-1.jpg\" target=\"_blank\" rel=\"noopener\"><img loading=\"lazy\" class=\"alignnone wp-image-389342 size-full\" src=\"https:\/\/www.medellin.gov.co\/es\/wp-content\/uploads\/2025\/03\/FORBES-1.jpg\" alt=\"\" width=\"850\" height=\"850\" srcset=\"https:\/\/www.medellin.gov.co\/es\/wp-content\/uploads\/2025\/03\/FORBES-1.jpg 850w, https:\/\/www.medellin.gov.co\/es\/wp-content\/uploads\/2025\/03\/FORBES-1-300x300.jpg 300w, https:\/\/www.medellin.gov.co\/es\/wp-content\/uploads\/2025\/03\/FORBES-1-150x150.jpg 150w, https:\/\/www.medellin.gov.co\/es\/wp-content\/uploads\/2025\/03\/FORBES-1-768x768.jpg 768w\" sizes=\"(max-width: 850px) 100vw, 850px\" \/><\/a><\/p>\n<p><strong>\u00bfQu\u00e9 te gustar\u00eda transformar de la sociedad?<\/strong><\/p>\n<p>\u201cMe gustar\u00eda cambiar en la sociedad dos cosas: la primera es que nos ayudemos entre todos, que no hay uno mayor o menor, como all\u00e1 en los a\u00f1os 1600 con los espa\u00f1oles, en el que los espa\u00f1oles eran mayores y los ind\u00edgenas menores, porque todos somos iguales, somos personas normales. Y lo segundo, algo m\u00e1s intergal\u00e1ctico o m\u00e1s futurista, deber\u00edamos tener unos carros voladores\u201d.<\/p>\n<div id=\"attachment_389326\" style=\"width: 1034px\" class=\"wp-caption alignnone\"><a href=\"https:\/\/www.medellin.gov.co\/es\/wp-content\/uploads\/2025\/03\/MOOMINS.jpg\" target=\"_blank\" rel=\"noopener\"><img aria-describedby=\"caption-attachment-389326\" loading=\"lazy\" class=\"wp-image-389326 size-large\" src=\"https:\/\/www.medellin.gov.co\/es\/wp-content\/uploads\/2025\/03\/MOOMINS-1024x768.jpg\" alt=\"\" width=\"1024\" height=\"768\" srcset=\"https:\/\/www.medellin.gov.co\/es\/wp-content\/uploads\/2025\/03\/MOOMINS-1024x768.jpg 1024w, https:\/\/www.medellin.gov.co\/es\/wp-content\/uploads\/2025\/03\/MOOMINS-300x225.jpg 300w, https:\/\/www.medellin.gov.co\/es\/wp-content\/uploads\/2025\/03\/MOOMINS-150x113.jpg 150w, https:\/\/www.medellin.gov.co\/es\/wp-content\/uploads\/2025\/03\/MOOMINS-768x576.jpg 768w, https:\/\/www.medellin.gov.co\/es\/wp-content\/uploads\/2025\/03\/MOOMINS.jpg 1133w\" sizes=\"(max-width: 1024px) 100vw, 1024px\" \/><\/a><p id=\"caption-attachment-389326\" class=\"wp-caption-text\">Mar\u00eda Antonia Amundarain \u00c1lvarez, m\u00e1s conocida como SuperTo\u00f1a<\/p><\/div>\n<p><strong>\u00bfQu\u00e9 les recomendar\u00edas a los ni\u00f1os y ni\u00f1as para hacer en su tiempo libre?<\/strong><\/p>\n<p>\u201cLo que m\u00e1s me gustar\u00eda decirles es que no se aburran, que encuentren algo para jugar, para entretenerse, como un libro o un juguete. No en esas pantallas, en las que est\u00e1n\u00a0solamente \u2018boquiabajos\u2019. Tenemos que integrarnos con la naturaleza y el planeta\u201d.<\/p>\n<p><strong>\u00bfC\u00f3mo lograr que los ni\u00f1os y ni\u00f1as se despeguen de las pantallas?<\/strong><\/p>\n<p>\u201cDespegarlos, as\u00ed como tal, no creo. Es m\u00e1s que vean programas educativos, que vean cosas para ni\u00f1os y no de adultos\u201d.<\/p>\n<p><a href=\"https:\/\/www.medellin.gov.co\/es\/wp-content\/uploads\/2025\/03\/NINA-CIENTIFICA_1.jpg\" target=\"_blank\" rel=\"noopener\"><img loading=\"lazy\" class=\"alignnone wp-image-389343 size-large\" src=\"https:\/\/www.medellin.gov.co\/es\/wp-content\/uploads\/2025\/03\/NINA-CIENTIFICA_1-1024x680.jpg\" alt=\"\" width=\"1024\" height=\"680\" srcset=\"https:\/\/www.medellin.gov.co\/es\/wp-content\/uploads\/2025\/03\/NINA-CIENTIFICA_1-1024x680.jpg 1024w, https:\/\/www.medellin.gov.co\/es\/wp-content\/uploads\/2025\/03\/NINA-CIENTIFICA_1-300x199.jpg 300w, https:\/\/www.medellin.gov.co\/es\/wp-content\/uploads\/2025\/03\/NINA-CIENTIFICA_1-150x100.jpg 150w, https:\/\/www.medellin.gov.co\/es\/wp-content\/uploads\/2025\/03\/NINA-CIENTIFICA_1-768x510.jpg 768w, https:\/\/www.medellin.gov.co\/es\/wp-content\/uploads\/2025\/03\/NINA-CIENTIFICA_1.jpg 1280w\" sizes=\"(max-width: 1024px) 100vw, 1024px\" \/><\/a><\/p>\n<p><strong>\u00bfY a ti qu\u00e9 te gusta leer?<\/strong><\/p>\n<p>\u201cA m\u00ed lo que me gusta leer es libros sobre mujeres, ciencia, tecnolog\u00eda e innovaci\u00f3n\u201d.<\/p>\n<p>T\u00fa eres divulgadora cient\u00edfica. Danos un ejemplo de algo de divulgaci\u00f3n cient\u00edfica.<\/p>\n<p>\u201cEn este momento ser\u00eda sobre la naturaleza. Les dir\u00eda que no botemos basuras, que es muy malo para nuestro planeta, que hace efecto invernadero y luego \u00a1buumm!, destruye nuestro planeta\u201d.<\/p>\n<div id=\"attachment_389323\" style=\"width: 1034px\" class=\"wp-caption alignnone\"><a href=\"https:\/\/www.medellin.gov.co\/es\/wp-content\/uploads\/2025\/03\/LEYENDO.jpg\" target=\"_blank\" rel=\"noopener\"><img aria-describedby=\"caption-attachment-389323\" loading=\"lazy\" class=\"wp-image-389323 size-large\" src=\"https:\/\/www.medellin.gov.co\/es\/wp-content\/uploads\/2025\/03\/LEYENDO-1024x768.jpg\" alt=\"\" width=\"1024\" height=\"768\" srcset=\"https:\/\/www.medellin.gov.co\/es\/wp-content\/uploads\/2025\/03\/LEYENDO-1024x768.jpg 1024w, https:\/\/www.medellin.gov.co\/es\/wp-content\/uploads\/2025\/03\/LEYENDO-300x225.jpg 300w, https:\/\/www.medellin.gov.co\/es\/wp-content\/uploads\/2025\/03\/LEYENDO-150x113.jpg 150w, https:\/\/www.medellin.gov.co\/es\/wp-content\/uploads\/2025\/03\/LEYENDO-768x576.jpg 768w, https:\/\/www.medellin.gov.co\/es\/wp-content\/uploads\/2025\/03\/LEYENDO.jpg 1133w\" sizes=\"(max-width: 1024px) 100vw, 1024px\" \/><\/a><p id=\"caption-attachment-389323\" class=\"wp-caption-text\">Mar\u00eda Antonia Amundarain \u00c1lvarez, m\u00e1s conocida como SuperTo\u00f1a<\/p><\/div>\n<p><strong>\u00bfTe gustar\u00eda invitar a los ni\u00f1os y las ni\u00f1as a que asistan al primer Festival del Libro Infantil de Medell\u00edn?<\/strong><\/p>\n<p>\u201cLes dir\u00eda a esos ni\u00f1os que est\u00e1n siempre con los celulares, pantallitas, esas minipantallitas tan crueles, dici\u00e9ndolo de una manera buena, porque no quiero ser grosera, no quiero ser grosera con el creador de Apple, dici\u00e9ndolo as\u00ed: yo les dir\u00eda es que aprendan con lectura, con libros y con juguetes tambi\u00e9n y pueden ser mejores personas. Los invito a que vengan a este primer Festival del Libro Infantil de Medell\u00edn, porque la lectura es superdivertida y pone a volar nuestra imaginaci\u00f3n. \u00a1Porque si lo crees, lo creas! Te lo dice SuperTo\u00f1a\u201d.<\/p>\n","protected":false},"excerpt":{"rendered":"<p>SuperTo\u00f1a es una reconocida ni\u00f1a influencer de Medell\u00edn. Aunque no le gusta mucho esa etiqueta, prefiere darse a conocer como una divulgadora de ciencia, pues siente que su misi\u00f3n est\u00e1 m\u00e1s alineada con ese quehacer &#8230;<\/p>\n","protected":false},"author":17,"featured_media":389322,"comment_status":"open","ping_status":"open","sticky":false,"template":"","format":"standard","meta":[],"categories":[1],"tags":[444,428],"formato_nota":[],"programas_tax":[],"acf":[],"_links":{"self":[{"href":"https:\/\/www.medellin.gov.co\/es\/wp-json\/wp\/v2\/posts\/389313"}],"collection":[{"href":"https:\/\/www.medellin.gov.co\/es\/wp-json\/wp\/v2\/posts"}],"about":[{"href":"https:\/\/www.medellin.gov.co\/es\/wp-json\/wp\/v2\/types\/post"}],"author":[{"embeddable":true,"href":"https:\/\/www.medellin.gov.co\/es\/wp-json\/wp\/v2\/users\/17"}],"replies":[{"embeddable":true,"href":"https:\/\/www.medellin.gov.co\/es\/wp-json\/wp\/v2\/comments?post=389313"}],"version-history":[{"count":1,"href":"https:\/\/www.medellin.gov.co\/es\/wp-json\/wp\/v2\/posts\/389313\/revisions"}],"predecessor-version":[{"id":389345,"href":"https:\/\/www.medellin.gov.co\/es\/wp-json\/wp\/v2\/posts\/389313\/revisions\/389345"}],"wp:featuredmedia":[{"embeddable":true,"href":"https:\/\/www.medellin.gov.co\/es\/wp-json\/wp\/v2\/media\/389322"}],"wp:attachment":[{"href":"https:\/\/www.medellin.gov.co\/es\/wp-json\/wp\/v2\/media?parent=389313"}],"wp:term":[{"taxonomy":"category","embeddable":true,"href":"https:\/\/www.medellin.gov.co\/es\/wp-json\/wp\/v2\/categories?post=389313"},{"taxonomy":"post_tag","embeddable":true,"href":"https:\/\/www.medellin.gov.co\/es\/wp-json\/wp\/v2\/tags?post=389313"},{"taxonomy":"formato_nota","embeddable":true,"href":"https:\/\/www.medellin.gov.co\/es\/wp-json\/wp\/v2\/formato_nota?post=389313"},{"taxonomy":"programas_tax","embeddable":true,"href":"https:\/\/www.medellin.gov.co\/es\/wp-json\/wp\/v2\/programas_tax?post=389313"}],"curies":[{"name":"wp","href":"https:\/\/api.w.org\/{rel}","templated":true}]}}