{"id":389521,"date":"2025-03-03T12:13:08","date_gmt":"2025-03-03T17:13:08","guid":{"rendered":"https:\/\/www.medellin.gov.co\/es\/?p=389521"},"modified":"2025-03-03T12:13:08","modified_gmt":"2025-03-03T17:13:08","slug":"las-ninas-y-ninos-del-valle-de-aburra-suenan-dibujan-y-crean-historias-sobre-la-movilidad-sostenible-de-la-subregion","status":"publish","type":"post","link":"https:\/\/www.medellin.gov.co\/es\/sala-de-prensa\/noticias\/las-ninas-y-ninos-del-valle-de-aburra-suenan-dibujan-y-crean-historias-sobre-la-movilidad-sostenible-de-la-subregion\/","title":{"rendered":"Las ni\u00f1as y ni\u00f1os del Valle de Aburr\u00e1 sue\u00f1an, dibujan y crean historias sobre la movilidad sostenible de la subregi\u00f3n"},"content":{"rendered":"<ul>\n<li>En su novena edici\u00f3n, el Concurso de Cuento Ilustrado Infantil invita a plasmar una movilidad digna, segura y humana mediante relatos y dibujos.<\/li>\n<li>Esta propuesta busca fomentar la conciencia ciudadana, ecol\u00f3gica, la creatividad infantil y la inclusi\u00f3n.<\/li>\n<li>Incluye formatos en braille y lengua de se\u00f1as colombiana.<\/li>\n<\/ul>\n<!--[if lt IE 9]><script>document.createElement('audio');<\/script><![endif]-->\n\t<div class=\"wp-playlist wp-audio-playlist wp-playlist-light\">\n\t\t\t<div class=\"wp-playlist-current-item\"><\/div>\n\t\t<audio controls=\"controls\" preload=\"none\" width=\"640\"\n\t\t\t><\/audio>\n\t<div class=\"wp-playlist-next\"><\/div>\n\t<div class=\"wp-playlist-prev\"><\/div>\n\t<noscript>\n\t<ol>\n\t\t<li><a href='https:\/\/www.medellin.gov.co\/es\/wp-content\/uploads\/2025\/03\/Ninos-Historias-Movilidad-Sostenible-01.mp3'>Palabras de Natalia Londo\u00f1o, subsecretaria de Ciudadan\u00eda Cultural<\/a><\/li><li><a href='https:\/\/www.medellin.gov.co\/es\/wp-content\/uploads\/2025\/03\/Ninos-Historias-Movilidad-Sostenible-02.mp3'>Palabras de Abigail Galeano, ganadora del pasado Concurso de Cuento Ilustrado de Movilidad Sostenible (octava edici\u00f3n)<\/a><\/li>\t<\/ol>\n\t<\/noscript>\n\t<script type=\"application\/json\" class=\"wp-playlist-script\">{\"type\":\"audio\",\"tracklist\":true,\"tracknumbers\":true,\"images\":true,\"artists\":true,\"tracks\":[{\"src\":\"https:\\\/\\\/www.medellin.gov.co\\\/es\\\/wp-content\\\/uploads\\\/2025\\\/03\\\/Ninos-Historias-Movilidad-Sostenible-01.mp3\",\"type\":\"audio\\\/mpeg\",\"title\":\"Palabras de Natalia Londo\\u00f1o, subsecretaria de Ciudadan\\u00eda Cultural\",\"caption\":\"\",\"description\":\"\\u00abNi\\u00f1os-Historias-Movilidad-Sostenible-01\\u00bb. Lanzamiento: 2025.\",\"meta\":{\"year\":\"2025\",\"length_formatted\":\"1:01\"},\"image\":{\"src\":\"https:\\\/\\\/www.medellin.gov.co\\\/es\\\/wp-includes\\\/images\\\/media\\\/audio.png\",\"width\":48,\"height\":64},\"thumb\":{\"src\":\"https:\\\/\\\/www.medellin.gov.co\\\/es\\\/wp-includes\\\/images\\\/media\\\/audio.png\",\"width\":48,\"height\":64}},{\"src\":\"https:\\\/\\\/www.medellin.gov.co\\\/es\\\/wp-content\\\/uploads\\\/2025\\\/03\\\/Ninos-Historias-Movilidad-Sostenible-02.mp3\",\"type\":\"audio\\\/mpeg\",\"title\":\"Palabras de Abigail Galeano, ganadora del pasado Concurso de Cuento Ilustrado de Movilidad Sostenible (octava edici\\u00f3n)\",\"caption\":\"\",\"description\":\"\\u00abPalabras de Abigail Galeano, ganadora del pasado Concurso de Cuento Ilustrado de Movilidad Sostenible (octava edici\\u00f3n)\\u00bb.\",\"meta\":{\"length_formatted\":\"0:42\"},\"image\":{\"src\":\"https:\\\/\\\/www.medellin.gov.co\\\/es\\\/wp-includes\\\/images\\\/media\\\/audio.png\",\"width\":48,\"height\":64},\"thumb\":{\"src\":\"https:\\\/\\\/www.medellin.gov.co\\\/es\\\/wp-includes\\\/images\\\/media\\\/audio.png\",\"width\":48,\"height\":64}}]}<\/script>\n<\/div>\n\t\n<p>El Distrito y el Valle de Aburr\u00e1 se preparan para descubrir c\u00f3mo las ni\u00f1as y los ni\u00f1os, con edades entre 6 y 12 a\u00f1os, imaginan la movilidad del futuro. En ese prop\u00f3sito, este domingo, 2 de marzo, se present\u00f3 la novena edici\u00f3n del Concurso de Cuento Ilustrado Infantil en la franja de programaci\u00f3n Los colores del ma\u00f1ana en el marco del primer Festival del Libro Infantil de Medell\u00edn.<\/p>\n<p>La iniciativa, impulsada por la Administraci\u00f3n Distrital y el \u00c1rea Metropolitana del Valle de Aburr\u00e1, invita a los m\u00e1s peque\u00f1os a plasmar sus sue\u00f1os y visiones sobre una movilidad m\u00e1s digna, segura y humana a trav\u00e9s de los relatos, los dibujos y los colores que motivan la creatividad literaria y cultural de las infancias.<\/p>\n<p>Las inscripciones estar\u00e1n abiertas hasta el 4 de abril de 2025, en el marco del proyecto de cultura ciudadana definido en el Plan de Desarrollo \u201cMedell\u00edn Te Quiere\u201d. De esta manera, el Distrito promueve que los menores narren c\u00f3mo sue\u00f1an la ciudad y el \u00e1rea metropolitana, al igual que una forma de transporte \u00e1gil, segura, tranquila y amigable con el medio ambiente.<\/p>\n<div id=\"attachment_389530\" style=\"width: 1180px\" class=\"wp-caption alignnone\"><a href=\"https:\/\/www.medellin.gov.co\/es\/wp-content\/uploads\/2025\/03\/Ninos-Historias-Movilidad-Sostenible-2.jpg\" target=\"_blank\" rel=\"noopener\"><img aria-describedby=\"caption-attachment-389530\" loading=\"lazy\" class=\"wp-image-389530 size-full\" title=\"Las ni\u00f1as y ni\u00f1os del Valle de Aburr\u00e1 sue\u00f1an, dibujan y crean historias sobre la movilidad sostenible de la subregi\u00f3n\" src=\"https:\/\/www.medellin.gov.co\/es\/wp-content\/uploads\/2025\/03\/Ninos-Historias-Movilidad-Sostenible-2.jpg\" alt=\"Las ni\u00f1as y ni\u00f1os del Valle de Aburr\u00e1 sue\u00f1an, dibujan y crean historias sobre la movilidad sostenible de la subregi\u00f3n\" width=\"1170\" height=\"780\" srcset=\"https:\/\/www.medellin.gov.co\/es\/wp-content\/uploads\/2025\/03\/Ninos-Historias-Movilidad-Sostenible-2.jpg 1170w, https:\/\/www.medellin.gov.co\/es\/wp-content\/uploads\/2025\/03\/Ninos-Historias-Movilidad-Sostenible-2-300x200.jpg 300w, https:\/\/www.medellin.gov.co\/es\/wp-content\/uploads\/2025\/03\/Ninos-Historias-Movilidad-Sostenible-2-1024x683.jpg 1024w, https:\/\/www.medellin.gov.co\/es\/wp-content\/uploads\/2025\/03\/Ninos-Historias-Movilidad-Sostenible-2-150x100.jpg 150w, https:\/\/www.medellin.gov.co\/es\/wp-content\/uploads\/2025\/03\/Ninos-Historias-Movilidad-Sostenible-2-768x512.jpg 768w\" sizes=\"(max-width: 1170px) 100vw, 1170px\" \/><\/a><p id=\"caption-attachment-389530\" class=\"wp-caption-text\">Las ni\u00f1as y ni\u00f1os del Valle de Aburr\u00e1 sue\u00f1an, dibujan y crean historias sobre la movilidad sostenible de la subregi\u00f3n &#8211; Foto Alcald\u00eda de Medell\u00edn<\/p><\/div>\n<p>\u201c<em>Invitamos a los padres de familia, docentes y cuidadores de los ni\u00f1os y ni\u00f1as de entre 6 a 12 a\u00f1os de edad del Valle de Aburr\u00e1 a participar en el noveno Concurso Cuento Ilustrado de Movilidad Sostenible. Este evento busca despertar su creatividad e imaginaci\u00f3n para que nos lleven a explorar el ma\u00f1ana y nos muestren c\u00f3mo se imaginan la movilidad sostenible en los a\u00f1os que vienen. Queremos darles voz a las ideas de las ni\u00f1as y ni\u00f1os y, permitirles plasmar en palabras e im\u00e1genes c\u00f3mo creen que ser\u00e1 el futuro de nuestra ciudad<\/em>\u201d, indic\u00f3 la subsecretaria de Ciudadan\u00eda Cultural, Natalia Londo\u00f1o.<\/p>\n<p>Como parte de la celebraci\u00f3n del Festival del Libro Infantil, los asistentes disfrutaron de los talleres sobre ilustraci\u00f3n infantil, con tem\u00e1ticas como movilidad segura y humana, conciencia ecol\u00f3gica y cuidado del entorno, creatividad e innovaci\u00f3n infantil, educaci\u00f3n basada en el fortalecimiento del buen vivir en comunidad y la promoci\u00f3n de la sana convivencia.<\/p>\n<p>\u201c<em>Nos acordamos de que tuvimos una experiencia en la vida real y quisimos pasarla a un cuento. Mi cuento se llama Las aceras nunca vistas. Te invito a participar de este concurso, no importa que tengas discapacidad, lo que importa es su imaginaci\u00f3n y tu forma de crear cosas<\/em>\u201d, dijo la ganadora del pasado Concurso de Cuento Ilustrado de Movilidad Sostenible (octava edici\u00f3n), Abigail Galeano.<\/p>\n<div id=\"attachment_389533\" style=\"width: 1177px\" class=\"wp-caption alignnone\"><a href=\"https:\/\/www.medellin.gov.co\/es\/wp-content\/uploads\/2025\/03\/Ninos-Historias-Movilidad-Sostenible-3.jpg\" target=\"_blank\" rel=\"noopener\"><img aria-describedby=\"caption-attachment-389533\" loading=\"lazy\" class=\"wp-image-389533 size-full\" title=\"Las ni\u00f1as y ni\u00f1os del Valle de Aburr\u00e1 sue\u00f1an, dibujan y crean historias sobre la movilidad sostenible de la subregi\u00f3n\" src=\"https:\/\/www.medellin.gov.co\/es\/wp-content\/uploads\/2025\/03\/Ninos-Historias-Movilidad-Sostenible-3.jpg\" alt=\"Las ni\u00f1as y ni\u00f1os del Valle de Aburr\u00e1 sue\u00f1an, dibujan y crean historias sobre la movilidad sostenible de la subregi\u00f3n\" width=\"1167\" height=\"780\" srcset=\"https:\/\/www.medellin.gov.co\/es\/wp-content\/uploads\/2025\/03\/Ninos-Historias-Movilidad-Sostenible-3.jpg 1167w, https:\/\/www.medellin.gov.co\/es\/wp-content\/uploads\/2025\/03\/Ninos-Historias-Movilidad-Sostenible-3-300x201.jpg 300w, https:\/\/www.medellin.gov.co\/es\/wp-content\/uploads\/2025\/03\/Ninos-Historias-Movilidad-Sostenible-3-1024x684.jpg 1024w, https:\/\/www.medellin.gov.co\/es\/wp-content\/uploads\/2025\/03\/Ninos-Historias-Movilidad-Sostenible-3-150x100.jpg 150w, https:\/\/www.medellin.gov.co\/es\/wp-content\/uploads\/2025\/03\/Ninos-Historias-Movilidad-Sostenible-3-768x513.jpg 768w\" sizes=\"(max-width: 1167px) 100vw, 1167px\" \/><\/a><p id=\"caption-attachment-389533\" class=\"wp-caption-text\">Las ni\u00f1as y ni\u00f1os del Valle de Aburr\u00e1 sue\u00f1an, dibujan y crean historias sobre la movilidad sostenible de la subregi\u00f3n &#8211; Foto Alcald\u00eda de Medell\u00edn<\/p><\/div>\n<p>Para participar, se debe crear un cuento cuyo eje central sea la movilidad sostenible\u00a0del ma\u00f1ana, escrito a mano, con letra clara y legible, en hojas tama\u00f1o carta y acompa\u00f1ado de ilustraciones originales de cada autor. Pueden postularse los habitantes de los 10 municipios del Valle de Aburr\u00e1, en las categor\u00edas de 6 a 9 a\u00f1os y de 10 a 12 a\u00f1os. Es necesario que vivan en Medell\u00edn, Barbosa, Girardota, Copacabana, Bello, Envigado, Itag\u00fc\u00ed, Sabaneta, La Estrella o Caldas.<\/p>\n<p>Los autores con alguna discapacidad tambi\u00e9n pueden vincularse con otros formatos, como audio con la narraci\u00f3n del cuento, video en lengua de se\u00f1as colombiana o lectoescritura en braille. Las propuestas en braille se recibir\u00e1n, de manera f\u00edsica, en la Subsecretar\u00eda de Ciudadan\u00eda Cultural, en la Torre B, piso 13, del Edificio Plaza de la Libertad, entre las 9:00 a. m. y las 4:00 p. m.<\/p>\n<p>Las inscripciones se recibir\u00e1n en <a href=\"http:\/\/www.medellin.gov.co\/es\/secretaria-culturaciudadana\/9-concurso-de-cuento-ilustrado-infantil-de-movilidad-sostenible\/\" target=\"_blank\" rel=\"noopener\">www.medellin.gov.co\/es\/secretaria-culturaciudadana\/9-concurso-de-cuento-ilustrado-infantil-de-movilidad-sostenible\/<\/a>. Ah\u00ed est\u00e1n las bases del concurso, criterios de evaluaci\u00f3n y el formulario a diligenciar, tambi\u00e9n la opci\u00f3n para adjuntar el cuento ilustrado, documentos de identidad del participante y de su acudiente, y dem\u00e1s requisitos.<\/p>\n","protected":false},"excerpt":{"rendered":"<p>En su novena edici\u00f3n, el Concurso de Cuento Ilustrado Infantil invita a plasmar una movilidad digna, segura y humana mediante relatos y dibujos. Esta propuesta busca fomentar la conciencia ciudadana, ecol\u00f3gica, la creatividad infantil y &#8230;<\/p>\n","protected":false},"author":21,"featured_media":389535,"comment_status":"open","ping_status":"open","sticky":false,"template":"","format":"standard","meta":[],"categories":[31],"tags":[444,447],"formato_nota":[],"programas_tax":[],"acf":[],"_links":{"self":[{"href":"https:\/\/www.medellin.gov.co\/es\/wp-json\/wp\/v2\/posts\/389521"}],"collection":[{"href":"https:\/\/www.medellin.gov.co\/es\/wp-json\/wp\/v2\/posts"}],"about":[{"href":"https:\/\/www.medellin.gov.co\/es\/wp-json\/wp\/v2\/types\/post"}],"author":[{"embeddable":true,"href":"https:\/\/www.medellin.gov.co\/es\/wp-json\/wp\/v2\/users\/21"}],"replies":[{"embeddable":true,"href":"https:\/\/www.medellin.gov.co\/es\/wp-json\/wp\/v2\/comments?post=389521"}],"version-history":[{"count":1,"href":"https:\/\/www.medellin.gov.co\/es\/wp-json\/wp\/v2\/posts\/389521\/revisions"}],"predecessor-version":[{"id":389577,"href":"https:\/\/www.medellin.gov.co\/es\/wp-json\/wp\/v2\/posts\/389521\/revisions\/389577"}],"wp:featuredmedia":[{"embeddable":true,"href":"https:\/\/www.medellin.gov.co\/es\/wp-json\/wp\/v2\/media\/389535"}],"wp:attachment":[{"href":"https:\/\/www.medellin.gov.co\/es\/wp-json\/wp\/v2\/media?parent=389521"}],"wp:term":[{"taxonomy":"category","embeddable":true,"href":"https:\/\/www.medellin.gov.co\/es\/wp-json\/wp\/v2\/categories?post=389521"},{"taxonomy":"post_tag","embeddable":true,"href":"https:\/\/www.medellin.gov.co\/es\/wp-json\/wp\/v2\/tags?post=389521"},{"taxonomy":"formato_nota","embeddable":true,"href":"https:\/\/www.medellin.gov.co\/es\/wp-json\/wp\/v2\/formato_nota?post=389521"},{"taxonomy":"programas_tax","embeddable":true,"href":"https:\/\/www.medellin.gov.co\/es\/wp-json\/wp\/v2\/programas_tax?post=389521"}],"curies":[{"name":"wp","href":"https:\/\/api.w.org\/{rel}","templated":true}]}}