{"id":389586,"date":"2025-03-03T12:24:16","date_gmt":"2025-03-03T17:24:16","guid":{"rendered":"https:\/\/www.medellin.gov.co\/es\/?p=389586"},"modified":"2025-03-03T12:24:16","modified_gmt":"2025-03-03T17:24:16","slug":"crece-la-imagen-favorable-que-los-ciudadanos-tienen-sobre-el-centro-de-medellin-segun-informe-de-calidad-de-vida","status":"publish","type":"post","link":"https:\/\/www.medellin.gov.co\/es\/sala-de-prensa\/noticias\/crece-la-imagen-favorable-que-los-ciudadanos-tienen-sobre-el-centro-de-medellin-segun-informe-de-calidad-de-vida\/","title":{"rendered":"Crece la imagen favorable que los ciudadanos tienen sobre el Centro de Medell\u00edn, seg\u00fan informe de calidad de vida"},"content":{"rendered":"<ul>\n<li>Por lo menos un mill\u00f3n de personas visitan ese lugar cada semana.<\/li>\n<li>La favorabilidad es mayor entre las personas que lo habitan y quienes lo visitan con mayor frecuencia.<\/li>\n<\/ul>\n<!--[if lt IE 9]><script>document.createElement('audio');<\/script><![endif]-->\n\t<div class=\"wp-playlist wp-audio-playlist wp-playlist-light\">\n\t\t\t<div class=\"wp-playlist-current-item\"><\/div>\n\t\t<audio controls=\"controls\" preload=\"none\" width=\"640\"\n\t\t\t><\/audio>\n\t<div class=\"wp-playlist-next\"><\/div>\n\t<div class=\"wp-playlist-prev\"><\/div>\n\t<noscript>\n\t<ol>\n\t\t<li><a href='https:\/\/www.medellin.gov.co\/es\/wp-content\/uploads\/2025\/03\/Imagen-Favorable-Centro-Medellin-01.mp3'>Palabras de Juliana Coral, gerente del Centro y Territorios Estrat\u00e9gicos<\/a><\/li>\t<\/ol>\n\t<\/noscript>\n\t<script type=\"application\/json\" class=\"wp-playlist-script\">{\"type\":\"audio\",\"tracklist\":true,\"tracknumbers\":true,\"images\":true,\"artists\":true,\"tracks\":[{\"src\":\"https:\\\/\\\/www.medellin.gov.co\\\/es\\\/wp-content\\\/uploads\\\/2025\\\/03\\\/Imagen-Favorable-Centro-Medellin-01.mp3\",\"type\":\"audio\\\/mpeg\",\"title\":\"Palabras de Juliana Coral, gerente del Centro y Territorios Estrat\\u00e9gicos\",\"caption\":\"\",\"description\":\"\\u00abPalabras de Juliana Coral, gerente del Centro y Territorios Estrat\\u00e9gicos\\u00bb.\",\"meta\":{\"length_formatted\":\"1:04\"},\"image\":{\"src\":\"https:\\\/\\\/www.medellin.gov.co\\\/es\\\/wp-includes\\\/images\\\/media\\\/audio.png\",\"width\":48,\"height\":64},\"thumb\":{\"src\":\"https:\\\/\\\/www.medellin.gov.co\\\/es\\\/wp-includes\\\/images\\\/media\\\/audio.png\",\"width\":48,\"height\":64}}]}<\/script>\n<\/div>\n\t\n<p>Turismo, movilidad, educaci\u00f3n y econom\u00eda hacen parte del conjunto de aspectos del Centro de Medell\u00edn que m\u00e1s impactan positivamente entre la ciudadan\u00eda. As\u00ed se desprende del m\u00e1s reciente informe de Medell\u00edn C\u00f3mo Vamos, socializado por esa organizaci\u00f3n con la Administraci\u00f3n Distrital. El estudio indica que el 53 % de los encuestados aseguraron que el Centro se encuentra en mejores condiciones con respecto a a\u00f1os anteriores.<\/p>\n<p>\u201c<em>Lo tenemos claro, y hoy lo corroboramos: el Centro es el eje comercial y empresarial de Medell\u00edn. Como Alcald\u00eda hemos articulado acciones de embellecimiento, fomento de las vocaciones y servicios, y jornadas interinstitucionales que promuevan la visita a nuestro Centro, considerando que tambi\u00e9n es un eje de actividades tur\u00edsticas y culturales<\/em>\u201d, resalt\u00f3 la gerente del\u00a0Centro y Territorios Estrat\u00e9gicos, Juliana Coral.<\/p>\n<div id=\"attachment_389527\" style=\"width: 1050px\" class=\"wp-caption alignnone\"><a href=\"https:\/\/www.medellin.gov.co\/es\/wp-content\/uploads\/2025\/03\/Panoramica-Ciudad-1.jpg\" target=\"_blank\" rel=\"noopener\"><img aria-describedby=\"caption-attachment-389527\" loading=\"lazy\" class=\"wp-image-389527 size-full\" title=\"Panor\u00e1mica de Medell\u00edn\" src=\"https:\/\/www.medellin.gov.co\/es\/wp-content\/uploads\/2025\/03\/Panoramica-Ciudad-1.jpg\" alt=\"Panor\u00e1mica de Medell\u00edn\" width=\"1040\" height=\"780\" srcset=\"https:\/\/www.medellin.gov.co\/es\/wp-content\/uploads\/2025\/03\/Panoramica-Ciudad-1.jpg 1040w, https:\/\/www.medellin.gov.co\/es\/wp-content\/uploads\/2025\/03\/Panoramica-Ciudad-1-300x225.jpg 300w, https:\/\/www.medellin.gov.co\/es\/wp-content\/uploads\/2025\/03\/Panoramica-Ciudad-1-1024x768.jpg 1024w, https:\/\/www.medellin.gov.co\/es\/wp-content\/uploads\/2025\/03\/Panoramica-Ciudad-1-150x113.jpg 150w, https:\/\/www.medellin.gov.co\/es\/wp-content\/uploads\/2025\/03\/Panoramica-Ciudad-1-768x576.jpg 768w\" sizes=\"(max-width: 1040px) 100vw, 1040px\" \/><\/a><p id=\"caption-attachment-389527\" class=\"wp-caption-text\">Panor\u00e1mica de Medell\u00edn<\/p><\/div>\n<p>Con respecto a la educaci\u00f3n se tiene cobertura en 50 instituciones, con cerca de 30.000 estudiantes, y es la segunda comuna con mayor n\u00famero de matriculados en la ciudad. En cuanto a los atractivos tur\u00edsticos se cuenta con el inventario m\u00e1s grande de Medell\u00edn y goza de una imagen favorable por parte de los turistas extranjeros.<\/p>\n<p>Todo esto demuestra que esta zona es un eje clave para el comercio, las actividades culturales, la educaci\u00f3n y el turismo, y un conector entre los habitantes de Medell\u00edn, de acuerdo con el informe de Medell\u00edn C\u00f3mo Vamos, una estrategia que articula diversas instituciones para analizar y hacer seguimiento a los \u00edndices de calidad de vida, mediante un modelo de control ciudadano. En esta ocasi\u00f3n, el estudio arroj\u00f3 los resultados obtenidos en 17 barrios que la conforman.<\/p>\n<p>El Centro cuenta con 79.892 habitantes y cerca de un mill\u00f3n de visitantes a la semana. El 58 % de las visitas las hacen hombres y el otro 42 % mujeres. Las personas de Medell\u00edn que m\u00e1s visitan el lugar provienen del corregimiento Santa Elena y de la zona centro oriental de la ciudad.<\/p>\n","protected":false},"excerpt":{"rendered":"<p>Por lo menos un mill\u00f3n de personas visitan ese lugar cada semana. La favorabilidad es mayor entre las personas que lo habitan y quienes lo visitan con mayor frecuencia. Turismo, movilidad, educaci\u00f3n y econom\u00eda hacen &#8230;<\/p>\n","protected":false},"author":21,"featured_media":389565,"comment_status":"open","ping_status":"open","sticky":false,"template":"","format":"standard","meta":[],"categories":[23],"tags":[451,455],"formato_nota":[],"programas_tax":[],"acf":[],"_links":{"self":[{"href":"https:\/\/www.medellin.gov.co\/es\/wp-json\/wp\/v2\/posts\/389586"}],"collection":[{"href":"https:\/\/www.medellin.gov.co\/es\/wp-json\/wp\/v2\/posts"}],"about":[{"href":"https:\/\/www.medellin.gov.co\/es\/wp-json\/wp\/v2\/types\/post"}],"author":[{"embeddable":true,"href":"https:\/\/www.medellin.gov.co\/es\/wp-json\/wp\/v2\/users\/21"}],"replies":[{"embeddable":true,"href":"https:\/\/www.medellin.gov.co\/es\/wp-json\/wp\/v2\/comments?post=389586"}],"version-history":[{"count":1,"href":"https:\/\/www.medellin.gov.co\/es\/wp-json\/wp\/v2\/posts\/389586\/revisions"}],"predecessor-version":[{"id":389590,"href":"https:\/\/www.medellin.gov.co\/es\/wp-json\/wp\/v2\/posts\/389586\/revisions\/389590"}],"wp:featuredmedia":[{"embeddable":true,"href":"https:\/\/www.medellin.gov.co\/es\/wp-json\/wp\/v2\/media\/389565"}],"wp:attachment":[{"href":"https:\/\/www.medellin.gov.co\/es\/wp-json\/wp\/v2\/media?parent=389586"}],"wp:term":[{"taxonomy":"category","embeddable":true,"href":"https:\/\/www.medellin.gov.co\/es\/wp-json\/wp\/v2\/categories?post=389586"},{"taxonomy":"post_tag","embeddable":true,"href":"https:\/\/www.medellin.gov.co\/es\/wp-json\/wp\/v2\/tags?post=389586"},{"taxonomy":"formato_nota","embeddable":true,"href":"https:\/\/www.medellin.gov.co\/es\/wp-json\/wp\/v2\/formato_nota?post=389586"},{"taxonomy":"programas_tax","embeddable":true,"href":"https:\/\/www.medellin.gov.co\/es\/wp-json\/wp\/v2\/programas_tax?post=389586"}],"curies":[{"name":"wp","href":"https:\/\/api.w.org\/{rel}","templated":true}]}}