{"id":389593,"date":"2025-03-03T12:30:25","date_gmt":"2025-03-03T17:30:25","guid":{"rendered":"https:\/\/www.medellin.gov.co\/es\/?p=389593"},"modified":"2025-03-03T12:30:25","modified_gmt":"2025-03-03T17:30:25","slug":"expoartesano-la-memoria-convoca-a-participar-en-su-edicion-2025","status":"publish","type":"post","link":"https:\/\/www.medellin.gov.co\/es\/sala-de-prensa\/noticias\/expoartesano-la-memoria-convoca-a-participar-en-su-edicion-2025\/","title":{"rendered":"Expoartesano \u2013 La Memoria convoca a participar en su edici\u00f3n 2025"},"content":{"rendered":"<ul>\n<li>Las postulaciones se recibir\u00e1n del 3 al 31 de marzo de 2025.<\/li>\n<li>Este a\u00f1o se esperan ventas cercanas a los $6.000 millones.<\/li>\n<li>El evento cuenta con el respaldo de la Secretar\u00eda de Desarrollo Econ\u00f3mico.<\/li>\n<\/ul>\n<!--[if lt IE 9]><script>document.createElement('audio');<\/script><![endif]-->\n\t<div class=\"wp-playlist wp-audio-playlist wp-playlist-light\">\n\t\t\t<div class=\"wp-playlist-current-item\"><\/div>\n\t\t<audio controls=\"controls\" preload=\"none\" width=\"640\"\n\t\t\t><\/audio>\n\t<div class=\"wp-playlist-next\"><\/div>\n\t<div class=\"wp-playlist-prev\"><\/div>\n\t<noscript>\n\t<ol>\n\t\t<li><a href='https:\/\/www.medellin.gov.co\/es\/wp-content\/uploads\/2025\/03\/Expoartesano-2025-01.mp3'>Palabras de Mar\u00eda F\u00e1tima Diaz Granados, gerente comercial de Plaza Mayor Medell\u00edn S.A.<\/a><\/li><li><a href='https:\/\/www.medellin.gov.co\/es\/wp-content\/uploads\/2025\/03\/Expoartesano-2025-02.mp3'>Palabras de Mar\u00eda Fernanda Galeano, secretaria de Desarrollo Econ\u00f3mico<\/a><\/li>\t<\/ol>\n\t<\/noscript>\n\t<script type=\"application\/json\" class=\"wp-playlist-script\">{\"type\":\"audio\",\"tracklist\":true,\"tracknumbers\":true,\"images\":true,\"artists\":true,\"tracks\":[{\"src\":\"https:\\\/\\\/www.medellin.gov.co\\\/es\\\/wp-content\\\/uploads\\\/2025\\\/03\\\/Expoartesano-2025-01.mp3\",\"type\":\"audio\\\/mpeg\",\"title\":\"Palabras de Mar\\u00eda F\\u00e1tima Diaz Granados, gerente comercial de Plaza Mayor Medell\\u00edn S.A.\",\"caption\":\"\",\"description\":\"\\u00abExpoartesano-2025-01\\u00bb.\",\"meta\":{\"length_formatted\":\"0:40\"},\"image\":{\"src\":\"https:\\\/\\\/www.medellin.gov.co\\\/es\\\/wp-includes\\\/images\\\/media\\\/audio.png\",\"width\":48,\"height\":64},\"thumb\":{\"src\":\"https:\\\/\\\/www.medellin.gov.co\\\/es\\\/wp-includes\\\/images\\\/media\\\/audio.png\",\"width\":48,\"height\":64}},{\"src\":\"https:\\\/\\\/www.medellin.gov.co\\\/es\\\/wp-content\\\/uploads\\\/2025\\\/03\\\/Expoartesano-2025-02.mp3\",\"type\":\"audio\\\/mpeg\",\"title\":\"Palabras de Mar\\u00eda Fernanda Galeano, secretaria de Desarrollo Econ\\u00f3mico\",\"caption\":\"\",\"description\":\"\\u00abPalabras de Mar\\u00eda Fernanda Galeano, secretaria de Desarrollo Econ\\u00f3mico\\u00bb.\",\"meta\":{\"year\":\"2025\",\"length_formatted\":\"0:24\"},\"image\":{\"src\":\"https:\\\/\\\/www.medellin.gov.co\\\/es\\\/wp-includes\\\/images\\\/media\\\/audio.png\",\"width\":48,\"height\":64},\"thumb\":{\"src\":\"https:\\\/\\\/www.medellin.gov.co\\\/es\\\/wp-includes\\\/images\\\/media\\\/audio.png\",\"width\":48,\"height\":64}}]}<\/script>\n<\/div>\n\t\n<p>Plaza Mayor Medell\u00edn S.A. y Artesan\u00edas de Colombia S.A. BIC abren la convocatoria para la decimosexta edici\u00f3n de Expoartesano \u2013 La Memoria, plataforma de comercializaci\u00f3n y promoci\u00f3n de la artesan\u00eda colombiana. Este a\u00f1o, la feria se llevar\u00e1 a cabo del 11 al 20 de julio en el Centro de Convenciones y Exposiciones Plaza Mayor Medell\u00edn con una expectativa de ventas cercanas a los $6.000 millones.<\/p>\n<p>\u201cEs un encuentro que visibiliza y enaltece el trabajo de los artesanos, promoviendo el legado cultural de nuestras comunidades. Reafirmamos nuestro compromiso con la preservaci\u00f3n de estas tradiciones y la generaci\u00f3n de oportunidades reales de negocio para el sector artesanal. Invitamos a todos los artesanos a postularse y ser parte de esta gran feria, donde cada pieza cuenta una historia y representa el talento de nuestro pa\u00eds\u201d, expres\u00f3 la gerente comercial de Plaza Mayor Medell\u00edn S.A., Mar\u00eda F\u00e1tima Diaz Granados.<\/p>\n<p>Esta iniciativa cuenta con el respaldo de la Administraci\u00f3n Distrital, a trav\u00e9s de la Secretar\u00eda de Desarrollo Econ\u00f3mico, que, con sus programas, impulsa la participaci\u00f3n de artesanos locales, fortalece su formaci\u00f3n y acceso a mercados.<\/p>\n<div id=\"attachment_389537\" style=\"width: 1180px\" class=\"wp-caption alignnone\"><a href=\"https:\/\/www.medellin.gov.co\/es\/wp-content\/uploads\/2025\/03\/Expoartesano-2025-2.jpg\" target=\"_blank\" rel=\"noopener\"><img aria-describedby=\"caption-attachment-389537\" loading=\"lazy\" class=\"wp-image-389537 size-full\" title=\"Expoartesano \u2013 La Memoria convoca a participar en su edici\u00f3n 2025\" src=\"https:\/\/www.medellin.gov.co\/es\/wp-content\/uploads\/2025\/03\/Expoartesano-2025-2.jpg\" alt=\"Expoartesano \u2013 La Memoria convoca a participar en su edici\u00f3n 2025\" width=\"1170\" height=\"780\" srcset=\"https:\/\/www.medellin.gov.co\/es\/wp-content\/uploads\/2025\/03\/Expoartesano-2025-2.jpg 1170w, https:\/\/www.medellin.gov.co\/es\/wp-content\/uploads\/2025\/03\/Expoartesano-2025-2-300x200.jpg 300w, https:\/\/www.medellin.gov.co\/es\/wp-content\/uploads\/2025\/03\/Expoartesano-2025-2-1024x683.jpg 1024w, https:\/\/www.medellin.gov.co\/es\/wp-content\/uploads\/2025\/03\/Expoartesano-2025-2-150x100.jpg 150w, https:\/\/www.medellin.gov.co\/es\/wp-content\/uploads\/2025\/03\/Expoartesano-2025-2-768x512.jpg 768w\" sizes=\"(max-width: 1170px) 100vw, 1170px\" \/><\/a><p id=\"caption-attachment-389537\" class=\"wp-caption-text\">Expoartesano \u2013 La Memoria convoca a participar en su edici\u00f3n 2025 &#8211; Foto Alcald\u00eda de Medell\u00edn<\/p><\/div>\n<p>En 2024, gracias a estos esfuerzos, los artesanos apoyados por la Alcald\u00eda lograron ventas superiores a los $300 millones, adem\u00e1s de ampliar sus contactos comerciales y oportunidades de crecimiento.<\/p>\n<p>\u201cInvitamos a los artesanos de la ciudad a participar en la convocatoria de la versi\u00f3n n\u00famero 16 de Expoartesano. Esta es una gran oportunidad para que los emprendedores y empresarios de este sector logren contactos comerciales, posicionen sus negocios, crezcan y aprovechen la transferencia de conocimiento que se da en este espacio de ciudad. En Medell\u00edn creemos en el talento de nuestros artesanos y estamos convencidos que al apoyarlos estamos preservando una parte importante de nuestra memoria y de nuestra historia\u201d, afirm\u00f3 la secretaria de Desarrollo Econ\u00f3mico, Mar\u00eda Fernanda Galeano Rojo.<\/p>\n<p>En 2024, el encuentro reuni\u00f3 a 598 expositores y 555 artesanos, quienes asistieron a espacios de formaci\u00f3n, muestras culturales y oportunidades de negocio. Se registraron ventas por m\u00e1s de $5.796 millones y cont\u00f3 con la asistencia de 31.800 visitantes, incluidos 3.182 turistas internacionales.<\/p>\n<div id=\"attachment_389539\" style=\"width: 1180px\" class=\"wp-caption alignnone\"><a href=\"https:\/\/www.medellin.gov.co\/es\/wp-content\/uploads\/2025\/03\/Expoartesano-2025-3.jpg\" target=\"_blank\" rel=\"noopener\"><img aria-describedby=\"caption-attachment-389539\" loading=\"lazy\" class=\"wp-image-389539 size-full\" title=\"Expoartesano \u2013 La Memoria convoca a participar en su edici\u00f3n 2025\" src=\"https:\/\/www.medellin.gov.co\/es\/wp-content\/uploads\/2025\/03\/Expoartesano-2025-3.jpg\" alt=\"Expoartesano \u2013 La Memoria convoca a participar en su edici\u00f3n 2025\" width=\"1170\" height=\"780\" srcset=\"https:\/\/www.medellin.gov.co\/es\/wp-content\/uploads\/2025\/03\/Expoartesano-2025-3.jpg 1170w, https:\/\/www.medellin.gov.co\/es\/wp-content\/uploads\/2025\/03\/Expoartesano-2025-3-300x200.jpg 300w, https:\/\/www.medellin.gov.co\/es\/wp-content\/uploads\/2025\/03\/Expoartesano-2025-3-1024x683.jpg 1024w, https:\/\/www.medellin.gov.co\/es\/wp-content\/uploads\/2025\/03\/Expoartesano-2025-3-150x100.jpg 150w, https:\/\/www.medellin.gov.co\/es\/wp-content\/uploads\/2025\/03\/Expoartesano-2025-3-768x512.jpg 768w\" sizes=\"(max-width: 1170px) 100vw, 1170px\" \/><\/a><p id=\"caption-attachment-389539\" class=\"wp-caption-text\">Expoartesano \u2013 La Memoria convoca a participar en su edici\u00f3n 2025 &#8211; Foto Alcald\u00eda de Medell\u00edn<\/p><\/div>\n<p>Este a\u00f1o, la convocatoria est\u00e1 dirigida a artesanos, productores \u00e9tnicos, tradicionales y contempor\u00e1neos con piezas que cumplan criterios de identidad, dise\u00f1o y calidad. Tambi\u00e9n pueden postularse productores de bocados t\u00edpicos y cocina colombiana con propuestas que reflejen identidad y tradici\u00f3n, as\u00ed como reinterpretaciones innovadoras con ingredientes locales. Adem\u00e1s, instituciones y empresas que desarrollen proyectos de fortalecimiento para el sector artesanal, con cobertura municipal, regional o nacional, pueden postular a sus beneficiarios.<\/p>\n<p>Los interesados deben leer los lineamientos de participaci\u00f3n, completar el formato de inscripci\u00f3n de manera digital a trav\u00e9s del enlace oficial y enviar la documentaci\u00f3n antes del 31 de marzo. Al finalizar el proceso, recibir\u00e1n un correo que confirma la inscripci\u00f3n. Para ampliar informaci\u00f3n y postularse est\u00e1 disponible <a href=\"http:\/\/www.expoartesano.com.co\" target=\"_blank\" rel=\"noopener\">www.expoartesano.com.co<\/a><\/p>\n","protected":false},"excerpt":{"rendered":"<p>Las postulaciones se recibir\u00e1n del 3 al 31 de marzo de 2025. Este a\u00f1o se esperan ventas cercanas a los $6.000 millones. El evento cuenta con el respaldo de la Secretar\u00eda de Desarrollo Econ\u00f3mico. Plaza &#8230;<\/p>\n","protected":false},"author":21,"featured_media":389541,"comment_status":"open","ping_status":"open","sticky":false,"template":"","format":"standard","meta":[],"categories":[3,17],"tags":[634,428],"formato_nota":[],"programas_tax":[],"acf":[],"_links":{"self":[{"href":"https:\/\/www.medellin.gov.co\/es\/wp-json\/wp\/v2\/posts\/389593"}],"collection":[{"href":"https:\/\/www.medellin.gov.co\/es\/wp-json\/wp\/v2\/posts"}],"about":[{"href":"https:\/\/www.medellin.gov.co\/es\/wp-json\/wp\/v2\/types\/post"}],"author":[{"embeddable":true,"href":"https:\/\/www.medellin.gov.co\/es\/wp-json\/wp\/v2\/users\/21"}],"replies":[{"embeddable":true,"href":"https:\/\/www.medellin.gov.co\/es\/wp-json\/wp\/v2\/comments?post=389593"}],"version-history":[{"count":1,"href":"https:\/\/www.medellin.gov.co\/es\/wp-json\/wp\/v2\/posts\/389593\/revisions"}],"predecessor-version":[{"id":389596,"href":"https:\/\/www.medellin.gov.co\/es\/wp-json\/wp\/v2\/posts\/389593\/revisions\/389596"}],"wp:featuredmedia":[{"embeddable":true,"href":"https:\/\/www.medellin.gov.co\/es\/wp-json\/wp\/v2\/media\/389541"}],"wp:attachment":[{"href":"https:\/\/www.medellin.gov.co\/es\/wp-json\/wp\/v2\/media?parent=389593"}],"wp:term":[{"taxonomy":"category","embeddable":true,"href":"https:\/\/www.medellin.gov.co\/es\/wp-json\/wp\/v2\/categories?post=389593"},{"taxonomy":"post_tag","embeddable":true,"href":"https:\/\/www.medellin.gov.co\/es\/wp-json\/wp\/v2\/tags?post=389593"},{"taxonomy":"formato_nota","embeddable":true,"href":"https:\/\/www.medellin.gov.co\/es\/wp-json\/wp\/v2\/formato_nota?post=389593"},{"taxonomy":"programas_tax","embeddable":true,"href":"https:\/\/www.medellin.gov.co\/es\/wp-json\/wp\/v2\/programas_tax?post=389593"}],"curies":[{"name":"wp","href":"https:\/\/api.w.org\/{rel}","templated":true}]}}