{"id":389598,"date":"2025-03-03T12:45:03","date_gmt":"2025-03-03T17:45:03","guid":{"rendered":"https:\/\/www.medellin.gov.co\/es\/?p=389598"},"modified":"2025-03-03T12:45:03","modified_gmt":"2025-03-03T17:45:03","slug":"primer-festival-del-libro-infantil-marco-un-hito-para-promover-el-derecho-a-la-imaginacion-y-las-palabras-de-ninas-y-ninos","status":"publish","type":"post","link":"https:\/\/www.medellin.gov.co\/es\/sala-de-prensa\/noticias\/primer-festival-del-libro-infantil-marco-un-hito-para-promover-el-derecho-a-la-imaginacion-y-las-palabras-de-ninas-y-ninos\/","title":{"rendered":"Primer Festival del Libro Infantil marc\u00f3 un hito para promover el derecho a la imaginaci\u00f3n y las palabras de ni\u00f1as y ni\u00f1os"},"content":{"rendered":"<ul>\n<li>La muestra comercial tuvo 58 expositores que registraron ventas superiores a los $621 millones en libros, productos ilustrados, gastronom\u00eda y m\u00e1s.<\/li>\n<li>Durante los cuatro d\u00edas se registr\u00f3 una asistencia de 25.000 visitantes, de los cuales el 50 % fue p\u00fablico infantil.<\/li>\n<li>La clausura tuvo 1.634 ni\u00f1as, ni\u00f1os y familias quienes disfrutaron de la obra La sirenita con la Orquesta Filarm\u00f3nica de Medell\u00edn y Cantoalegre.<\/li>\n<\/ul>\n<!--[if lt IE 9]><script>document.createElement('audio');<\/script><![endif]-->\n\t<div class=\"wp-playlist wp-audio-playlist wp-playlist-light\">\n\t\t\t<div class=\"wp-playlist-current-item\"><\/div>\n\t\t<audio controls=\"controls\" preload=\"none\" width=\"640\"\n\t\t\t><\/audio>\n\t<div class=\"wp-playlist-next\"><\/div>\n\t<div class=\"wp-playlist-prev\"><\/div>\n\t<noscript>\n\t<ol>\n\t\t<li><a href='https:\/\/www.medellin.gov.co\/es\/wp-content\/uploads\/2025\/03\/Primer-Festival-Libro-Infantil-01.mp3'>Palabras de Santiago Silva Jaramillo, secretario de Cultura Ciudadana<\/a><\/li><li><a href='https:\/\/www.medellin.gov.co\/es\/wp-content\/uploads\/2025\/03\/Primer-Festival-Libro-Infantil-02.mp3'>Palabras de Sophia Jansson, directora creativa de Moomin Characters Ltd y sobrina de Tove Jansson<\/a><\/li><li><a href='https:\/\/www.medellin.gov.co\/es\/wp-content\/uploads\/2025\/03\/Primer-Festival-Libro-Infantil-03.mp3'>Palabras de Carolina Barrera, actriz y asistente al Festival<\/a><\/li>\t<\/ol>\n\t<\/noscript>\n\t<script type=\"application\/json\" class=\"wp-playlist-script\">{\"type\":\"audio\",\"tracklist\":true,\"tracknumbers\":true,\"images\":true,\"artists\":true,\"tracks\":[{\"src\":\"https:\\\/\\\/www.medellin.gov.co\\\/es\\\/wp-content\\\/uploads\\\/2025\\\/03\\\/Primer-Festival-Libro-Infantil-01.mp3\",\"type\":\"audio\\\/mpeg\",\"title\":\"Palabras de Santiago Silva Jaramillo, secretario de Cultura Ciudadana\",\"caption\":\"\",\"description\":\"\\u00abPalabras de Santiago Silva Jaramillo, secretario de Cultura Ciudadana\\u00bb.\",\"meta\":{\"length_formatted\":\"0:40\"},\"image\":{\"src\":\"https:\\\/\\\/www.medellin.gov.co\\\/es\\\/wp-includes\\\/images\\\/media\\\/audio.png\",\"width\":48,\"height\":64},\"thumb\":{\"src\":\"https:\\\/\\\/www.medellin.gov.co\\\/es\\\/wp-includes\\\/images\\\/media\\\/audio.png\",\"width\":48,\"height\":64}},{\"src\":\"https:\\\/\\\/www.medellin.gov.co\\\/es\\\/wp-content\\\/uploads\\\/2025\\\/03\\\/Primer-Festival-Libro-Infantil-02.mp3\",\"type\":\"audio\\\/mpeg\",\"title\":\"Palabras de Sophia Jansson, directora creativa de Moomin Characters Ltd y sobrina de Tove Jansson\",\"caption\":\"\",\"description\":\"\\u00abPalabras de Sophia Jansson, directora creativa de Moomin Characters Ltd y sobrina de Tove Jansson\\u00bb.\",\"meta\":{\"length_formatted\":\"2:06\"},\"image\":{\"src\":\"https:\\\/\\\/www.medellin.gov.co\\\/es\\\/wp-includes\\\/images\\\/media\\\/audio.png\",\"width\":48,\"height\":64},\"thumb\":{\"src\":\"https:\\\/\\\/www.medellin.gov.co\\\/es\\\/wp-includes\\\/images\\\/media\\\/audio.png\",\"width\":48,\"height\":64}},{\"src\":\"https:\\\/\\\/www.medellin.gov.co\\\/es\\\/wp-content\\\/uploads\\\/2025\\\/03\\\/Primer-Festival-Libro-Infantil-03.mp3\",\"type\":\"audio\\\/mpeg\",\"title\":\"Palabras de Carolina Barrera, actriz y asistente al Festival\",\"caption\":\"\",\"description\":\"\\u00abPalabras de Carolina Barrera, actriz y asistente al Festival\\u00bb.\",\"meta\":{\"year\":\"2025\",\"length_formatted\":\"0:41\"},\"image\":{\"src\":\"https:\\\/\\\/www.medellin.gov.co\\\/es\\\/wp-includes\\\/images\\\/media\\\/audio.png\",\"width\":48,\"height\":64},\"thumb\":{\"src\":\"https:\\\/\\\/www.medellin.gov.co\\\/es\\\/wp-includes\\\/images\\\/media\\\/audio.png\",\"width\":48,\"height\":64}}]}<\/script>\n<\/div>\n\t\n<p>Medell\u00edn celebr\u00f3 el Primer Festival del Libro Infantil, un hito que demostr\u00f3 c\u00f3mo las ni\u00f1as y ni\u00f1os con su ingenio, creatividad y alegr\u00eda hicieron notar su voz y talentos a trav\u00e9s de las historias, el arte y la alegre convivencia en el espacio p\u00fablico de Parques del R\u00edo. Durante los cuatro d\u00edas se registr\u00f3 una asistencia de 25.000 visitantes, de los cuales el 50 % fue p\u00fablico infantil; una proporci\u00f3n similar a la que se present\u00f3 entre los 134 invitados, donde 74 fueron ni\u00f1as y ni\u00f1os entre 5 y 12 a\u00f1os, y los 60 restantes fueron adultos.<\/p>\n<p>La muestra comercial alcanz\u00f3 ventas superiores a los $621 millones en libros, productos ilustrados, gastronom\u00eda, entre otros. Asimismo, los compradores que visitaron las editoriales y librer\u00edas adquirieron 4.422 libros y, seg\u00fan los reportes de los 29 expositores, los t\u00edtulos m\u00e1s vendidos fueron: El principito, Los Mumins, Radio Popov, Osito Tito y Harry Potter.<\/p>\n<p>La participaci\u00f3n de las ni\u00f1as y ni\u00f1os consolida a la capital antioque\u00f1a como una ciudad amable y llena de magia, donde los eventos de ciudad se articulan con las acciones formales de educaci\u00f3n para so\u00f1ar con un ma\u00f1ana m\u00e1s esperanzador.<\/p>\n<div id=\"attachment_389523\" style=\"width: 1180px\" class=\"wp-caption alignnone\"><a href=\"https:\/\/www.medellin.gov.co\/es\/wp-content\/uploads\/2025\/03\/Primer-Festival-Libro-Infantil-2.jpg\" target=\"_blank\" rel=\"noopener\"><img aria-describedby=\"caption-attachment-389523\" loading=\"lazy\" class=\"wp-image-389523 size-full\" title=\"Primer Festival del Libro Infantil marc\u00f3 un hito para promover el derecho a la imaginaci\u00f3n y las palabras de ni\u00f1as y ni\u00f1os\" src=\"https:\/\/www.medellin.gov.co\/es\/wp-content\/uploads\/2025\/03\/Primer-Festival-Libro-Infantil-2.jpg\" alt=\"Primer Festival del Libro Infantil marc\u00f3 un hito para promover el derecho a la imaginaci\u00f3n y las palabras de ni\u00f1as y ni\u00f1os\" width=\"1170\" height=\"780\" srcset=\"https:\/\/www.medellin.gov.co\/es\/wp-content\/uploads\/2025\/03\/Primer-Festival-Libro-Infantil-2.jpg 1170w, https:\/\/www.medellin.gov.co\/es\/wp-content\/uploads\/2025\/03\/Primer-Festival-Libro-Infantil-2-300x200.jpg 300w, https:\/\/www.medellin.gov.co\/es\/wp-content\/uploads\/2025\/03\/Primer-Festival-Libro-Infantil-2-1024x683.jpg 1024w, https:\/\/www.medellin.gov.co\/es\/wp-content\/uploads\/2025\/03\/Primer-Festival-Libro-Infantil-2-150x100.jpg 150w, https:\/\/www.medellin.gov.co\/es\/wp-content\/uploads\/2025\/03\/Primer-Festival-Libro-Infantil-2-768x512.jpg 768w\" sizes=\"(max-width: 1170px) 100vw, 1170px\" \/><\/a><p id=\"caption-attachment-389523\" class=\"wp-caption-text\">Primer Festival del Libro Infantil marc\u00f3 un hito para promover el derecho a la imaginaci\u00f3n y las palabras de ni\u00f1as y ni\u00f1os &#8211; Foto Alcald\u00eda de Medell\u00edn<\/p><\/div>\n<p>\u00abEste festival no solo celebr\u00f3 los libros, sino tambi\u00e9n el arte de vivir bien juntos. \u00a0Fue un evento hecho de ni\u00f1os para ni\u00f1os, en el que su voz y curiosidad marcaron cada encuentro, cada juego y cada conversaci\u00f3n. Con Finlandia como pa\u00eds invitado y El Principito como s\u00edmbolo inspirador, tejimos un puente entre culturas, demostrando que la literatura es un viaje sin fronteras. Gracias a todos los que creyeron en este proyecto y a cada ni\u00f1a y ni\u00f1o que, con su entusiasmo, nos record\u00f3 que leer y compartir juntos es la mejor aventura\u00bb, expres\u00f3 el secretario de Cultura Ciudadana, Santiago Silva Jaramillo.<\/p>\n<p>Con el apoyo de la Secretar\u00eda de Educaci\u00f3n, 41 instituciones educativas oficiales del Distrito llegaron a participar de los talleres y acciones pedag\u00f3gicas. Se registraron en total 96 grupos para 4.112 asistentes entre jueves y viernes, jornadas escolares.<\/p>\n<p>Por otro lado, el espacio p\u00fablico se convirti\u00f3 en un ejemplo vivo del arte de vivir bien juntos; visitantes de las diferentes comunas, de otros municipios de Antioquia y de Colombia convivieron, disfrutaron y dieron testimonio de su cultura ciudadana. Seg\u00fan un muestreo no aleatorio adelantado por la Unidad de Gesti\u00f3n del Conocimiento y el Observatorio de Cultura de la Secretar\u00eda de Cultura Ciudadana, al festival asistieron mayoritariamente personas pertenecientes a los estratos 1, 2 y 3. Entre los resultados est\u00e1: el 93 % de los asistentes manifest\u00f3 sentir confianza en otras personas de la ciudad y el 83 % indic\u00f3 sentirse orgullo de Medell\u00edn.<\/p>\n<div id=\"attachment_389569\" style=\"width: 1180px\" class=\"wp-caption alignnone\"><a href=\"https:\/\/www.medellin.gov.co\/es\/wp-content\/uploads\/2025\/03\/Primer-Festival-Libro-Infantil-3.jpg\" target=\"_blank\" rel=\"noopener\"><img aria-describedby=\"caption-attachment-389569\" loading=\"lazy\" class=\"wp-image-389569 size-full\" title=\"Primer Festival del Libro Infantil marc\u00f3 un hito para promover el derecho a la imaginaci\u00f3n y las palabras de ni\u00f1as y ni\u00f1os\" src=\"https:\/\/www.medellin.gov.co\/es\/wp-content\/uploads\/2025\/03\/Primer-Festival-Libro-Infantil-3.jpg\" alt=\"Primer Festival del Libro Infantil marc\u00f3 un hito para promover el derecho a la imaginaci\u00f3n y las palabras de ni\u00f1as y ni\u00f1os\" width=\"1170\" height=\"780\" srcset=\"https:\/\/www.medellin.gov.co\/es\/wp-content\/uploads\/2025\/03\/Primer-Festival-Libro-Infantil-3.jpg 1170w, https:\/\/www.medellin.gov.co\/es\/wp-content\/uploads\/2025\/03\/Primer-Festival-Libro-Infantil-3-300x200.jpg 300w, https:\/\/www.medellin.gov.co\/es\/wp-content\/uploads\/2025\/03\/Primer-Festival-Libro-Infantil-3-1024x683.jpg 1024w, https:\/\/www.medellin.gov.co\/es\/wp-content\/uploads\/2025\/03\/Primer-Festival-Libro-Infantil-3-150x100.jpg 150w, https:\/\/www.medellin.gov.co\/es\/wp-content\/uploads\/2025\/03\/Primer-Festival-Libro-Infantil-3-768x512.jpg 768w\" sizes=\"(max-width: 1170px) 100vw, 1170px\" \/><\/a><p id=\"caption-attachment-389569\" class=\"wp-caption-text\">Primer Festival del Libro Infantil marc\u00f3 un hito para promover el derecho a la imaginaci\u00f3n y las palabras de ni\u00f1as y ni\u00f1os &#8211; Foto Alcald\u00eda de Medell\u00edn<\/p><\/div>\n<p>Asimismo, los datos recopilados mostraron que un 48 % de las ni\u00f1as y ni\u00f1os tienen un alto gusto por leer, y un 51 % le gusta mucho escribir; mientras tanto, lo que m\u00e1s disfrutaron las ni\u00f1as y ni\u00f1os durante los d\u00edas del festival fue: jugar, con el 58 % de menciones, aprender en un 54 % y los libros, con un 34 %.<\/p>\n<p>En el auditorio Himerio P\u00e9rez L\u00f3pez de EPM se realiz\u00f3 el Seminario del Literatura Infantil, liderado por la Fundaci\u00f3n Rat\u00f3n de Biblioteca. Las 360 personas inscritas reflexionaron y se formaron sobre las tendencias que pueden responder a los retos actuales de la literatura infantil, tanto en Colombia como en el mundo.<\/p>\n<p>Como respuesta al prop\u00f3sito de fortalecer el Plan Ciudadano de Lectura, Escritura y Oralidad desde temprana edad, cerca de 3.429 asistentes itinerantes participaron en los m\u00e1s de 80 talleres l\u00fadicos y did\u00e1cticos que tuvieron programaci\u00f3n en los pabellones institucionales Manos a la Obra, Primeras Letras, Las Preguntas, Palabrario, Fundaci\u00f3n EPM y Medell\u00edn ciudad so\u00f1ada, que se sumaron a las actividades de Comfama, Comfenalco, Fundaci\u00f3n Sura, Fundalectura,\u00a0Conquistarte y Fundaci\u00f3n Diversidad.<\/p>\n<p>Las ni\u00f1as y los ni\u00f1os disfrutaron de una nutrida agenda de actividades, dirigidas por entidades aliadas como Olingo Lee, la Universidad de los Ni\u00f1os (EAFIT), la Biblioteca P\u00fablica Piloto, Buen Comienzo, Ronda la Palabra, Ludotekas INDER, Secretos para Contar, la Alianza Francesa de Medell\u00edn, entre otros.<\/p>\n<div id=\"attachment_389570\" style=\"width: 1180px\" class=\"wp-caption alignnone\"><a href=\"https:\/\/www.medellin.gov.co\/es\/wp-content\/uploads\/2025\/03\/Primer-Festival-Libro-Infantil-4.jpg\" target=\"_blank\" rel=\"noopener\"><img aria-describedby=\"caption-attachment-389570\" loading=\"lazy\" class=\"wp-image-389570 size-full\" title=\"Primer Festival del Libro Infantil marc\u00f3 un hito para promover el derecho a la imaginaci\u00f3n y las palabras de ni\u00f1as y ni\u00f1os\" src=\"https:\/\/www.medellin.gov.co\/es\/wp-content\/uploads\/2025\/03\/Primer-Festival-Libro-Infantil-4.jpg\" alt=\"Primer Festival del Libro Infantil marc\u00f3 un hito para promover el derecho a la imaginaci\u00f3n y las palabras de ni\u00f1as y ni\u00f1os\" width=\"1170\" height=\"780\" srcset=\"https:\/\/www.medellin.gov.co\/es\/wp-content\/uploads\/2025\/03\/Primer-Festival-Libro-Infantil-4.jpg 1170w, https:\/\/www.medellin.gov.co\/es\/wp-content\/uploads\/2025\/03\/Primer-Festival-Libro-Infantil-4-300x200.jpg 300w, https:\/\/www.medellin.gov.co\/es\/wp-content\/uploads\/2025\/03\/Primer-Festival-Libro-Infantil-4-1024x683.jpg 1024w, https:\/\/www.medellin.gov.co\/es\/wp-content\/uploads\/2025\/03\/Primer-Festival-Libro-Infantil-4-150x100.jpg 150w, https:\/\/www.medellin.gov.co\/es\/wp-content\/uploads\/2025\/03\/Primer-Festival-Libro-Infantil-4-768x512.jpg 768w\" sizes=\"(max-width: 1170px) 100vw, 1170px\" \/><\/a><p id=\"caption-attachment-389570\" class=\"wp-caption-text\">Primer Festival del Libro Infantil marc\u00f3 un hito para promover el derecho a la imaginaci\u00f3n y las palabras de ni\u00f1as y ni\u00f1os &#8211; Foto Alcald\u00eda de Medell\u00edn<\/p><\/div>\n<p>Por otro lado, en las 15 franjas de programaci\u00f3n del festival se destac\u00f3 la asistencia de 2.586 personas en los dos auditorios, donde las conversaciones en torno a preguntas, temas y creaciones literarias para ni\u00f1as y ni\u00f1os. Mientras tanto, el Cuent\u00f3dromo reuni\u00f3 a 1.308 participantes en todas sus actividades, que incluyeron modalidades de narraci\u00f3n oral, expresi\u00f3n corporal y otras formas para promover habilidades en la comunicaci\u00f3n.<\/p>\n<p>El Sistema de Bibliotecas P\u00fablicas de Medell\u00edn realiz\u00f3 45 actividades descentralizadas, ampliando el acceso a los actividades l\u00fadico-pedag\u00f3gicas de promoci\u00f3n, creaci\u00f3n y comprensi\u00f3n lectora. Las 26 bibliotecas del Distrito divulgaron el ingreso libre a sus sedes f\u00edsicas y a los servicios como consulta en sala, pr\u00e9stamo domiciliario e interbibliotecario e informaci\u00f3n local. Por otro lado, las bibliotecas del Distrito tienen identificado que los g\u00e9neros que m\u00e1s leen las ni\u00f1as y los ni\u00f1os son la novela ilustrada, anime y c\u00f3mic.<\/p>\n<p>Finlandia, reconocida mundialmente por su educaci\u00f3n de alta calidad y sistema de bienestar social, fue el invitado de honor al evento. En la programaci\u00f3n el pa\u00eds n\u00f3rdico tuvo 22 actividades, incluyendo conversatorios, juegos, lecturas en voz alta, programaci\u00f3n art\u00edstica y talleres. Tambi\u00e9n hubo una muestra comercial del libro finland\u00e9s y estuvieron como invitados los escritores Vesa Tompuri, Anja Portin y Sophia Jansson.<\/p>\n<div id=\"attachment_389568\" style=\"width: 1180px\" class=\"wp-caption alignnone\"><a href=\"https:\/\/www.medellin.gov.co\/es\/wp-content\/uploads\/2025\/03\/Primer-Festival-Libro-Infantil-5.jpg\" target=\"_blank\" rel=\"noopener\"><img aria-describedby=\"caption-attachment-389568\" loading=\"lazy\" class=\"wp-image-389568 size-full\" title=\"Primer Festival del Libro Infantil marc\u00f3 un hito para promover el derecho a la imaginaci\u00f3n y las palabras de ni\u00f1as y ni\u00f1os\" src=\"https:\/\/www.medellin.gov.co\/es\/wp-content\/uploads\/2025\/03\/Primer-Festival-Libro-Infantil-5.jpg\" alt=\"Primer Festival del Libro Infantil marc\u00f3 un hito para promover el derecho a la imaginaci\u00f3n y las palabras de ni\u00f1as y ni\u00f1os\" width=\"1170\" height=\"780\" srcset=\"https:\/\/www.medellin.gov.co\/es\/wp-content\/uploads\/2025\/03\/Primer-Festival-Libro-Infantil-5.jpg 1170w, https:\/\/www.medellin.gov.co\/es\/wp-content\/uploads\/2025\/03\/Primer-Festival-Libro-Infantil-5-300x200.jpg 300w, https:\/\/www.medellin.gov.co\/es\/wp-content\/uploads\/2025\/03\/Primer-Festival-Libro-Infantil-5-1024x683.jpg 1024w, https:\/\/www.medellin.gov.co\/es\/wp-content\/uploads\/2025\/03\/Primer-Festival-Libro-Infantil-5-150x100.jpg 150w, https:\/\/www.medellin.gov.co\/es\/wp-content\/uploads\/2025\/03\/Primer-Festival-Libro-Infantil-5-768x512.jpg 768w\" sizes=\"(max-width: 1170px) 100vw, 1170px\" \/><\/a><p id=\"caption-attachment-389568\" class=\"wp-caption-text\">Primer Festival del Libro Infantil marc\u00f3 un hito para promover el derecho a la imaginaci\u00f3n y las palabras de ni\u00f1as y ni\u00f1os &#8211; Foto Alcald\u00eda de Medell\u00edn<\/p><\/div>\n<p>\u201cLos Mumins representan temas y valores que necesitamos todos y, por eso me parece que han sobrevivido hasta hoy en d\u00eda. Los libros existen y es porque lo lectores aprenden a amar a esas figuras por lo que les pasa y c\u00f3mo resuelven problemas que encuentran, son un poco como nosotros los seres humanos, pero tienen un mensaje de paz, de solidaridad, de tolerancia y son cosas que necesitamos todos\u201d, explic\u00f3 la directora creativa de Moomin Characters Ltd y sobrina de Tove Jansson, Sophia Jansson.<\/p>\n<p>Con este cuarto evento, Medell\u00edn consolida su postulaci\u00f3n como Capital Mundial del Libro 2027. La participaci\u00f3n de Zapopan (M\u00e9xico) como ciudad homenajeada en el Festival del Libro Infantil fortaleci\u00f3 los lazos culturales, literarios y art\u00edsticos entre Jalisco y la capital antioque\u00f1a.<\/p>\n<p>Finalmente, el concierto de clausura tuvo 1.634 ni\u00f1as, ni\u00f1os y familias quienes disfrutaron de la obra La sirenita con la Orquesta Filarm\u00f3nica de Medell\u00edn y Cantoalegre. Mientras, la programaci\u00f3n art\u00edstica en los cuatro d\u00edas tuvo 364 artistas quienes se presentaron en la tarima para deleitar con la m\u00fasica y ritmos.<\/p>\n","protected":false},"excerpt":{"rendered":"<p>La muestra comercial tuvo 58 expositores que registraron ventas superiores a los $621 millones en libros, productos ilustrados, gastronom\u00eda y m\u00e1s. Durante los cuatro d\u00edas se registr\u00f3 una asistencia de 25.000 visitantes, de los cuales &#8230;<\/p>\n","protected":false},"author":21,"featured_media":389566,"comment_status":"open","ping_status":"open","sticky":false,"template":"","format":"standard","meta":[],"categories":[31],"tags":[451,444,428],"formato_nota":[],"programas_tax":[],"acf":[],"_links":{"self":[{"href":"https:\/\/www.medellin.gov.co\/es\/wp-json\/wp\/v2\/posts\/389598"}],"collection":[{"href":"https:\/\/www.medellin.gov.co\/es\/wp-json\/wp\/v2\/posts"}],"about":[{"href":"https:\/\/www.medellin.gov.co\/es\/wp-json\/wp\/v2\/types\/post"}],"author":[{"embeddable":true,"href":"https:\/\/www.medellin.gov.co\/es\/wp-json\/wp\/v2\/users\/21"}],"replies":[{"embeddable":true,"href":"https:\/\/www.medellin.gov.co\/es\/wp-json\/wp\/v2\/comments?post=389598"}],"version-history":[{"count":1,"href":"https:\/\/www.medellin.gov.co\/es\/wp-json\/wp\/v2\/posts\/389598\/revisions"}],"predecessor-version":[{"id":389600,"href":"https:\/\/www.medellin.gov.co\/es\/wp-json\/wp\/v2\/posts\/389598\/revisions\/389600"}],"wp:featuredmedia":[{"embeddable":true,"href":"https:\/\/www.medellin.gov.co\/es\/wp-json\/wp\/v2\/media\/389566"}],"wp:attachment":[{"href":"https:\/\/www.medellin.gov.co\/es\/wp-json\/wp\/v2\/media?parent=389598"}],"wp:term":[{"taxonomy":"category","embeddable":true,"href":"https:\/\/www.medellin.gov.co\/es\/wp-json\/wp\/v2\/categories?post=389598"},{"taxonomy":"post_tag","embeddable":true,"href":"https:\/\/www.medellin.gov.co\/es\/wp-json\/wp\/v2\/tags?post=389598"},{"taxonomy":"formato_nota","embeddable":true,"href":"https:\/\/www.medellin.gov.co\/es\/wp-json\/wp\/v2\/formato_nota?post=389598"},{"taxonomy":"programas_tax","embeddable":true,"href":"https:\/\/www.medellin.gov.co\/es\/wp-json\/wp\/v2\/programas_tax?post=389598"}],"curies":[{"name":"wp","href":"https:\/\/api.w.org\/{rel}","templated":true}]}}