{"id":389616,"date":"2025-03-03T14:26:59","date_gmt":"2025-03-03T19:26:59","guid":{"rendered":"https:\/\/www.medellin.gov.co\/es\/?p=389616"},"modified":"2025-03-03T14:28:09","modified_gmt":"2025-03-03T19:28:09","slug":"captura-de-cabecillas-de-robledo-y-caicedo","status":"publish","type":"post","link":"https:\/\/www.medellin.gov.co\/es\/sala-de-prensa\/noticias\/captura-de-cabecillas-de-robledo-y-caicedo\/","title":{"rendered":"\u201cDeben tener claro que no son intocables, hoy los vulnerables son ellos\u201d: alcalde Federico Guti\u00e9rrez, tras captura de cabecillas de Robledo y Caicedo"},"content":{"rendered":"<ul>\n<li>Alias \u2018\u00d1a\u00f1o\u2019, cabecilla del Grupo de Delincuencia Organizada (GDO) Robledo, ten\u00eda 10 a\u00f1os de trayectoria criminal.<\/li>\n<li>Alias \u2018Diego Rosario\u2019, cabecilla financiero del GDO Caicedo, ten\u00eda 20 a\u00f1os en el mundo delictivo.<\/li>\n<\/ul>\n<!--[if lt IE 9]><script>document.createElement('audio');<\/script><![endif]-->\n\t<div class=\"wp-playlist wp-audio-playlist wp-playlist-light\">\n\t\t\t<div class=\"wp-playlist-current-item\"><\/div>\n\t\t<audio controls=\"controls\" preload=\"none\" width=\"640\"\n\t\t\t><\/audio>\n\t<div class=\"wp-playlist-next\"><\/div>\n\t<div class=\"wp-playlist-prev\"><\/div>\n\t<noscript>\n\t<ol>\n\t\t<li><a href='https:\/\/www.medellin.gov.co\/es\/wp-content\/uploads\/2025\/03\/Alcalde-Captura-Cabecillas-Robledo-Caicedo-01.mp3'>Palabras de Federico Guti\u00e9rrez, alcalde de Medell\u00edn (intervenci\u00f3n 1)<\/a><\/li><li><a href='https:\/\/www.medellin.gov.co\/es\/wp-content\/uploads\/2025\/03\/Alcalde-Captura-Cabecillas-Robledo-Caicedo-02.mp3'>Palabras de Federico Guti\u00e9rrez, alcalde de Medell\u00edn (intervenci\u00f3n 2)<\/a><\/li><li><a href='https:\/\/www.medellin.gov.co\/es\/wp-content\/uploads\/2025\/03\/Alcalde-Captura-Cabecillas-Robledo-Caicedo-03.mp3'>Palabras de Federico Guti\u00e9rrez, alcalde de Medell\u00edn (intervenci\u00f3n 3)<\/a><\/li>\t<\/ol>\n\t<\/noscript>\n\t<script type=\"application\/json\" class=\"wp-playlist-script\">{\"type\":\"audio\",\"tracklist\":true,\"tracknumbers\":true,\"images\":true,\"artists\":true,\"tracks\":[{\"src\":\"https:\\\/\\\/www.medellin.gov.co\\\/es\\\/wp-content\\\/uploads\\\/2025\\\/03\\\/Alcalde-Captura-Cabecillas-Robledo-Caicedo-01.mp3\",\"type\":\"audio\\\/mpeg\",\"title\":\"Palabras de Federico Guti\\u00e9rrez, alcalde de Medell\\u00edn (intervenci\\u00f3n 1)\",\"caption\":\"\",\"description\":\"\\u00abAlcalde-Captura-Cabecillas-Robledo-Caicedo-01\\u00bb.\",\"meta\":{\"length_formatted\":\"2:50\"},\"image\":{\"src\":\"https:\\\/\\\/www.medellin.gov.co\\\/es\\\/wp-includes\\\/images\\\/media\\\/audio.png\",\"width\":48,\"height\":64},\"thumb\":{\"src\":\"https:\\\/\\\/www.medellin.gov.co\\\/es\\\/wp-includes\\\/images\\\/media\\\/audio.png\",\"width\":48,\"height\":64}},{\"src\":\"https:\\\/\\\/www.medellin.gov.co\\\/es\\\/wp-content\\\/uploads\\\/2025\\\/03\\\/Alcalde-Captura-Cabecillas-Robledo-Caicedo-02.mp3\",\"type\":\"audio\\\/mpeg\",\"title\":\"Palabras de Federico Guti\\u00e9rrez, alcalde de Medell\\u00edn (intervenci\\u00f3n 2)\",\"caption\":\"\",\"description\":\"\\u00abPalabras de Federico Guti\\u00e9rrez, alcalde de Medell\\u00edn (intervenci\\u00f3n 2)\\u00bb.\",\"meta\":{\"length_formatted\":\"10:06\"},\"image\":{\"src\":\"https:\\\/\\\/www.medellin.gov.co\\\/es\\\/wp-includes\\\/images\\\/media\\\/audio.png\",\"width\":48,\"height\":64},\"thumb\":{\"src\":\"https:\\\/\\\/www.medellin.gov.co\\\/es\\\/wp-includes\\\/images\\\/media\\\/audio.png\",\"width\":48,\"height\":64}},{\"src\":\"https:\\\/\\\/www.medellin.gov.co\\\/es\\\/wp-content\\\/uploads\\\/2025\\\/03\\\/Alcalde-Captura-Cabecillas-Robledo-Caicedo-03.mp3\",\"type\":\"audio\\\/mpeg\",\"title\":\"Palabras de Federico Guti\\u00e9rrez, alcalde de Medell\\u00edn (intervenci\\u00f3n 3)\",\"caption\":\"\",\"description\":\"\\u00abPalabras de Federico Guti\\u00e9rrez, alcalde de Medell\\u00edn (intervenci\\u00f3n 3)\\u00bb.\",\"meta\":{\"length_formatted\":\"2:09\"},\"image\":{\"src\":\"https:\\\/\\\/www.medellin.gov.co\\\/es\\\/wp-includes\\\/images\\\/media\\\/audio.png\",\"width\":48,\"height\":64},\"thumb\":{\"src\":\"https:\\\/\\\/www.medellin.gov.co\\\/es\\\/wp-includes\\\/images\\\/media\\\/audio.png\",\"width\":48,\"height\":64}}]}<\/script>\n<\/div>\n\t\n<p>En una ofensiva contra el crimen organizado, las autoridades capturaron a dos cabecillas de alto valor pertenecientes a los Grupos de Delincuencia Organizada (GDO) Robledo y Caicedo. Estos operativos fueron ejecutados en articulaci\u00f3n entre la Alcald\u00eda de Medell\u00edn, la Polic\u00eda Metropolitana del Valle de Aburr\u00e1 y la Fiscal\u00eda General de la Naci\u00f3n, con el objetivo de debilitar las estructuras criminales de la ciudad.<\/p>\n<p>El primer resultado fue la detenci\u00f3n de alias \u2018\u00d1a\u00f1o\u2019, cabecilla principal del GDO Robledo, en el barrio L\u00f3pez de Mesa. Este sujeto, con 10 a\u00f1os de trayectoria criminal, era el responsable de coordinar extorsiones, tr\u00e1fico de estupefacientes y homicidios selectivos en las comunas 7-Robledo y 13-San Javier, con influencia en la costa Caribe. Alias \u2018\u00d1a\u00f1o\u2019 era un hombre de confianza de cabecillas hist\u00f3ricos como alias \u2018Machete\u2019 y \u2018Pepe Chancla\u2019, y asumi\u00f3 el mando del grupo en 2022; fue capturado mediante orden judicial y puesto a disposici\u00f3n de las autoridades.<\/p>\n<div id=\"attachment_389620\" style=\"width: 1290px\" class=\"wp-caption alignnone\"><a href=\"https:\/\/www.medellin.gov.co\/es\/wp-content\/uploads\/2025\/03\/Captura-Cabecillas-Robledo-Caicedo-2.jpg\" target=\"_blank\" rel=\"noopener\"><img aria-describedby=\"caption-attachment-389620\" loading=\"lazy\" class=\"wp-image-389620 size-full\" title=\"Captura de cabecillas de Robledo y Caicedo\" src=\"https:\/\/www.medellin.gov.co\/es\/wp-content\/uploads\/2025\/03\/Captura-Cabecillas-Robledo-Caicedo-2.jpg\" alt=\"Captura de cabecillas de Robledo y Caicedo\" width=\"1280\" height=\"960\" srcset=\"https:\/\/www.medellin.gov.co\/es\/wp-content\/uploads\/2025\/03\/Captura-Cabecillas-Robledo-Caicedo-2.jpg 1280w, https:\/\/www.medellin.gov.co\/es\/wp-content\/uploads\/2025\/03\/Captura-Cabecillas-Robledo-Caicedo-2-300x225.jpg 300w, https:\/\/www.medellin.gov.co\/es\/wp-content\/uploads\/2025\/03\/Captura-Cabecillas-Robledo-Caicedo-2-1024x768.jpg 1024w, https:\/\/www.medellin.gov.co\/es\/wp-content\/uploads\/2025\/03\/Captura-Cabecillas-Robledo-Caicedo-2-150x113.jpg 150w, https:\/\/www.medellin.gov.co\/es\/wp-content\/uploads\/2025\/03\/Captura-Cabecillas-Robledo-Caicedo-2-768x576.jpg 768w\" sizes=\"(max-width: 1280px) 100vw, 1280px\" \/><\/a><p id=\"caption-attachment-389620\" class=\"wp-caption-text\">Captura de cabecillas de Robledo y Caicedo &#8211; Foto Alcald\u00eda de Medell\u00edn<\/p><\/div>\n<p>\u201c<em>La captura de alias \u2018\u00d1a\u00f1o\u2019 tiene relacionamiento con estructuras criminales dedicadas al narcotr\u00e1fico, tambi\u00e9n con incidencia en ciudades de la costa Caribe colombiana. Esta estructura tiene hoy participaci\u00f3n en la mesa de Itag\u00fc\u00ed, a trav\u00e9s del cabecilla hist\u00f3rico alias \u2018Pesebre\u2019. Lo primero que deber\u00eda exigir el Gobierno Nacional a quienes est\u00e1n en esa mesa es que dejen de delinquir. Est\u00e1 clara la l\u00ednea de conexi\u00f3n de quienes est\u00e1n en la c\u00e1rcel de Itag\u00fc\u00ed con quienes tienen en la calle ejecutando los homicidios, el narcotr\u00e1fico, la extorsi\u00f3n, el reclutamiento de menores y muchas otras actividades criminales<\/em>\u201d, expres\u00f3 el alcalde Federico Guti\u00e9rrez Zuluaga.<\/p>\n<p>El segundo golpe se dio con la captura de alias \u2018Diego Rosario\u2019, cabecilla financiero del GDO Caicedo, en El Poblado. En un operativo liderado por la Sipol y el Gaula de la Polic\u00eda, este individuo fue detenido por los delitos de extorsi\u00f3n y concierto para delinquir. Alias \u2018Diego Rosario\u2019 ten\u00eda una trayectoria criminal de 20 a\u00f1os y era el encargado de administrar las finanzas del GDO en sectores como Buenos Aires, La Milagrosa y Caicedo, adem\u00e1s de influir en el Parque Lleras y la comuna 10-La Candelaria.<\/p>\n<div id=\"attachment_389622\" style=\"width: 1290px\" class=\"wp-caption alignnone\"><a href=\"https:\/\/www.medellin.gov.co\/es\/wp-content\/uploads\/2025\/03\/Captura-Cabecillas-Robledo-Caicedo-3.jpg\" target=\"_blank\" rel=\"noopener\"><img aria-describedby=\"caption-attachment-389622\" loading=\"lazy\" class=\"wp-image-389622 size-full\" title=\"Captura de cabecillas de Robledo y Caicedo\" src=\"https:\/\/www.medellin.gov.co\/es\/wp-content\/uploads\/2025\/03\/Captura-Cabecillas-Robledo-Caicedo-3.jpg\" alt=\"Captura de cabecillas de Robledo y Caicedo\" width=\"1280\" height=\"853\" srcset=\"https:\/\/www.medellin.gov.co\/es\/wp-content\/uploads\/2025\/03\/Captura-Cabecillas-Robledo-Caicedo-3.jpg 1280w, https:\/\/www.medellin.gov.co\/es\/wp-content\/uploads\/2025\/03\/Captura-Cabecillas-Robledo-Caicedo-3-300x200.jpg 300w, https:\/\/www.medellin.gov.co\/es\/wp-content\/uploads\/2025\/03\/Captura-Cabecillas-Robledo-Caicedo-3-1024x682.jpg 1024w, https:\/\/www.medellin.gov.co\/es\/wp-content\/uploads\/2025\/03\/Captura-Cabecillas-Robledo-Caicedo-3-150x100.jpg 150w, https:\/\/www.medellin.gov.co\/es\/wp-content\/uploads\/2025\/03\/Captura-Cabecillas-Robledo-Caicedo-3-768x512.jpg 768w\" sizes=\"(max-width: 1280px) 100vw, 1280px\" \/><\/a><p id=\"caption-attachment-389622\" class=\"wp-caption-text\">Captura de cabecillas de Robledo y Caicedo &#8211; Foto Alcald\u00eda de Medell\u00edn<\/p><\/div>\n<p>Este sujeto est\u00e1 catalogado como un objetivo de alto valor para las autoridades y hombre clave dentro de la estructura criminal. Se le se\u00f1ala de coordinar extorsiones, homicidios y tr\u00e1fico de estupefacientes. Durante el procedimiento, se incautaron radios de comunicaci\u00f3n, dispositivos tecnol\u00f3gicos y un arma traum\u00e1tica, que ser\u00e1n analizados dentro de la investigaci\u00f3n en su contra. Su detenci\u00f3n representa un golpe significativo para las finanzas del GDO Caicedo.<\/p>\n<p>\u201c<em>Estos cabecillas deben tener claro que aqu\u00ed no son intocables, que hoy los vulnerables son ellos. Como lo he dicho, nuestra gente no puede seguir sintiendo miedo en las calles, los \u00fanicos que tienen que sentirlo son los criminales y los vamos a seguir persiguiendo con todas las herramientas que nos da la institucionalidad en cumplimiento de la ley<\/em>\u201d, a\u00f1adi\u00f3 el alcalde.<\/p>\n<p>Con estos resultados, la Administraci\u00f3n Distrital refuerza su compromiso en la lucha contra el crimen organizado. La estrategia incluye operativos permanentes en las calles, con Polic\u00eda y Ej\u00e9rcito, as\u00ed como trabajo articulado con la Fiscal\u00eda para identificar y judicializar a los cabecillas y dinamizadores del delito en Medell\u00edn.<\/p>\n","protected":false},"excerpt":{"rendered":"<p>Alias \u2018\u00d1a\u00f1o\u2019, cabecilla del Grupo de Delincuencia Organizada (GDO) Robledo, ten\u00eda 10 a\u00f1os de trayectoria criminal. Alias \u2018Diego Rosario\u2019, cabecilla financiero del GDO Caicedo, ten\u00eda 20 a\u00f1os en el mundo delictivo. En una ofensiva contra &#8230;<\/p>\n","protected":false},"author":21,"featured_media":389623,"comment_status":"open","ping_status":"open","sticky":false,"template":"","format":"standard","meta":[],"categories":[21],"tags":[619],"formato_nota":[],"programas_tax":[],"acf":[],"_links":{"self":[{"href":"https:\/\/www.medellin.gov.co\/es\/wp-json\/wp\/v2\/posts\/389616"}],"collection":[{"href":"https:\/\/www.medellin.gov.co\/es\/wp-json\/wp\/v2\/posts"}],"about":[{"href":"https:\/\/www.medellin.gov.co\/es\/wp-json\/wp\/v2\/types\/post"}],"author":[{"embeddable":true,"href":"https:\/\/www.medellin.gov.co\/es\/wp-json\/wp\/v2\/users\/21"}],"replies":[{"embeddable":true,"href":"https:\/\/www.medellin.gov.co\/es\/wp-json\/wp\/v2\/comments?post=389616"}],"version-history":[{"count":1,"href":"https:\/\/www.medellin.gov.co\/es\/wp-json\/wp\/v2\/posts\/389616\/revisions"}],"predecessor-version":[{"id":389638,"href":"https:\/\/www.medellin.gov.co\/es\/wp-json\/wp\/v2\/posts\/389616\/revisions\/389638"}],"wp:featuredmedia":[{"embeddable":true,"href":"https:\/\/www.medellin.gov.co\/es\/wp-json\/wp\/v2\/media\/389623"}],"wp:attachment":[{"href":"https:\/\/www.medellin.gov.co\/es\/wp-json\/wp\/v2\/media?parent=389616"}],"wp:term":[{"taxonomy":"category","embeddable":true,"href":"https:\/\/www.medellin.gov.co\/es\/wp-json\/wp\/v2\/categories?post=389616"},{"taxonomy":"post_tag","embeddable":true,"href":"https:\/\/www.medellin.gov.co\/es\/wp-json\/wp\/v2\/tags?post=389616"},{"taxonomy":"formato_nota","embeddable":true,"href":"https:\/\/www.medellin.gov.co\/es\/wp-json\/wp\/v2\/formato_nota?post=389616"},{"taxonomy":"programas_tax","embeddable":true,"href":"https:\/\/www.medellin.gov.co\/es\/wp-json\/wp\/v2\/programas_tax?post=389616"}],"curies":[{"name":"wp","href":"https:\/\/api.w.org\/{rel}","templated":true}]}}