{"id":389641,"date":"2025-03-03T14:32:20","date_gmt":"2025-03-03T19:32:20","guid":{"rendered":"https:\/\/www.medellin.gov.co\/es\/?p=389641"},"modified":"2025-03-03T14:32:20","modified_gmt":"2025-03-03T19:32:20","slug":"con-cerca-de-2-000-millones-en-oportunidades-de-negocios-medellin-y-antioquia-cerraron-su-participacion-en-la-vitrina-turistica-anato-2025","status":"publish","type":"post","link":"https:\/\/www.medellin.gov.co\/es\/sala-de-prensa\/noticias\/con-cerca-de-2-000-millones-en-oportunidades-de-negocios-medellin-y-antioquia-cerraron-su-participacion-en-la-vitrina-turistica-anato-2025\/","title":{"rendered":"Con cerca de $2.000 millones en oportunidades de negocios, Medell\u00edn y Antioquia cerraron su participaci\u00f3n en la Vitrina Tur\u00edstica Anato 2025"},"content":{"rendered":"<ul>\n<li>Durante los tres d\u00edas de la feria, 20 empresarios atendieron 1.007 encuentros con potenciales compradores.<\/li>\n<li>M\u00e9xico, Per\u00fa y Espa\u00f1a fueron los destinos internacionales con mayor inter\u00e9s en hacer negocios con la ciudad-regi\u00f3n, y a nivel nacional se destacan Bogot\u00e1, el Eje Cafetero y Santander.<\/li>\n<\/ul>\n<!--[if lt IE 9]><script>document.createElement('audio');<\/script><![endif]-->\n\t<div class=\"wp-playlist wp-audio-playlist wp-playlist-light\">\n\t\t\t<div class=\"wp-playlist-current-item\"><\/div>\n\t\t<audio controls=\"controls\" preload=\"none\" width=\"640\"\n\t\t\t><\/audio>\n\t<div class=\"wp-playlist-next\"><\/div>\n\t<div class=\"wp-playlist-prev\"><\/div>\n\t<noscript>\n\t<ol>\n\t\t<li><a href='https:\/\/www.medellin.gov.co\/es\/wp-content\/uploads\/2025\/03\/Cierre-Anato-2025-01.mp3'>Palabras de Jos\u00e9 Alejandro Gonz\u00e1lez Jaramillo, secretario de Turismo y Entretenimiento de Medell\u00edn<\/a><\/li>\t<\/ol>\n\t<\/noscript>\n\t<script type=\"application\/json\" class=\"wp-playlist-script\">{\"type\":\"audio\",\"tracklist\":true,\"tracknumbers\":true,\"images\":true,\"artists\":true,\"tracks\":[{\"src\":\"https:\\\/\\\/www.medellin.gov.co\\\/es\\\/wp-content\\\/uploads\\\/2025\\\/03\\\/Cierre-Anato-2025-01.mp3\",\"type\":\"audio\\\/mpeg\",\"title\":\"Palabras de Jos\\u00e9 Alejandro Gonz\\u00e1lez Jaramillo, secretario de Turismo y Entretenimiento de Medell\\u00edn\",\"caption\":\"\",\"description\":\"\\u00abPalabras de Jos\\u00e9 Alejandro Gonz\\u00e1lez Jaramillo, secretario de Turismo y Entretenimiento de Medell\\u00edn\\u00bb.\",\"meta\":{\"length_formatted\":\"0:47\"},\"image\":{\"src\":\"https:\\\/\\\/www.medellin.gov.co\\\/es\\\/wp-includes\\\/images\\\/media\\\/audio.png\",\"width\":48,\"height\":64},\"thumb\":{\"src\":\"https:\\\/\\\/www.medellin.gov.co\\\/es\\\/wp-includes\\\/images\\\/media\\\/audio.png\",\"width\":48,\"height\":64}}]}<\/script>\n<\/div>\n\t\n<p>Al cierre de la edici\u00f3n n\u00famero 44 de la Vitrina Tur\u00edstica Anato, el evento m\u00e1s importante de la industria tur\u00edstica en Colombia, los empresarios de Medell\u00edn y Antioquia celebraron los resultados obtenidos. La participaci\u00f3n en la feria dej\u00f3 una proyecci\u00f3n de negocios cercana a los $2.000 millones y permiti\u00f3 realizar 1.007 citas comerciales con compradores estrat\u00e9gicos.<\/p>\n<p>Se tuvieron citas con representantes de agencias de viajes, mayoristas, turoperadores, hoteles, aerol\u00edneas, gremios y entidades de promoci\u00f3n tur\u00edstica, provenientes de mercados estrat\u00e9gicos como Espa\u00f1a, Rep\u00fablica Dominicana, M\u00e9xico, Bogot\u00e1 y Cali.<\/p>\n<p>El secretario de Turismo y Entretenimiento de Medell\u00edn, Jos\u00e9 Alejandro Gonz\u00e1lez Jaramillo, dijo: \u201cVivimos una experiencia espectacular, no solo para la ciudad o la secretar\u00eda, sino para nuestros empresarios. Estuvimos con 20 de ellos con agenda especializada, promoviendo la ciudad-regi\u00f3n ante compradores nacionales e internacionales, mostrando el producto tur\u00edstico que queremos ofrecer a clientes y visitantes potenciales\u201d.<\/p>\n<div id=\"attachment_389629\" style=\"width: 1290px\" class=\"wp-caption alignnone\"><a href=\"https:\/\/www.medellin.gov.co\/es\/wp-content\/uploads\/2025\/03\/Cierre-Anato-2025-2.jpg\" target=\"_blank\" rel=\"noopener\"><img aria-describedby=\"caption-attachment-389629\" loading=\"lazy\" class=\"wp-image-389629 size-full\" title=\"Con cerca de $2.000 millones en oportunidades de negocios, Medell\u00edn y Antioquia cerraron su participaci\u00f3n en la Vitrina Tur\u00edstica Anato 2025\" src=\"https:\/\/www.medellin.gov.co\/es\/wp-content\/uploads\/2025\/03\/Cierre-Anato-2025-2.jpg\" alt=\"Con cerca de $2.000 millones en oportunidades de negocios, Medell\u00edn y Antioquia cerraron su participaci\u00f3n en la Vitrina Tur\u00edstica Anato 2025\" width=\"1280\" height=\"854\" srcset=\"https:\/\/www.medellin.gov.co\/es\/wp-content\/uploads\/2025\/03\/Cierre-Anato-2025-2.jpg 1280w, https:\/\/www.medellin.gov.co\/es\/wp-content\/uploads\/2025\/03\/Cierre-Anato-2025-2-300x200.jpg 300w, https:\/\/www.medellin.gov.co\/es\/wp-content\/uploads\/2025\/03\/Cierre-Anato-2025-2-1024x683.jpg 1024w, https:\/\/www.medellin.gov.co\/es\/wp-content\/uploads\/2025\/03\/Cierre-Anato-2025-2-150x100.jpg 150w, https:\/\/www.medellin.gov.co\/es\/wp-content\/uploads\/2025\/03\/Cierre-Anato-2025-2-768x512.jpg 768w\" sizes=\"(max-width: 1280px) 100vw, 1280px\" \/><\/a><p id=\"caption-attachment-389629\" class=\"wp-caption-text\">Con cerca de $2.000 millones en oportunidades de negocios, Medell\u00edn y Antioquia cerraron su participaci\u00f3n en la Vitrina Tur\u00edstica Anato 2025 &#8211; Foto Alcald\u00eda de Medell\u00edn<\/p><\/div>\n<p>El Distrito y la Gobernaci\u00f3n de Antioquia lograron avances significativos en la promoci\u00f3n del destino, con reuniones con empresas y encuentros con entidades como el Instituto Distrital de Turismo de Bogot\u00e1 y el Instituto de Cultura y Turismo de Yopal, adem\u00e1s de espacios con gremios como Asobares, Cotelco y Anato.<\/p>\n<p>Entre los logros se destaca el acercamiento con la Secretar\u00eda de Turismo del Estado de Chiapas (M\u00e9xico), con la cual se explor\u00f3 la posibilidad de un hermanamiento entre destinos y se comparti\u00f3 la experiencia de transformaci\u00f3n social de Medell\u00edn, con el turismo como motor de desarrollo. Adem\u00e1s, se establecieron di\u00e1logos con la Secretar\u00eda de Turismo de Guanajuato (M\u00e9xico) para desarrollar proyectos de intercambio de buenas pr\u00e1cticas y estrategias de promoci\u00f3n conjunta. Asimismo, se realiz\u00f3 un encuentro con autoridades del Estado de Jalisco y Guadalajara (M\u00e9xico), con el objetivo de intercambiar experiencias en turismo de reuniones, incentivos, congresos y exposiciones, y turismo vacacional.<\/p>\n<div id=\"attachment_389627\" style=\"width: 1290px\" class=\"wp-caption alignnone\"><a href=\"https:\/\/www.medellin.gov.co\/es\/wp-content\/uploads\/2025\/03\/Cierre-Anato-2025-3.jpg\" target=\"_blank\" rel=\"noopener\"><img aria-describedby=\"caption-attachment-389627\" loading=\"lazy\" class=\"wp-image-389627 size-full\" title=\"Con cerca de $2.000 millones en oportunidades de negocios, Medell\u00edn y Antioquia cerraron su participaci\u00f3n en la Vitrina Tur\u00edstica Anato 2025\" src=\"https:\/\/www.medellin.gov.co\/es\/wp-content\/uploads\/2025\/03\/Cierre-Anato-2025-3.jpg\" alt=\"Con cerca de $2.000 millones en oportunidades de negocios, Medell\u00edn y Antioquia cerraron su participaci\u00f3n en la Vitrina Tur\u00edstica Anato 2025\" width=\"1280\" height=\"854\" srcset=\"https:\/\/www.medellin.gov.co\/es\/wp-content\/uploads\/2025\/03\/Cierre-Anato-2025-3.jpg 1280w, https:\/\/www.medellin.gov.co\/es\/wp-content\/uploads\/2025\/03\/Cierre-Anato-2025-3-300x200.jpg 300w, https:\/\/www.medellin.gov.co\/es\/wp-content\/uploads\/2025\/03\/Cierre-Anato-2025-3-1024x683.jpg 1024w, https:\/\/www.medellin.gov.co\/es\/wp-content\/uploads\/2025\/03\/Cierre-Anato-2025-3-150x100.jpg 150w, https:\/\/www.medellin.gov.co\/es\/wp-content\/uploads\/2025\/03\/Cierre-Anato-2025-3-768x512.jpg 768w\" sizes=\"(max-width: 1280px) 100vw, 1280px\" \/><\/a><p id=\"caption-attachment-389627\" class=\"wp-caption-text\">Con cerca de $2.000 millones en oportunidades de negocios, Medell\u00edn y Antioquia cerraron su participaci\u00f3n en la Vitrina Tur\u00edstica Anato 2025 &#8211; Foto Alcald\u00eda de Medell\u00edn<\/p><\/div>\n<p>Medell\u00edn y Antioquia participaron en Colombia Travel Mart, donde se consolidaron oportunidades en el segmento de turismo vacacional, de ocio y entretenimiento. En este sentido, se concretaron 20 citas con compradores internacionales. En estas reuniones, se identific\u00f3 el inter\u00e9s por vivir experiencias inmersivas en los barrios de la ciudad a trav\u00e9s del turismo comunitario y en la participaci\u00f3n en eventos como la Feria de las Flores.<\/p>\n<p>De igual manera, se establecieron conexiones con empresarios de Argentina, M\u00e9xico, Per\u00fa, Ecuador, Polonia, Estados Unidos, Brasil, Espa\u00f1a, Reino Unido y Paraguay.<\/p>\n<p>La participaci\u00f3n de Medell\u00edn y Antioquia en la Vitrina Tur\u00edstica Anato 2025 coincide con un momento hist\u00f3rico para el turismo en la regi\u00f3n, que en el caso de Medell\u00edn registr\u00f3 una ocupaci\u00f3n hotelera con un promedio superior a 68.5 % durante 2024.<\/p>\n","protected":false},"excerpt":{"rendered":"<p>Durante los tres d\u00edas de la feria, 20 empresarios atendieron 1.007 encuentros con potenciales compradores. M\u00e9xico, Per\u00fa y Espa\u00f1a fueron los destinos internacionales con mayor inter\u00e9s en hacer negocios con la ciudad-regi\u00f3n, y a nivel &#8230;<\/p>\n","protected":false},"author":21,"featured_media":389625,"comment_status":"open","ping_status":"open","sticky":false,"template":"","format":"standard","meta":[],"categories":[690,17],"tags":[634,430],"formato_nota":[],"programas_tax":[],"acf":[],"_links":{"self":[{"href":"https:\/\/www.medellin.gov.co\/es\/wp-json\/wp\/v2\/posts\/389641"}],"collection":[{"href":"https:\/\/www.medellin.gov.co\/es\/wp-json\/wp\/v2\/posts"}],"about":[{"href":"https:\/\/www.medellin.gov.co\/es\/wp-json\/wp\/v2\/types\/post"}],"author":[{"embeddable":true,"href":"https:\/\/www.medellin.gov.co\/es\/wp-json\/wp\/v2\/users\/21"}],"replies":[{"embeddable":true,"href":"https:\/\/www.medellin.gov.co\/es\/wp-json\/wp\/v2\/comments?post=389641"}],"version-history":[{"count":1,"href":"https:\/\/www.medellin.gov.co\/es\/wp-json\/wp\/v2\/posts\/389641\/revisions"}],"predecessor-version":[{"id":389642,"href":"https:\/\/www.medellin.gov.co\/es\/wp-json\/wp\/v2\/posts\/389641\/revisions\/389642"}],"wp:featuredmedia":[{"embeddable":true,"href":"https:\/\/www.medellin.gov.co\/es\/wp-json\/wp\/v2\/media\/389625"}],"wp:attachment":[{"href":"https:\/\/www.medellin.gov.co\/es\/wp-json\/wp\/v2\/media?parent=389641"}],"wp:term":[{"taxonomy":"category","embeddable":true,"href":"https:\/\/www.medellin.gov.co\/es\/wp-json\/wp\/v2\/categories?post=389641"},{"taxonomy":"post_tag","embeddable":true,"href":"https:\/\/www.medellin.gov.co\/es\/wp-json\/wp\/v2\/tags?post=389641"},{"taxonomy":"formato_nota","embeddable":true,"href":"https:\/\/www.medellin.gov.co\/es\/wp-json\/wp\/v2\/formato_nota?post=389641"},{"taxonomy":"programas_tax","embeddable":true,"href":"https:\/\/www.medellin.gov.co\/es\/wp-json\/wp\/v2\/programas_tax?post=389641"}],"curies":[{"name":"wp","href":"https:\/\/api.w.org\/{rel}","templated":true}]}}