{"id":389810,"date":"2025-03-04T11:08:36","date_gmt":"2025-03-04T16:08:36","guid":{"rendered":"https:\/\/www.medellin.gov.co\/es\/?p=389810"},"modified":"2025-03-04T11:08:36","modified_gmt":"2025-03-04T16:08:36","slug":"a-partir-de-marzo-las-convocatorias-de-fomento-y-estimulos-para-el-arte-y-la-cultura-se-cerraran-gradualmente","status":"publish","type":"post","link":"https:\/\/www.medellin.gov.co\/es\/sala-de-prensa\/noticias\/a-partir-de-marzo-las-convocatorias-de-fomento-y-estimulos-para-el-arte-y-la-cultura-se-cerraran-gradualmente\/","title":{"rendered":"A partir de marzo, las Convocatorias de Fomento y Est\u00edmulos para el Arte y la Cultura se cerrar\u00e1n gradualmente"},"content":{"rendered":"<!--[if lt IE 9]><script>document.createElement('audio');<\/script><![endif]-->\n\t<div class=\"wp-playlist wp-audio-playlist wp-playlist-light\">\n\t\t\t<div class=\"wp-playlist-current-item\"><\/div>\n\t\t<audio controls=\"controls\" preload=\"none\" width=\"640\"\n\t\t\t><\/audio>\n\t<div class=\"wp-playlist-next\"><\/div>\n\t<div class=\"wp-playlist-prev\"><\/div>\n\t<noscript>\n\t<ol>\n\t\t<li><a href='https:\/\/www.medellin.gov.co\/es\/wp-content\/uploads\/2025\/03\/Convocatorias-Fomento-Arte-Cultura-01.mp3'>Palabras de Cristian Cartagena, subsecretario de Arte y Cultura<\/a><\/li>\t<\/ol>\n\t<\/noscript>\n\t<script type=\"application\/json\" class=\"wp-playlist-script\">{\"type\":\"audio\",\"tracklist\":true,\"tracknumbers\":true,\"images\":true,\"artists\":true,\"tracks\":[{\"src\":\"https:\\\/\\\/www.medellin.gov.co\\\/es\\\/wp-content\\\/uploads\\\/2025\\\/03\\\/Convocatorias-Fomento-Arte-Cultura-01.mp3\",\"type\":\"audio\\\/mpeg\",\"title\":\"Palabras de Cristian Cartagena, subsecretario de Arte y Cultura\",\"caption\":\"\",\"description\":\"\\u00abPalabras de Cristian Cartagena, subsecretario de Arte y Cultura\\u00bb.\",\"meta\":{\"year\":\"2025\",\"length_formatted\":\"1:35\"},\"image\":{\"src\":\"https:\\\/\\\/www.medellin.gov.co\\\/es\\\/wp-includes\\\/images\\\/media\\\/audio.png\",\"width\":48,\"height\":64},\"thumb\":{\"src\":\"https:\\\/\\\/www.medellin.gov.co\\\/es\\\/wp-includes\\\/images\\\/media\\\/audio.png\",\"width\":48,\"height\":64}}]}<\/script>\n<\/div>\n\t\n<p>La Alcald\u00eda de Medell\u00edn mantiene abierta la recepci\u00f3n de postulaciones a las Convocatorias de Fomento y Est\u00edmulos para el Arte y la Cultura. Los cierres ser\u00e1n escalonados, para una mejor organizaci\u00f3n y acceso a los recursos.<\/p>\n<p>Tres primeras l\u00edneas de participaci\u00f3n tendr\u00e1n t\u00e9rmino entre el 3 y el 9 de marzo: Festival Altavoz 2025 (4 de marzo), Salas Abiertas para las Artes Esc\u00e9nicas (5 de marzo) y Apoyos Concertados para la Producci\u00f3n (6 de marzo). En las semanas siguientes continuar\u00e1n los cierres progresivos de las dem\u00e1s l\u00edneas, por lo cual es importante revisar los cronogramas establecidos.<\/p>\n<div id=\"attachment_389829\" style=\"width: 1180px\" class=\"wp-caption alignnone\"><a href=\"https:\/\/www.medellin.gov.co\/es\/wp-content\/uploads\/2025\/03\/Convocatorias-Fomento-Arte-Cultura-2.jpg\" target=\"_blank\" rel=\"noopener\"><img aria-describedby=\"caption-attachment-389829\" loading=\"lazy\" class=\"wp-image-389829 size-full\" title=\"A partir de marzo, las Convocatorias de Fomento y Est\u00edmulos para el Arte y la Cultura se cerrar\u00e1n gradualmente\" src=\"https:\/\/www.medellin.gov.co\/es\/wp-content\/uploads\/2025\/03\/Convocatorias-Fomento-Arte-Cultura-2.jpg\" alt=\"A partir de marzo, las Convocatorias de Fomento y Est\u00edmulos para el Arte y la Cultura se cerrar\u00e1n gradualmente\" width=\"1170\" height=\"780\" srcset=\"https:\/\/www.medellin.gov.co\/es\/wp-content\/uploads\/2025\/03\/Convocatorias-Fomento-Arte-Cultura-2.jpg 1170w, https:\/\/www.medellin.gov.co\/es\/wp-content\/uploads\/2025\/03\/Convocatorias-Fomento-Arte-Cultura-2-300x200.jpg 300w, https:\/\/www.medellin.gov.co\/es\/wp-content\/uploads\/2025\/03\/Convocatorias-Fomento-Arte-Cultura-2-1024x683.jpg 1024w, https:\/\/www.medellin.gov.co\/es\/wp-content\/uploads\/2025\/03\/Convocatorias-Fomento-Arte-Cultura-2-150x100.jpg 150w, https:\/\/www.medellin.gov.co\/es\/wp-content\/uploads\/2025\/03\/Convocatorias-Fomento-Arte-Cultura-2-768x512.jpg 768w\" sizes=\"(max-width: 1170px) 100vw, 1170px\" \/><\/a><p id=\"caption-attachment-389829\" class=\"wp-caption-text\">A partir de marzo, las Convocatorias de Fomento y Est\u00edmulos para el Arte y la Cultura se cerrar\u00e1n gradualmente &#8211; Foto Alcald\u00eda de Medell\u00edn<\/p><\/div>\n<p>Estas convocatorias han sido socializadas en m\u00e1s de 35 espacios de encuentro durante febrero, lo que reafirma el compromiso con el fortalecimiento del ecosistema art\u00edstico y cultural que nutre la agenda de eventos del a\u00f1o.<\/p>\n<p>Con una inversi\u00f3n hist\u00f3rica de m\u00e1s de $10.000 millones, el <a href=\"http:\/\/www.medellin.gov.co\" target=\"_blank\" rel=\"noopener\">Distrito<\/a> habilit\u00f3 50 l\u00edneas de participaci\u00f3n que abarcan expresiones culturales como m\u00fasica, teatro, circo, danza, audiovisuales, artes pl\u00e1sticas, literatura y patrimonio, entre otras. Adem\u00e1s, implement\u00f3 mentor\u00edas especializadas y un portafolio diverso para garantizar el acceso equitativo a los est\u00edmulos.<\/p>\n<div id=\"attachment_389827\" style=\"width: 1180px\" class=\"wp-caption alignnone\"><a href=\"https:\/\/www.medellin.gov.co\/es\/wp-content\/uploads\/2025\/03\/Convocatorias-Fomento-Arte-Cultura-4.jpg\" target=\"_blank\" rel=\"noopener\"><img aria-describedby=\"caption-attachment-389827\" loading=\"lazy\" class=\"wp-image-389827 size-full\" title=\"A partir de marzo, las Convocatorias de Fomento y Est\u00edmulos para el Arte y la Cultura se cerrar\u00e1n gradualmente\" src=\"https:\/\/www.medellin.gov.co\/es\/wp-content\/uploads\/2025\/03\/Convocatorias-Fomento-Arte-Cultura-4.jpg\" alt=\"A partir de marzo, las Convocatorias de Fomento y Est\u00edmulos para el Arte y la Cultura se cerrar\u00e1n gradualmente\" width=\"1170\" height=\"780\" srcset=\"https:\/\/www.medellin.gov.co\/es\/wp-content\/uploads\/2025\/03\/Convocatorias-Fomento-Arte-Cultura-4.jpg 1170w, https:\/\/www.medellin.gov.co\/es\/wp-content\/uploads\/2025\/03\/Convocatorias-Fomento-Arte-Cultura-4-300x200.jpg 300w, https:\/\/www.medellin.gov.co\/es\/wp-content\/uploads\/2025\/03\/Convocatorias-Fomento-Arte-Cultura-4-1024x683.jpg 1024w, https:\/\/www.medellin.gov.co\/es\/wp-content\/uploads\/2025\/03\/Convocatorias-Fomento-Arte-Cultura-4-150x100.jpg 150w, https:\/\/www.medellin.gov.co\/es\/wp-content\/uploads\/2025\/03\/Convocatorias-Fomento-Arte-Cultura-4-768x512.jpg 768w\" sizes=\"(max-width: 1170px) 100vw, 1170px\" \/><\/a><p id=\"caption-attachment-389827\" class=\"wp-caption-text\">A partir de marzo, las Convocatorias de Fomento y Est\u00edmulos para el Arte y la Cultura se cerrar\u00e1n gradualmente &#8211; Foto Alcald\u00eda de Medell\u00edn<\/p><\/div>\n<p>Los interesados pueden conocer los detalles y fechas de cierre en <a href=\"http:\/\/www.medellin.gov.co\/estimuloscultura\" target=\"_blank\" rel=\"noopener\">www.medellin.gov.co\/estimuloscultura<\/a> o enviar sus inquietudes al correo <a href=\"mailto:convocatorias.cultura@medellin.gov.co\" target=\"_blank\" rel=\"noopener\">convocatorias.cultura@medellin.gov.co<\/a><\/p>\n","protected":false},"excerpt":{"rendered":"<p>La Alcald\u00eda de Medell\u00edn mantiene abierta la recepci\u00f3n de postulaciones a las Convocatorias de Fomento y Est\u00edmulos para el Arte y la Cultura. Los cierres ser\u00e1n escalonados, para una mejor organizaci\u00f3n y acceso a los &#8230;<\/p>\n","protected":false},"author":21,"featured_media":389853,"comment_status":"open","ping_status":"open","sticky":false,"template":"","format":"standard","meta":[],"categories":[31],"tags":[444,428],"formato_nota":[],"programas_tax":[],"acf":[],"_links":{"self":[{"href":"https:\/\/www.medellin.gov.co\/es\/wp-json\/wp\/v2\/posts\/389810"}],"collection":[{"href":"https:\/\/www.medellin.gov.co\/es\/wp-json\/wp\/v2\/posts"}],"about":[{"href":"https:\/\/www.medellin.gov.co\/es\/wp-json\/wp\/v2\/types\/post"}],"author":[{"embeddable":true,"href":"https:\/\/www.medellin.gov.co\/es\/wp-json\/wp\/v2\/users\/21"}],"replies":[{"embeddable":true,"href":"https:\/\/www.medellin.gov.co\/es\/wp-json\/wp\/v2\/comments?post=389810"}],"version-history":[{"count":1,"href":"https:\/\/www.medellin.gov.co\/es\/wp-json\/wp\/v2\/posts\/389810\/revisions"}],"predecessor-version":[{"id":389858,"href":"https:\/\/www.medellin.gov.co\/es\/wp-json\/wp\/v2\/posts\/389810\/revisions\/389858"}],"wp:featuredmedia":[{"embeddable":true,"href":"https:\/\/www.medellin.gov.co\/es\/wp-json\/wp\/v2\/media\/389853"}],"wp:attachment":[{"href":"https:\/\/www.medellin.gov.co\/es\/wp-json\/wp\/v2\/media?parent=389810"}],"wp:term":[{"taxonomy":"category","embeddable":true,"href":"https:\/\/www.medellin.gov.co\/es\/wp-json\/wp\/v2\/categories?post=389810"},{"taxonomy":"post_tag","embeddable":true,"href":"https:\/\/www.medellin.gov.co\/es\/wp-json\/wp\/v2\/tags?post=389810"},{"taxonomy":"formato_nota","embeddable":true,"href":"https:\/\/www.medellin.gov.co\/es\/wp-json\/wp\/v2\/formato_nota?post=389810"},{"taxonomy":"programas_tax","embeddable":true,"href":"https:\/\/www.medellin.gov.co\/es\/wp-json\/wp\/v2\/programas_tax?post=389810"}],"curies":[{"name":"wp","href":"https:\/\/api.w.org\/{rel}","templated":true}]}}