{"id":389861,"date":"2025-03-04T12:07:34","date_gmt":"2025-03-04T17:07:34","guid":{"rendered":"https:\/\/www.medellin.gov.co\/es\/?p=389861"},"modified":"2025-03-04T12:07:34","modified_gmt":"2025-03-04T17:07:34","slug":"alcalde-federico-gutierrez-llega-con-la-oferta-institucional-a-andalucia-la-francia-en-la-comuna-2-santa-cruz","status":"publish","type":"post","link":"https:\/\/www.medellin.gov.co\/es\/sala-de-prensa\/noticias\/alcalde-federico-gutierrez-llega-con-la-oferta-institucional-a-andalucia-la-francia-en-la-comuna-2-santa-cruz\/","title":{"rendered":"El alcalde Federico Guti\u00e9rrez llega con la oferta institucional a Andaluc\u00eda La Francia, en la comuna 2-Santa Cruz"},"content":{"rendered":"<ul>\n<li>Estos encuentros se realizan para escuchar, de primera mano, las necesidades de la comunidad.<\/li>\n<li>Durante tres semanas, el equipo de Guardaquebradas estar\u00e1 presente en la zona con actividades de ornato y aseo.<\/li>\n<\/ul>\n<p>Como parte de su compromiso con la gente, el mandatario Federico Guti\u00e9rrez Zuluaga adelanta diferentes recorridos por las comunas y corregimientos para escuchar y dar soluci\u00f3n a las situaciones que aquejan a los habitantes de la capital antioque\u00f1a. La idea es llegar a cada rinc\u00f3n de la ciudad con la oferta institucional.<\/p>\n<p>Esta vez, el turno fue para Andaluc\u00eda La Francia, en la comuna 2-Santa Cruz. Con el acompa\u00f1amiento de las secretar\u00edas de Infraestructura F\u00edsica, Seguridad y Convivencia, Salud, Movilidad, Medio Ambiente, Educaci\u00f3n, Sapiencia, Emvarias, entre otras, se hizo un balance de las acciones adelantadas, al tiempo que se insisti\u00f3 en la cultura ciudadana con un llamado a la correcta disposici\u00f3n de residuos s\u00f3lidos.<\/p>\n<p>\u201c<em>Las quebradas no son botaderos. Si seguimos tir\u00e1ndoles colchonetas, escaparates y muebles vamos a tener una tragedia. Necesitamos que cuando ustedes vean a alguien haciendo esto lo denuncien para poder actuar<\/em>\u201d, pidi\u00f3 el alcalde.<\/p>\n<div id=\"attachment_389839\" style=\"width: 1064px\" class=\"wp-caption alignnone\"><a href=\"https:\/\/www.medellin.gov.co\/es\/wp-content\/uploads\/2025\/03\/Alcalde-Oferta-Institucional-Andalucia-2.jpg\" target=\"_blank\" rel=\"noopener\"><img aria-describedby=\"caption-attachment-389839\" loading=\"lazy\" class=\"wp-image-389839 size-full\" title=\"El alcalde Federico Guti\u00e9rrez llega con la oferta institucional a Andaluc\u00eda La Francia, en la comuna 2-Santa Cruz\" src=\"https:\/\/www.medellin.gov.co\/es\/wp-content\/uploads\/2025\/03\/Alcalde-Oferta-Institucional-Andalucia-2.jpg\" alt=\"El alcalde Federico Guti\u00e9rrez llega con la oferta institucional a Andaluc\u00eda La Francia, en la comuna 2-Santa Cruz\" width=\"1054\" height=\"780\" srcset=\"https:\/\/www.medellin.gov.co\/es\/wp-content\/uploads\/2025\/03\/Alcalde-Oferta-Institucional-Andalucia-2.jpg 1054w, https:\/\/www.medellin.gov.co\/es\/wp-content\/uploads\/2025\/03\/Alcalde-Oferta-Institucional-Andalucia-2-300x222.jpg 300w, https:\/\/www.medellin.gov.co\/es\/wp-content\/uploads\/2025\/03\/Alcalde-Oferta-Institucional-Andalucia-2-1024x758.jpg 1024w, https:\/\/www.medellin.gov.co\/es\/wp-content\/uploads\/2025\/03\/Alcalde-Oferta-Institucional-Andalucia-2-150x111.jpg 150w, https:\/\/www.medellin.gov.co\/es\/wp-content\/uploads\/2025\/03\/Alcalde-Oferta-Institucional-Andalucia-2-768x568.jpg 768w\" sizes=\"(max-width: 1054px) 100vw, 1054px\" \/><\/a><p id=\"caption-attachment-389839\" class=\"wp-caption-text\">El alcalde Federico Guti\u00e9rrez llega con la oferta institucional a Andaluc\u00eda La Francia, en la comuna 2-Santa Cruz &#8211; Foto Alcald\u00eda de Medell\u00edn<\/p><\/div>\n<p>La Secretar\u00eda de Medio Ambiente se vincul\u00f3 con 30 Guardaquebradas, promotores y gu\u00edas ambientales, con actividades de limpieza en la quebrada La Herrera y sus sectores aleda\u00f1os. En la jornada se recogieron 10 metros c\u00fabicos de residuos de construcci\u00f3n, voluminosos y residuos ordinarios. Adem\u00e1s, se limpiaron las zonas verdes, pintaron los pasamanos y se sensibiliz\u00f3 acerca de las buenas pr\u00e1cticas y tenencia de animales de compa\u00f1\u00eda. Durante tres semanas se realizar\u00e1n actividades de ornato y aseo para mejoramiento del entorno.<\/p>\n<p>Por su parte, Emvarias anunci\u00f3 la incorporaci\u00f3n de tres rutas adicionales de barrido manual en la zona y un plan de lavado de lugares con focos de contaminaci\u00f3n por residuos s\u00f3lidos. Tambi\u00e9n, un diagn\u00f3stico para identificar la necesidad de otra ruta recolectora y la instalaci\u00f3n de m\u00e1s cestas p\u00fablicas.<\/p>\n<p>En cuanto al mantenimiento de obras, la Secretar\u00eda de Infraestructura F\u00edsica adelanta el cambio del pasamanos del puente El Mirador, donde se intervienen 228 metros, incluidas las escalas de acceso. Esto representa el 50 % de ejecuci\u00f3n. En este mismo barrio se mejoran 200 metros de los pasamanos de la placa deportiva La Herradura, por un valor de $142 millones.<\/p>\n<div id=\"attachment_389855\" style=\"width: 1290px\" class=\"wp-caption alignnone\"><a href=\"https:\/\/www.medellin.gov.co\/es\/wp-content\/uploads\/2025\/03\/Andalucia-La-Francia-1.jpg\" target=\"_blank\" rel=\"noopener\"><img aria-describedby=\"caption-attachment-389855\" loading=\"lazy\" class=\"wp-image-389855 size-full\" title=\"Andaluc\u00eda La Francia, comuna 2-Santa Cruz\" src=\"https:\/\/www.medellin.gov.co\/es\/wp-content\/uploads\/2025\/03\/Andalucia-La-Francia-1.jpg\" alt=\"El alcalde Federico Guti\u00e9rrez llega con la oferta institucional a Andaluc\u00eda La Francia, en la comuna 2-Santa Cruz\" width=\"1280\" height=\"720\" srcset=\"https:\/\/www.medellin.gov.co\/es\/wp-content\/uploads\/2025\/03\/Andalucia-La-Francia-1.jpg 1280w, https:\/\/www.medellin.gov.co\/es\/wp-content\/uploads\/2025\/03\/Andalucia-La-Francia-1-300x169.jpg 300w, https:\/\/www.medellin.gov.co\/es\/wp-content\/uploads\/2025\/03\/Andalucia-La-Francia-1-1024x576.jpg 1024w, https:\/\/www.medellin.gov.co\/es\/wp-content\/uploads\/2025\/03\/Andalucia-La-Francia-1-150x84.jpg 150w, https:\/\/www.medellin.gov.co\/es\/wp-content\/uploads\/2025\/03\/Andalucia-La-Francia-1-768x432.jpg 768w\" sizes=\"(max-width: 1280px) 100vw, 1280px\" \/><\/a><p id=\"caption-attachment-389855\" class=\"wp-caption-text\">El alcalde Federico Guti\u00e9rrez llega con la oferta institucional a Andaluc\u00eda La Francia, en la comuna 2-Santa Cruz &#8211; Foto Alcald\u00eda de Medell\u00edn<\/p><\/div>\n<p>La Secretar\u00eda de Salud acompa\u00f1\u00f3 el trayecto con el programa Medell\u00edn Te Quiere Saludable y atenci\u00f3n prehospitalaria con su equipo de enfermeros, psic\u00f3logos y trabajadores sociales para ofrecer orientaci\u00f3n en salud mental, tamizaje de riesgo cardiovascular, valoraci\u00f3n f\u00edsica y asesor\u00eda para el acceso a los servicios de salud, en articulaci\u00f3n con la red hospitalaria del Distrito.<\/p>\n<p>Este a\u00f1o, en la comuna 2 se han capturado 61 personas, incluidos cabecillas y coordinadores del GDO Los Triana, gracias al trabajo de la Polic\u00eda Metropolitana de Valle de Aburr\u00e1 y otras autoridades. Tambi\u00e9n ha sido posible la recuperaci\u00f3n de veh\u00edculos, as\u00ed como la incautaci\u00f3n de armas y drogas.<\/p>\n<p>Entre los operativos estrat\u00e9gicos est\u00e1n el Plan Avispa, el Plan Parques, Caravanas por la Seguridad y operativos interinstitucionales. Estas acciones han permitido realizar registros de antecedentes y la suspensi\u00f3n de establecimientos ilegales. Adem\u00e1s, se han implementado acciones de sensibilizaci\u00f3n y recuperaci\u00f3n del espacio p\u00fablico, que incluyen el desmonte de cambuches.<\/p>\n<p>En lo referente a acciones y operativos de movilidad se han impuesto 263 comparendos y 103 detenciones de veh\u00edculos. La Alcald\u00eda de Medell\u00edn se comprometi\u00f3 con los habitantes de la zona para mejorar problemas relacionados con mal parqueo, exceso de velocidad y congesti\u00f3n vehicular.<\/p>\n","protected":false},"excerpt":{"rendered":"<p>Estos encuentros se realizan para escuchar, de primera mano, las necesidades de la comunidad. Durante tres semanas, el equipo de Guardaquebradas estar\u00e1 presente en la zona con actividades de ornato y aseo. Como parte de &#8230;<\/p>\n","protected":false},"author":21,"featured_media":389850,"comment_status":"open","ping_status":"open","sticky":false,"template":"","format":"standard","meta":[],"categories":[293],"tags":[455],"formato_nota":[],"programas_tax":[],"acf":[],"_links":{"self":[{"href":"https:\/\/www.medellin.gov.co\/es\/wp-json\/wp\/v2\/posts\/389861"}],"collection":[{"href":"https:\/\/www.medellin.gov.co\/es\/wp-json\/wp\/v2\/posts"}],"about":[{"href":"https:\/\/www.medellin.gov.co\/es\/wp-json\/wp\/v2\/types\/post"}],"author":[{"embeddable":true,"href":"https:\/\/www.medellin.gov.co\/es\/wp-json\/wp\/v2\/users\/21"}],"replies":[{"embeddable":true,"href":"https:\/\/www.medellin.gov.co\/es\/wp-json\/wp\/v2\/comments?post=389861"}],"version-history":[{"count":1,"href":"https:\/\/www.medellin.gov.co\/es\/wp-json\/wp\/v2\/posts\/389861\/revisions"}],"predecessor-version":[{"id":389888,"href":"https:\/\/www.medellin.gov.co\/es\/wp-json\/wp\/v2\/posts\/389861\/revisions\/389888"}],"wp:featuredmedia":[{"embeddable":true,"href":"https:\/\/www.medellin.gov.co\/es\/wp-json\/wp\/v2\/media\/389850"}],"wp:attachment":[{"href":"https:\/\/www.medellin.gov.co\/es\/wp-json\/wp\/v2\/media?parent=389861"}],"wp:term":[{"taxonomy":"category","embeddable":true,"href":"https:\/\/www.medellin.gov.co\/es\/wp-json\/wp\/v2\/categories?post=389861"},{"taxonomy":"post_tag","embeddable":true,"href":"https:\/\/www.medellin.gov.co\/es\/wp-json\/wp\/v2\/tags?post=389861"},{"taxonomy":"formato_nota","embeddable":true,"href":"https:\/\/www.medellin.gov.co\/es\/wp-json\/wp\/v2\/formato_nota?post=389861"},{"taxonomy":"programas_tax","embeddable":true,"href":"https:\/\/www.medellin.gov.co\/es\/wp-json\/wp\/v2\/programas_tax?post=389861"}],"curies":[{"name":"wp","href":"https:\/\/api.w.org\/{rel}","templated":true}]}}