{"id":389890,"date":"2025-03-04T12:14:09","date_gmt":"2025-03-04T17:14:09","guid":{"rendered":"https:\/\/www.medellin.gov.co\/es\/?p=389890"},"modified":"2025-03-04T12:14:09","modified_gmt":"2025-03-04T17:14:09","slug":"distrito-fortalece-la-seguridad-aerea-con-el-primer-comite-de-seguridad-aeronautica-medellin-2025","status":"publish","type":"post","link":"https:\/\/www.medellin.gov.co\/es\/sala-de-prensa\/noticias\/distrito-fortalece-la-seguridad-aerea-con-el-primer-comite-de-seguridad-aeronautica-medellin-2025\/","title":{"rendered":"Distrito fortalece la seguridad a\u00e9rea con el primer Comit\u00e9 de Seguridad Aeron\u00e1utica Medell\u00edn 2025"},"content":{"rendered":"<ul>\n<li>Ha contribuido con el monitoreo, la detecci\u00f3n y la neutralizaci\u00f3n de amenazas en aeropuertos controlados y no controlados.<\/li>\n<li>En 2024, la Operaci\u00f3n Atlas de Seguridad A\u00e9rea permiti\u00f3 la inspecci\u00f3n de m\u00e1s de 170 aeronaves y 62 hangares.<\/li>\n<\/ul>\n<!--[if lt IE 9]><script>document.createElement('audio');<\/script><![endif]-->\n\t<div class=\"wp-playlist wp-audio-playlist wp-playlist-light\">\n\t\t\t<div class=\"wp-playlist-current-item\"><\/div>\n\t\t<audio controls=\"controls\" preload=\"none\" width=\"640\"\n\t\t\t><\/audio>\n\t<div class=\"wp-playlist-next\"><\/div>\n\t<div class=\"wp-playlist-prev\"><\/div>\n\t<noscript>\n\t<ol>\n\t\t<li><a href='https:\/\/www.medellin.gov.co\/es\/wp-content\/uploads\/2025\/03\/Comite-Seguridad-Aeronautica-01.mp3'>Palabras de Manuel Villa Mej\u00eda, secretario de Seguridad y Convivencia<\/a><\/li>\t<\/ol>\n\t<\/noscript>\n\t<script type=\"application\/json\" class=\"wp-playlist-script\">{\"type\":\"audio\",\"tracklist\":true,\"tracknumbers\":true,\"images\":true,\"artists\":true,\"tracks\":[{\"src\":\"https:\\\/\\\/www.medellin.gov.co\\\/es\\\/wp-content\\\/uploads\\\/2025\\\/03\\\/Comite-Seguridad-Aeronautica-01.mp3\",\"type\":\"audio\\\/mpeg\",\"title\":\"Palabras de Manuel Villa Mej\\u00eda, secretario de Seguridad y Convivencia\",\"caption\":\"\",\"description\":\"\\u00abComite-Seguridad-Aeronautica-01\\u00bb.\",\"meta\":{\"length_formatted\":\"1:27\"},\"image\":{\"src\":\"https:\\\/\\\/www.medellin.gov.co\\\/es\\\/wp-includes\\\/images\\\/media\\\/audio.png\",\"width\":48,\"height\":64},\"thumb\":{\"src\":\"https:\\\/\\\/www.medellin.gov.co\\\/es\\\/wp-includes\\\/images\\\/media\\\/audio.png\",\"width\":48,\"height\":64}}]}<\/script>\n<\/div>\n\t\n<p>Medell\u00edn cre\u00f3 el Comit\u00e9 de Seguridad Aeron\u00e1utica 2025, un estamento para garantizar la seguridad operacional y prevenir el uso indebido de aeropuertos y aer\u00f3dromos para actividades il\u00edcitas. Una de sus tareas es la detecci\u00f3n de aeronaves sin los permisos para operar.<\/p>\n<p>Entre los resultados recientes se tiene la identificaci\u00f3n de un hangar donde personal no certificado desarmaba un veh\u00edculo sin las autorizaciones correspondientes y del que no se aport\u00f3 informaci\u00f3n sobre su propietario. Una vez fue trasladado por v\u00eda terrestre al aer\u00f3dromo Guaymaral (Bogot\u00e1), se orden\u00f3 la suspensi\u00f3n de cualquier licencia de vuelo.<\/p>\n<div id=\"attachment_389834\" style=\"width: 1290px\" class=\"wp-caption alignnone\"><a href=\"https:\/\/www.medellin.gov.co\/es\/wp-content\/uploads\/2025\/03\/Comite-Seguridad-Aeronautica-2.jpg\" target=\"_blank\" rel=\"noopener\"><img aria-describedby=\"caption-attachment-389834\" loading=\"lazy\" class=\"wp-image-389834 size-full\" title=\"Distrito fortalece la seguridad a\u00e9rea con el primer Comit\u00e9 de Seguridad Aeron\u00e1utica Medell\u00edn 2025\" src=\"https:\/\/www.medellin.gov.co\/es\/wp-content\/uploads\/2025\/03\/Comite-Seguridad-Aeronautica-2.jpg\" alt=\"Distrito fortalece la seguridad a\u00e9rea con el primer Comit\u00e9 de Seguridad Aeron\u00e1utica Medell\u00edn 2025\" width=\"1280\" height=\"720\" srcset=\"https:\/\/www.medellin.gov.co\/es\/wp-content\/uploads\/2025\/03\/Comite-Seguridad-Aeronautica-2.jpg 1280w, https:\/\/www.medellin.gov.co\/es\/wp-content\/uploads\/2025\/03\/Comite-Seguridad-Aeronautica-2-300x169.jpg 300w, https:\/\/www.medellin.gov.co\/es\/wp-content\/uploads\/2025\/03\/Comite-Seguridad-Aeronautica-2-1024x576.jpg 1024w, https:\/\/www.medellin.gov.co\/es\/wp-content\/uploads\/2025\/03\/Comite-Seguridad-Aeronautica-2-150x84.jpg 150w, https:\/\/www.medellin.gov.co\/es\/wp-content\/uploads\/2025\/03\/Comite-Seguridad-Aeronautica-2-768x432.jpg 768w\" sizes=\"(max-width: 1280px) 100vw, 1280px\" \/><\/a><p id=\"caption-attachment-389834\" class=\"wp-caption-text\">Distrito fortalece la seguridad a\u00e9rea con el primer Comit\u00e9 de Seguridad Aeron\u00e1utica Medell\u00edn 2025 &#8211; Foto Alcald\u00eda de Medell\u00edn<\/p><\/div>\n<p>\u201c<em>El liderazgo del alcalde y la articulaci\u00f3n con la Fuerza Aeroespacial han permitido consolidar estrategias de vigilancia y control que refuerzan la seguridad a\u00e9rea. Seguiremos impulsando acciones contundentes para evitar que nuestros aeropuertos sean utilizados con fines il\u00edcitos y para garantizar la protecci\u00f3n de la ciudadan\u00eda<\/em>\u201d, precis\u00f3 el secretario de Seguridad y Convivencia, Manuel Villa Mej\u00eda.<\/p>\n<p>El comit\u00e9 est\u00e1 integrado por la Secretar\u00eda de Seguridad y Convivencia, el Comando A\u00e9reo de Combate No. 5 (CACOM 5), la aviaci\u00f3n del Ej\u00e9rcito, el Establecimiento P\u00fablico Aeropuerto Olaya Herrera, el Aeropuerto Olaya Herrera Airplane, la Aeron\u00e1utica Civil y la agencia HSI de la Embajada de Estados Unidos.<\/p>\n<div id=\"attachment_389833\" style=\"width: 1290px\" class=\"wp-caption alignnone\"><a href=\"https:\/\/www.medellin.gov.co\/es\/wp-content\/uploads\/2025\/03\/Comite-Seguridad-Aeronautica-3.jpg\" target=\"_blank\" rel=\"noopener\"><img aria-describedby=\"caption-attachment-389833\" loading=\"lazy\" class=\"wp-image-389833 size-full\" title=\"Distrito fortalece la seguridad a\u00e9rea con el primer Comit\u00e9 de Seguridad Aeron\u00e1utica Medell\u00edn 2025\" src=\"https:\/\/www.medellin.gov.co\/es\/wp-content\/uploads\/2025\/03\/Comite-Seguridad-Aeronautica-3.jpg\" alt=\"Distrito fortalece la seguridad a\u00e9rea con el primer Comit\u00e9 de Seguridad Aeron\u00e1utica Medell\u00edn 2025\" width=\"1280\" height=\"726\" srcset=\"https:\/\/www.medellin.gov.co\/es\/wp-content\/uploads\/2025\/03\/Comite-Seguridad-Aeronautica-3.jpg 1280w, https:\/\/www.medellin.gov.co\/es\/wp-content\/uploads\/2025\/03\/Comite-Seguridad-Aeronautica-3-300x170.jpg 300w, https:\/\/www.medellin.gov.co\/es\/wp-content\/uploads\/2025\/03\/Comite-Seguridad-Aeronautica-3-1024x581.jpg 1024w, https:\/\/www.medellin.gov.co\/es\/wp-content\/uploads\/2025\/03\/Comite-Seguridad-Aeronautica-3-150x85.jpg 150w, https:\/\/www.medellin.gov.co\/es\/wp-content\/uploads\/2025\/03\/Comite-Seguridad-Aeronautica-3-768x436.jpg 768w\" sizes=\"(max-width: 1280px) 100vw, 1280px\" \/><\/a><p id=\"caption-attachment-389833\" class=\"wp-caption-text\">Distrito fortalece la seguridad a\u00e9rea con el primer Comit\u00e9 de Seguridad Aeron\u00e1utica Medell\u00edn 2025 &#8211; Foto Alcald\u00eda de Medell\u00edn<\/p><\/div>\n<p>En 2024, durante la Operaci\u00f3n Atlas de Seguridad A\u00e9rea, se inspeccionaron m\u00e1s de 170 aeronaves y 62 hangares, lo que consolida a Medell\u00edn como una ciudad con estrategias efectivas para el control y la seguridad en el aire.<\/p>\n<p>La labor de CACOM 5 ha sido clave con acciones como Aurora, Hydra y Taurus. Se ha fortalecido el monitoreo, la detecci\u00f3n y la neutralizaci\u00f3n de amenazas en aeropuertos para que las operaciones a\u00e9reas cumplan con los m\u00e1s altos est\u00e1ndares de seguridad.<\/p>\n<p>\u201c<em>Cuando las autoridades trabajan de manera articulada, se tienen respuestas eficaces y contundentes frente a las amenazas que afectan nuestra comunidad. En 2025, fortaleceremos m\u00e1s la cooperaci\u00f3n con la Fuerza Aeroespacial y las entidades del Comit\u00e9 de Seguridad Aeron\u00e1utica para consolidar un sistema de seguridad operacional m\u00e1s robusto en Medell\u00edn<\/em>\u201d, concluy\u00f3 el secretario.<\/p>\n","protected":false},"excerpt":{"rendered":"<p>Ha contribuido con el monitoreo, la detecci\u00f3n y la neutralizaci\u00f3n de amenazas en aeropuertos controlados y no controlados. En 2024, la Operaci\u00f3n Atlas de Seguridad A\u00e9rea permiti\u00f3 la inspecci\u00f3n de m\u00e1s de 170 aeronaves y &#8230;<\/p>\n","protected":false},"author":21,"featured_media":389837,"comment_status":"open","ping_status":"open","sticky":false,"template":"","format":"standard","meta":[],"categories":[21],"tags":[619],"formato_nota":[],"programas_tax":[],"acf":[],"_links":{"self":[{"href":"https:\/\/www.medellin.gov.co\/es\/wp-json\/wp\/v2\/posts\/389890"}],"collection":[{"href":"https:\/\/www.medellin.gov.co\/es\/wp-json\/wp\/v2\/posts"}],"about":[{"href":"https:\/\/www.medellin.gov.co\/es\/wp-json\/wp\/v2\/types\/post"}],"author":[{"embeddable":true,"href":"https:\/\/www.medellin.gov.co\/es\/wp-json\/wp\/v2\/users\/21"}],"replies":[{"embeddable":true,"href":"https:\/\/www.medellin.gov.co\/es\/wp-json\/wp\/v2\/comments?post=389890"}],"version-history":[{"count":1,"href":"https:\/\/www.medellin.gov.co\/es\/wp-json\/wp\/v2\/posts\/389890\/revisions"}],"predecessor-version":[{"id":389893,"href":"https:\/\/www.medellin.gov.co\/es\/wp-json\/wp\/v2\/posts\/389890\/revisions\/389893"}],"wp:featuredmedia":[{"embeddable":true,"href":"https:\/\/www.medellin.gov.co\/es\/wp-json\/wp\/v2\/media\/389837"}],"wp:attachment":[{"href":"https:\/\/www.medellin.gov.co\/es\/wp-json\/wp\/v2\/media?parent=389890"}],"wp:term":[{"taxonomy":"category","embeddable":true,"href":"https:\/\/www.medellin.gov.co\/es\/wp-json\/wp\/v2\/categories?post=389890"},{"taxonomy":"post_tag","embeddable":true,"href":"https:\/\/www.medellin.gov.co\/es\/wp-json\/wp\/v2\/tags?post=389890"},{"taxonomy":"formato_nota","embeddable":true,"href":"https:\/\/www.medellin.gov.co\/es\/wp-json\/wp\/v2\/formato_nota?post=389890"},{"taxonomy":"programas_tax","embeddable":true,"href":"https:\/\/www.medellin.gov.co\/es\/wp-json\/wp\/v2\/programas_tax?post=389890"}],"curies":[{"name":"wp","href":"https:\/\/api.w.org\/{rel}","templated":true}]}}