{"id":390150,"date":"2025-03-05T15:45:30","date_gmt":"2025-03-05T20:45:30","guid":{"rendered":"https:\/\/www.medellin.gov.co\/es\/?p=390150"},"modified":"2025-03-05T15:45:30","modified_gmt":"2025-03-05T20:45:30","slug":"el-distrito-y-el-concejo-de-medellin-resaltan-la-labor-de-la-institucion-educativa-francisco-luis-hernandez-betancur-por-sus-100-anos","status":"publish","type":"post","link":"https:\/\/www.medellin.gov.co\/es\/sala-de-prensa\/noticias\/el-distrito-y-el-concejo-de-medellin-resaltan-la-labor-de-la-institucion-educativa-francisco-luis-hernandez-betancur-por-sus-100-anos\/","title":{"rendered":"El Distrito y el Concejo de Medell\u00edn resaltan la labor de la Instituci\u00f3n Educativa Francisco Luis Hern\u00e1ndez Betancur por sus 100 a\u00f1os"},"content":{"rendered":"<ul>\n<li>El martes 4 de marzo, la Instituci\u00f3n recibir\u00e1 un reconocimiento por parte de la Alcald\u00eda y el Concejo de Medell\u00edn, por su trabajo por la comunidad.<\/li>\n<\/ul>\n<!--[if lt IE 9]><script>document.createElement('audio');<\/script><![endif]-->\n\t<div class=\"wp-playlist wp-audio-playlist wp-playlist-light\">\n\t\t\t<div class=\"wp-playlist-current-item\"><\/div>\n\t\t<audio controls=\"controls\" preload=\"none\" width=\"640\"\n\t\t\t><\/audio>\n\t<div class=\"wp-playlist-next\"><\/div>\n\t<div class=\"wp-playlist-prev\"><\/div>\n\t<noscript>\n\t<ol>\n\t\t<li><a href='https:\/\/www.medellin.gov.co\/es\/wp-content\/uploads\/2025\/03\/IE-Francisco-Luis-Hernandez-Betancur-100-anos-01.mp3'>Palabras de Jorge Iv\u00e1n R\u00edos Rivera, subsecretario de la Prestaci\u00f3n del Servicio Educativo<\/a><\/li>\t<\/ol>\n\t<\/noscript>\n\t<script type=\"application\/json\" class=\"wp-playlist-script\">{\"type\":\"audio\",\"tracklist\":true,\"tracknumbers\":true,\"images\":true,\"artists\":true,\"tracks\":[{\"src\":\"https:\\\/\\\/www.medellin.gov.co\\\/es\\\/wp-content\\\/uploads\\\/2025\\\/03\\\/IE-Francisco-Luis-Hernandez-Betancur-100-anos-01.mp3\",\"type\":\"audio\\\/mpeg\",\"title\":\"Palabras de Jorge Iv\\u00e1n R\\u00edos Rivera, subsecretario de la Prestaci\\u00f3n del Servicio Educativo\",\"caption\":\"\",\"description\":\"\\u00abPalabras de Jorge Iv\\u00e1n R\\u00edos Rivera, subsecretario de la Prestaci\\u00f3n del Servicio Educativo\\u00bb.\",\"meta\":{\"length_formatted\":\"0:37\"},\"image\":{\"src\":\"https:\\\/\\\/www.medellin.gov.co\\\/es\\\/wp-includes\\\/images\\\/media\\\/audio.png\",\"width\":48,\"height\":64},\"thumb\":{\"src\":\"https:\\\/\\\/www.medellin.gov.co\\\/es\\\/wp-includes\\\/images\\\/media\\\/audio.png\",\"width\":48,\"height\":64}}]}<\/script>\n<\/div>\n\t\n<p>El 2025 marca un siglo de historia para la Instituci\u00f3n Educativa Francisco Luis Hern\u00e1ndez Betancur, que desde su proclamaci\u00f3n oficial en 1925 ha sido un referente en la educaci\u00f3n y la inclusi\u00f3n social en Medell\u00edn. Durante estos 100 a\u00f1os, ha impactado positivamente la vida de miles de ni\u00f1as, ni\u00f1os y j\u00f3venes, brind\u00e1ndoles herramientas para construir un futuro con m\u00e1s oportunidades y contribuir al desarrollo de la ciudad.<\/p>\n<p>Por algunos a\u00f1os el docente Francisco Luis Hern\u00e1ndez Betancur indag\u00f3 sobre la formaci\u00f3n para personas con discapacidad y en 1925, obtuvo que, por la ordenanza #6 del 2 de marzo, se creara su m\u00e1s grande proyecto, la fundaci\u00f3n de una escuela destinada a la educaci\u00f3n de ni\u00f1os con dificultades auditivas, del habla y de visi\u00f3n.<\/p>\n<p>Para iniciar labores, Francisco Luis cont\u00f3 con la colaboraci\u00f3n de los directivos de la Normal Superior de Varones, quienes le permitieron usar las instalaciones para dictar all\u00ed sus clases; en el primer a\u00f1o se matricularon seis ni\u00f1os sordos y seis ciegos. Con estos 12 ni\u00f1os Francisco Luis empez\u00f3 a moldear su sue\u00f1o.<\/p>\n<p>Actualmente, esta Instituci\u00f3n ofrece educaci\u00f3n formal a m\u00e1s de 900 estudiantes en los niveles de preescolar, b\u00e1sica y media, de los cuales 245 tienen alguna condici\u00f3n de discapacidad o trastornos del aprendizaje. Por ello, la instituci\u00f3n est\u00e1 encaminada a promover en los estudiantes el respeto, valoraci\u00f3n y aceptaci\u00f3n de la diferencia.<\/p>\n<div id=\"attachment_390109\" style=\"width: 1290px\" class=\"wp-caption alignnone\"><a href=\"https:\/\/www.medellin.gov.co\/es\/wp-content\/uploads\/2025\/03\/IE-Francisco-Luis-Hernandez-Betancur-100-anos-2.jpg\" target=\"_blank\" rel=\"noopener\"><img aria-describedby=\"caption-attachment-390109\" loading=\"lazy\" class=\"wp-image-390109 size-full\" title=\"El Distrito y el Concejo de Medell\u00edn resaltan la labor de la Instituci\u00f3n Educativa Francisco Luis Hern\u00e1ndez Betancur por sus 100 a\u00f1os\" src=\"https:\/\/www.medellin.gov.co\/es\/wp-content\/uploads\/2025\/03\/IE-Francisco-Luis-Hernandez-Betancur-100-anos-2.jpg\" alt=\"El Distrito y el Concejo de Medell\u00edn resaltan la labor de la Instituci\u00f3n Educativa Francisco Luis Hern\u00e1ndez Betancur por sus 100 a\u00f1os\" width=\"1280\" height=\"720\" srcset=\"https:\/\/www.medellin.gov.co\/es\/wp-content\/uploads\/2025\/03\/IE-Francisco-Luis-Hernandez-Betancur-100-anos-2.jpg 1280w, https:\/\/www.medellin.gov.co\/es\/wp-content\/uploads\/2025\/03\/IE-Francisco-Luis-Hernandez-Betancur-100-anos-2-300x169.jpg 300w, https:\/\/www.medellin.gov.co\/es\/wp-content\/uploads\/2025\/03\/IE-Francisco-Luis-Hernandez-Betancur-100-anos-2-1024x576.jpg 1024w, https:\/\/www.medellin.gov.co\/es\/wp-content\/uploads\/2025\/03\/IE-Francisco-Luis-Hernandez-Betancur-100-anos-2-150x84.jpg 150w, https:\/\/www.medellin.gov.co\/es\/wp-content\/uploads\/2025\/03\/IE-Francisco-Luis-Hernandez-Betancur-100-anos-2-768x432.jpg 768w\" sizes=\"(max-width: 1280px) 100vw, 1280px\" \/><\/a><p id=\"caption-attachment-390109\" class=\"wp-caption-text\">El Distrito y el Concejo de Medell\u00edn resaltan la labor de la Instituci\u00f3n Educativa Francisco Luis Hern\u00e1ndez Betancur por sus 100 a\u00f1os- Foto Alcald\u00eda de Medell\u00edn<\/p><\/div>\n<p>\u201c<em>Desde el Distrito es realmente importante que una instituci\u00f3n para la inclusi\u00f3n cumpla 100 a\u00f1os. Por m\u00e1s de un siglo, ni\u00f1os, ni\u00f1as y j\u00f3venes han encontrado all\u00ed una oportunidad para el desarrollo de sus capacidades. Hoy estamos de fiesta porque la Francisco Luis Hern\u00e1ndez ha concretado ese proyecto a lo largo de estos 100 a\u00f1os<\/em>\u201d, resalt\u00f3 el subsecretario de la Prestaci\u00f3n del Servicio Educativo, Jorge Iv\u00e1n R\u00edos Rivera.<\/p>\n<p>Trabaja adem\u00e1s en la proyecci\u00f3n socio-cultural, la inclusi\u00f3n de las diferentes poblaciones con el proyecto de convivencia escolar y educaci\u00f3n sexual, tiempo libre y apoyo de formaci\u00f3n deportiva a todas las poblaciones; adem\u00e1s realiza el acompa\u00f1amiento a las familias, el desarrollo de la lectura y escritura de la comunidad educativa, fortalece los procesos culturales e investigativos y articula procesos formativos t\u00e9cnicos con el Servicio Nacional de Aprendizaje SENA.<\/p>\n<p>Las actividades conmemorativas por los 100 a\u00f1os de la instituci\u00f3n comenzaron con un homenaje oficial por parte de la Alcald\u00eda y el Concejo de Medell\u00edn. El evento tuvo lugar el martes 4 de marzo a las 3:00 p. m. en las instalaciones del Concejo.<\/p>\n<p>La instituci\u00f3n recibi\u00f3 una distinci\u00f3n por parte de la Alcald\u00eda por su contribuci\u00f3n al desarrollo de la ciudad y mejorar la calidad de vida de su comunidad educativa. Asimismo, el Concejo de Medell\u00edn le entreg\u00f3 el m\u00e9rito Don Juan del Corral, que es un agradecimiento de la ciudad, a la labor realizada durante este centenario.<\/p>\n<div id=\"attachment_390110\" style=\"width: 1290px\" class=\"wp-caption alignnone\"><a href=\"https:\/\/www.medellin.gov.co\/es\/wp-content\/uploads\/2025\/03\/IE-Francisco-Luis-Hernandez-Betancur-100-anos-3.jpg\" target=\"_blank\" rel=\"noopener\"><img aria-describedby=\"caption-attachment-390110\" loading=\"lazy\" class=\"wp-image-390110 size-full\" title=\"El Distrito y el Concejo de Medell\u00edn resaltan la labor de la Instituci\u00f3n Educativa Francisco Luis Hern\u00e1ndez Betancur por sus 100 a\u00f1os\" src=\"https:\/\/www.medellin.gov.co\/es\/wp-content\/uploads\/2025\/03\/IE-Francisco-Luis-Hernandez-Betancur-100-anos-3.jpg\" alt=\"El Distrito y el Concejo de Medell\u00edn resaltan la labor de la Instituci\u00f3n Educativa Francisco Luis Hern\u00e1ndez Betancur por sus 100 a\u00f1os\" width=\"1280\" height=\"720\" srcset=\"https:\/\/www.medellin.gov.co\/es\/wp-content\/uploads\/2025\/03\/IE-Francisco-Luis-Hernandez-Betancur-100-anos-3.jpg 1280w, https:\/\/www.medellin.gov.co\/es\/wp-content\/uploads\/2025\/03\/IE-Francisco-Luis-Hernandez-Betancur-100-anos-3-300x169.jpg 300w, https:\/\/www.medellin.gov.co\/es\/wp-content\/uploads\/2025\/03\/IE-Francisco-Luis-Hernandez-Betancur-100-anos-3-1024x576.jpg 1024w, https:\/\/www.medellin.gov.co\/es\/wp-content\/uploads\/2025\/03\/IE-Francisco-Luis-Hernandez-Betancur-100-anos-3-150x84.jpg 150w, https:\/\/www.medellin.gov.co\/es\/wp-content\/uploads\/2025\/03\/IE-Francisco-Luis-Hernandez-Betancur-100-anos-3-768x432.jpg 768w\" sizes=\"(max-width: 1280px) 100vw, 1280px\" \/><\/a><p id=\"caption-attachment-390110\" class=\"wp-caption-text\">El Distrito y el Concejo de Medell\u00edn resaltan la labor de la Instituci\u00f3n Educativa Francisco Luis Hern\u00e1ndez Betancur por sus 100 a\u00f1os- Foto Alcald\u00eda de Medell\u00edn<\/p><\/div>\n<p>\u201c<em>Son 100 a\u00f1os de trayectoria, 100 a\u00f1os de vida para una instituci\u00f3n que viene haciendo educaci\u00f3n de una manera diferente, una instituci\u00f3n que no ve discapacidades ni limitaciones, sino capacidades diversas y otras formas de trabajar, otras maneras de escuchar y de ver, desde preescolar hasta grado once<\/em>\u201d, manifest\u00f3 el rector de la I. E. Francisco Luis Hern\u00e1ndez Betancur, Gabriel Castillo Col\u00f3n.<\/p>\n<p>Durante este a\u00f1o, la Instituci\u00f3n realizar\u00e1 acciones para destacar los logros alcanzados, la evoluci\u00f3n de sus programas y el compromiso de seguir transformando vidas a trav\u00e9s de la educaci\u00f3n y la inclusi\u00f3n.<\/p>\n<p>Los eventos conmemorativos ser\u00e1n espacios para reconocer a las personas e instituciones que han sido clave en este siglo. A trav\u00e9s de foros, encuentros y actividades pedag\u00f3gicas, se promover\u00e1 la reflexi\u00f3n sobre los desaf\u00edos y oportunidades en la educaci\u00f3n inclusiva para las pr\u00f3ximas generaciones.<\/p>\n<p>Con esta celebraci\u00f3n, la instituci\u00f3n reafirma su misi\u00f3n de trabajar por una sociedad m\u00e1s equitativa e inclusiva, impulsando iniciativas que respondan a los retos del presente y del futuro.<\/p>\n","protected":false},"excerpt":{"rendered":"<p>El martes 4 de marzo, la Instituci\u00f3n recibir\u00e1 un reconocimiento por parte de la Alcald\u00eda y el Concejo de Medell\u00edn, por su trabajo por la comunidad. El 2025 marca un siglo de historia para la &#8230;<\/p>\n","protected":false},"author":21,"featured_media":390112,"comment_status":"open","ping_status":"open","sticky":false,"template":"","format":"standard","meta":[],"categories":[4],"tags":[431],"formato_nota":[],"programas_tax":[],"acf":[],"_links":{"self":[{"href":"https:\/\/www.medellin.gov.co\/es\/wp-json\/wp\/v2\/posts\/390150"}],"collection":[{"href":"https:\/\/www.medellin.gov.co\/es\/wp-json\/wp\/v2\/posts"}],"about":[{"href":"https:\/\/www.medellin.gov.co\/es\/wp-json\/wp\/v2\/types\/post"}],"author":[{"embeddable":true,"href":"https:\/\/www.medellin.gov.co\/es\/wp-json\/wp\/v2\/users\/21"}],"replies":[{"embeddable":true,"href":"https:\/\/www.medellin.gov.co\/es\/wp-json\/wp\/v2\/comments?post=390150"}],"version-history":[{"count":1,"href":"https:\/\/www.medellin.gov.co\/es\/wp-json\/wp\/v2\/posts\/390150\/revisions"}],"predecessor-version":[{"id":390154,"href":"https:\/\/www.medellin.gov.co\/es\/wp-json\/wp\/v2\/posts\/390150\/revisions\/390154"}],"wp:featuredmedia":[{"embeddable":true,"href":"https:\/\/www.medellin.gov.co\/es\/wp-json\/wp\/v2\/media\/390112"}],"wp:attachment":[{"href":"https:\/\/www.medellin.gov.co\/es\/wp-json\/wp\/v2\/media?parent=390150"}],"wp:term":[{"taxonomy":"category","embeddable":true,"href":"https:\/\/www.medellin.gov.co\/es\/wp-json\/wp\/v2\/categories?post=390150"},{"taxonomy":"post_tag","embeddable":true,"href":"https:\/\/www.medellin.gov.co\/es\/wp-json\/wp\/v2\/tags?post=390150"},{"taxonomy":"formato_nota","embeddable":true,"href":"https:\/\/www.medellin.gov.co\/es\/wp-json\/wp\/v2\/formato_nota?post=390150"},{"taxonomy":"programas_tax","embeddable":true,"href":"https:\/\/www.medellin.gov.co\/es\/wp-json\/wp\/v2\/programas_tax?post=390150"}],"curies":[{"name":"wp","href":"https:\/\/api.w.org\/{rel}","templated":true}]}}