{"id":391665,"date":"2025-03-11T09:33:01","date_gmt":"2025-03-11T14:33:01","guid":{"rendered":"https:\/\/www.medellin.gov.co\/es\/?p=391665"},"modified":"2025-03-11T09:33:01","modified_gmt":"2025-03-11T14:33:01","slug":"de-vivir-en-la-calle-a-cuidar-las-quebradas-de-medellin-el-es-jonathan-el-guardian-de-la-esperanza","status":"publish","type":"post","link":"https:\/\/www.medellin.gov.co\/es\/sala-de-prensa\/noticias\/de-vivir-en-la-calle-a-cuidar-las-quebradas-de-medellin-el-es-jonathan-el-guardian-de-la-esperanza\/","title":{"rendered":"De vivir en la calle a cuidar las quebradas de Medell\u00edn: \u00e9l es Jonathan, el guardi\u00e1n de la esperanza"},"content":{"rendered":"<blockquote><p>Jonathan Rojas vivi\u00f3 en la calle durante varios a\u00f1os. Gracias a las oportunidades que brinda la Alcald\u00eda de Medell\u00edn, se resocializ\u00f3 y ahora trabaja como guardaquebradas protegiendo el medio ambiente.<\/p><\/blockquote>\n<p>Su carisma y su poderosa energ\u00eda ocultan las durezas de su vida. No revelan las largas noches tirado en andenes de bodegas ni las dos pu\u00f1aladas que recibi\u00f3 ni la zozobra suprema a la intemperie en tiempos de pandemia.<\/p>\n<p>Parado junto a la quebrada Altavista, al frente de la Instituci\u00f3n Educativa Yermo y Parres de Bel\u00e9n, occidente de Medell\u00edn, Jonathan Alex\u00e1nder Rojas Valencia recuerda su infancia en Caldas (Antioquia), la adrenalina de hace unos a\u00f1os, las horas tenebrosas en las calles y la resurrecci\u00f3n desde que empez\u00f3 el proceso de resocializaci\u00f3n con la <a href=\"https:\/\/www.medellin.gov.co\/es\/\" target=\"_blank\" rel=\"noopener\">Alcald\u00eda de Medell\u00edn<\/a>, hasta ahora que trabaja como guardaquebradas \u2013otro programa del Distrito\u2013 y entonces su mirada profunda transmite esperanza.<\/p>\n<p><div class=\"iframe-container\"><iframe title=\"YouTube video player\" src=\"https:\/\/www.youtube.com\/embed\/PQPUSPHMWXM?si=8o5cDpI7zIH04qaF\" width=\"100%\" height=\"315\" frameborder=\"0\" allowfullscreen=\"allowfullscreen\"><span data-mce-type=\"bookmark\" style=\"display: inline-block; width: 0px; overflow: hidden; line-height: 0;\" class=\"mce_SELRES_start\">\ufeff<\/span><\/iframe><\/div><\/p>\n<p>El hombre de 35 a\u00f1os, ojos verdes y aretas de cruces colgantes, suspende por un rato su labor como guardi\u00e1n tipo A, en la que estaba limpiando las orillas de la quebrada, para hablar de su historia.<\/p>\n<h4><strong><em>\u201cFue una decisi\u00f3n personal\u201d<\/em><\/strong><\/h4>\n<p>Sus padres, Luz Dary y John Fredy, ya murieron. Tiene tres hermanos y vive en el barrio Obrero de Copacabana, norte del Valle de Aburr\u00e1, con una t\u00eda y otros familiares. Toma el metro o rutas integradas para llegar a una de las 4217 quebradas de Medell\u00edn. Los guardaquebradas rotan: una jornada en un afluente, al d\u00eda siguiente en otro y as\u00ed.<\/p>\n<div id=\"attachment_391668\" style=\"width: 1034px\" class=\"wp-caption alignnone\"><img aria-describedby=\"caption-attachment-391668\" loading=\"lazy\" class=\"size-full wp-image-391668\" src=\"https:\/\/www.medellin.gov.co\/es\/wp-content\/uploads\/2025\/03\/Imagen-de-Jonathan-con-guantes-sembrando.jpg\" alt=\"Imagen de Jonathan con guantes limpiando\" width=\"1024\" height=\"768\" srcset=\"https:\/\/www.medellin.gov.co\/es\/wp-content\/uploads\/2025\/03\/Imagen-de-Jonathan-con-guantes-sembrando.jpg 1024w, https:\/\/www.medellin.gov.co\/es\/wp-content\/uploads\/2025\/03\/Imagen-de-Jonathan-con-guantes-sembrando-300x225.jpg 300w, https:\/\/www.medellin.gov.co\/es\/wp-content\/uploads\/2025\/03\/Imagen-de-Jonathan-con-guantes-sembrando-150x113.jpg 150w, https:\/\/www.medellin.gov.co\/es\/wp-content\/uploads\/2025\/03\/Imagen-de-Jonathan-con-guantes-sembrando-768x576.jpg 768w\" sizes=\"(max-width: 1024px) 100vw, 1024px\" \/><p id=\"caption-attachment-391668\" class=\"wp-caption-text\">Jonathan es guardi\u00e1n tipo A: limpia residuos, trabaja en paisajismo y embellecimiento de los bordes de las quebradas.<\/p><\/div>\n<p>Es una nueva vida la de Jonathan, muy distinta a la de hace 14 a\u00f1os, \u00e9poca de rumba en la que prob\u00f3 la marihuana y le gust\u00f3 mucho; luego, la coca\u00edna y el abismo.<\/p>\n<p>Primero fue el ensayo. Despu\u00e9s, el consumo cotidiano de ambas sustancias. Una vez, en Itag\u00fc\u00ed, casi encuentra la muerte cuando dos sujetos le propinaron dos pu\u00f1aladas y le causaron una herida vertebral y otra pulmonar.<\/p>\n<p>Ten\u00eda 23 a\u00f1os cuando sali\u00f3 de Caldas y se radic\u00f3 en el sector Estadio de la capital antioque\u00f1a. Cada vez m\u00e1s ambiente nocturno, m\u00e1s rumba, hasta que el asfalto se lo trag\u00f3.<\/p>\n<p>De 27 a\u00f1os se volvi\u00f3 habitante de calle. <em>\u201cFue una decisi\u00f3n personal\u201d,<\/em> apunta. Las afueras de las bodegas de las zonas industriales de Guayabal y Bel\u00e9n se convirtieron en su \u201chogar\u201d.<\/p>\n<div id=\"attachment_391670\" style=\"width: 1034px\" class=\"wp-caption alignnone\"><img aria-describedby=\"caption-attachment-391670\" loading=\"lazy\" class=\"size-full wp-image-391670\" src=\"https:\/\/www.medellin.gov.co\/es\/wp-content\/uploads\/2025\/03\/Imagen-de-jonathan-sembrando.jpg\" alt=\"Imagen de Jonathan sembrando\" width=\"1024\" height=\"768\" srcset=\"https:\/\/www.medellin.gov.co\/es\/wp-content\/uploads\/2025\/03\/Imagen-de-jonathan-sembrando.jpg 1024w, https:\/\/www.medellin.gov.co\/es\/wp-content\/uploads\/2025\/03\/Imagen-de-jonathan-sembrando-300x225.jpg 300w, https:\/\/www.medellin.gov.co\/es\/wp-content\/uploads\/2025\/03\/Imagen-de-jonathan-sembrando-150x113.jpg 150w, https:\/\/www.medellin.gov.co\/es\/wp-content\/uploads\/2025\/03\/Imagen-de-jonathan-sembrando-768x576.jpg 768w\" sizes=\"(max-width: 1024px) 100vw, 1024px\" \/><p id=\"caption-attachment-391670\" class=\"wp-caption-text\">Jonathan tambi\u00e9n siembra \u00e1rboles en las orillas de las quebradas, hace tareas de educaci\u00f3n comunitaria y movilizaci\u00f3n ciudadana para el cuidado y protecci\u00f3n de las fuentes h\u00eddricas.<\/p><\/div>\n<h4><strong>D\u00edas grises<\/strong><\/h4>\n<p>Trabaj\u00f3 reciclando. Adem\u00e1s, barr\u00eda los andenes de restaurantes y como pago recib\u00eda desayuno y almuerzo. <em>\u201cNos se\u00f1alan como ladrones, pero nunca tuve que robar. Siempre aprend\u00ed a trabajar. No se puede juzgar ni se\u00f1alar al habitante de calle. En Guayabal y Bel\u00e9n me quer\u00edan, ayud\u00e1bamos a cuidar carros\u201d, <\/em>dice.<\/p>\n<p>Tambi\u00e9n compraba alimentos en la <a href=\"https:\/\/www.lamayorista.com.co\/\" target=\"_blank\" rel=\"noopener\">Central Mayorista<\/a> y los cocinaba en un fog\u00f3n de petr\u00f3leo en una acera. <em>\u201cCon otros habitantes de calle compart\u00eda solamente para cocinar y comer, porque si uno va a vivir en la calle es solo, uno se responsabiliza de sus actos\u201d,<\/em> expresa.<\/p>\n<p>La experiencia m\u00e1s dif\u00edcil para \u00e9l fue entre 2020 y 2022, durante la pandemia de covid-19: <em>\u201cVe\u00eda compa\u00f1eros que ca\u00edan en la calle y sangraban por la nariz; los restaurantes estaban cerrados\u201d.<\/em><\/p>\n<div id=\"attachment_391671\" style=\"width: 1034px\" class=\"wp-caption alignnone\"><img aria-describedby=\"caption-attachment-391671\" loading=\"lazy\" class=\"size-full wp-image-391671\" src=\"https:\/\/www.medellin.gov.co\/es\/wp-content\/uploads\/2025\/03\/Imagen-de-funcionarios-con-gafas.jpg\" alt=\"Imagen de funcionarios con gafas\" width=\"1024\" height=\"682\" srcset=\"https:\/\/www.medellin.gov.co\/es\/wp-content\/uploads\/2025\/03\/Imagen-de-funcionarios-con-gafas.jpg 1024w, https:\/\/www.medellin.gov.co\/es\/wp-content\/uploads\/2025\/03\/Imagen-de-funcionarios-con-gafas-300x200.jpg 300w, https:\/\/www.medellin.gov.co\/es\/wp-content\/uploads\/2025\/03\/Imagen-de-funcionarios-con-gafas-150x100.jpg 150w, https:\/\/www.medellin.gov.co\/es\/wp-content\/uploads\/2025\/03\/Imagen-de-funcionarios-con-gafas-768x512.jpg 768w\" sizes=\"(max-width: 1024px) 100vw, 1024px\" \/><p id=\"caption-attachment-391671\" class=\"wp-caption-text\">Compa\u00f1eros de Jonathan Rojas en el programa Guardaquebradas de la Alcald\u00eda de Medell\u00edn.<\/p><\/div>\n<p>Hasta que decidi\u00f3 dejar la calle. <em>\u201cYa estaba cansado, quer\u00eda una oportunidad\u201d, <\/em>cuenta<em>. \u201cPor eso, de una vez me fui con ellos <\/em>(servidores de la <a href=\"https:\/\/www.medellin.gov.co\/es\/secretaria-de-inclusion-social-y-familia\/\" target=\"_blank\" rel=\"noopener\">Secretar\u00eda de Inclusi\u00f3n Social<\/a> de la Alcald\u00eda de Medell\u00edn)<em> para el patio 2 de Centro D\u00eda\u201d.<\/em><\/p>\n<h4><strong>La resocializaci\u00f3n<\/strong><\/h4>\n<p>En Centro D\u00eda estuvo 43 d\u00edas. All\u00e1 recibi\u00f3 atenci\u00f3n b\u00e1sica y comenz\u00f3 el preproceso de resocializaci\u00f3n, en el que los profesionales de la Alcald\u00eda analizan los comportamientos de quienes quieren otro tipo de vida. Son personas que, voluntariamente, dejan la calle y llegan a Centro D\u00eda en busca de empezar a recorrer nuevos caminos. En esta ruta son fundamentales los centros de atenci\u00f3n b\u00e1sica.<\/p>\n<p>Luego pas\u00f3 al semiabierto en el parque Juanes de la Paz, donde, de 7:00 a. m. a 3:00 p. m., particip\u00f3 con otras 50 personas o m\u00e1s en jornadas educativas con el <a href=\"https:\/\/www.sena.edu.co\/es-co\/Paginas\/default.aspx\" target=\"_blank\" rel=\"noopener\">SENA<\/a>, lectura en la biblioteca de Castilla, pel\u00edculas, espacios con el Inder.<\/p>\n<div id=\"attachment_391672\" style=\"width: 1034px\" class=\"wp-caption alignnone\"><img aria-describedby=\"caption-attachment-391672\" loading=\"lazy\" class=\"size-full wp-image-391672\" src=\"https:\/\/www.medellin.gov.co\/es\/wp-content\/uploads\/2025\/03\/Foto-de-espalda-de-guarda.jpg\" alt=\"Foto de espalda de guarda\" width=\"1024\" height=\"682\" srcset=\"https:\/\/www.medellin.gov.co\/es\/wp-content\/uploads\/2025\/03\/Foto-de-espalda-de-guarda.jpg 1024w, https:\/\/www.medellin.gov.co\/es\/wp-content\/uploads\/2025\/03\/Foto-de-espalda-de-guarda-300x200.jpg 300w, https:\/\/www.medellin.gov.co\/es\/wp-content\/uploads\/2025\/03\/Foto-de-espalda-de-guarda-150x100.jpg 150w, https:\/\/www.medellin.gov.co\/es\/wp-content\/uploads\/2025\/03\/Foto-de-espalda-de-guarda-768x512.jpg 768w\" sizes=\"(max-width: 1024px) 100vw, 1024px\" \/><p id=\"caption-attachment-391672\" class=\"wp-caption-text\">La Secretar\u00eda de Medio Ambiente coordina Guardaquebradas, primer programa integral para el cuidado h\u00eddrico en Medell\u00edn.<\/p><\/div>\n<p>De 3:00 p. m. a 6:00 p. m. quedaban libres, lapso que constitu\u00eda una especie de reto en el que ellos med\u00edan su fuerza de voluntad para continuar en el proceso. Y pasaba las noches en dormitorios sociales ubicados en la calle La Alhambra, en el Centro.<\/p>\n<p>Ya resocializado dice: <em>\u201cFue muy duro acoplarme al programa, pero no me gusta abandonar las cosas y segu\u00ed. Hay profesionales muy capacitados en resocializaci\u00f3n, siempre estaban pendientes de m\u00ed. Hice dos veces el proceso de desintoxicaci\u00f3n con Carisma\u201d.<\/em><\/p>\n<p>El proceso de resocializaci\u00f3n dur\u00f3 un a\u00f1o y el acto de graduaci\u00f3n fue el 30 de enero de 2025 en Plaza de la Libertad. Sin embargo, desde antes, 16 de noviembre de 2024, comenz\u00f3 a trabajar como guardaquebradas, oficio en el que afirma: <em>\u201cme gusta colaborar con el medio ambiente, cuidar y conservar el agua. Una de las mayores motivaciones de haber entrado al programa de resocializaci\u00f3n era poder volver a entrar al campo laboral. Estoy muy agradecido con la Alcald\u00eda de Medell\u00edn\u201d.<\/em><\/p>\n<div id=\"attachment_391673\" style=\"width: 1034px\" class=\"wp-caption alignnone\"><img aria-describedby=\"caption-attachment-391673\" loading=\"lazy\" class=\"size-full wp-image-391673\" src=\"https:\/\/www.medellin.gov.co\/es\/wp-content\/uploads\/2025\/03\/Imagen-de-la-graduacion-de-Jonathan.jpg\" alt=\"Imagen de la graduaci\u00f3n de Jonathan\" width=\"1024\" height=\"673\" srcset=\"https:\/\/www.medellin.gov.co\/es\/wp-content\/uploads\/2025\/03\/Imagen-de-la-graduacion-de-Jonathan.jpg 1024w, https:\/\/www.medellin.gov.co\/es\/wp-content\/uploads\/2025\/03\/Imagen-de-la-graduacion-de-Jonathan-300x197.jpg 300w, https:\/\/www.medellin.gov.co\/es\/wp-content\/uploads\/2025\/03\/Imagen-de-la-graduacion-de-Jonathan-150x99.jpg 150w, https:\/\/www.medellin.gov.co\/es\/wp-content\/uploads\/2025\/03\/Imagen-de-la-graduacion-de-Jonathan-768x505.jpg 768w\" sizes=\"(max-width: 1024px) 100vw, 1024px\" \/><p id=\"caption-attachment-391673\" class=\"wp-caption-text\">En primera fila, empezando a la izquierda, est\u00e1 Jonathan en la graduaci\u00f3n de su resocializaci\u00f3n, el 30 de enero de 2025.<\/p><\/div>\n<h4><strong>Acompa\u00f1amiento integral<\/strong><\/h4>\n<p>La Secretar\u00eda de Inclusi\u00f3n Social y Familia de la Alcald\u00eda coordina el Sistema Habitante de Calle. El 30 de enero de 2025 se graduaron 45 personas en resocializaci\u00f3n. De ellas, 34 accedieron a oportunidades de trabajo gracias al esfuerzo de dependencias y entidades como las secretar\u00edas de Inclusi\u00f3n Social y Familia y Medio Ambiente, la Oficina P\u00fablica de Empleo del Distrito, el Jard\u00edn Bot\u00e1nico, el <a href=\"https:\/\/www.itm.edu.co\/\" target=\"_blank\" rel=\"noopener\">ITM<\/a> y la Corporaci\u00f3n Nuevos Ideales. Desempe\u00f1an roles de chef, operario de aseo, trabajador de construcci\u00f3n, administrador de hotel, guardaquebradas, jardinero, gu\u00eda educativo y gestor ambiental.<\/p>\n<p>El proceso comienza con atenci\u00f3n b\u00e1sica en calle y se complementa con acciones especializadas de deshabituaci\u00f3n y consumo, formaci\u00f3n en competencias laborales, emprendimiento, apoyo en la b\u00fasqueda de empleo y seguimiento, que es un acompa\u00f1amiento a los egresados en su integraci\u00f3n social y familiar para fortalecer su autonom\u00eda.<\/p>\n<div id=\"attachment_391674\" style=\"width: 1034px\" class=\"wp-caption alignnone\"><img aria-describedby=\"caption-attachment-391674\" loading=\"lazy\" class=\"size-full wp-image-391674\" src=\"https:\/\/www.medellin.gov.co\/es\/wp-content\/uploads\/2025\/03\/Foto-del-alcalde-saludando-a-los-guardas.jpg\" alt=\"Foto del alcalde saludando a los guardas\" width=\"1024\" height=\"682\" srcset=\"https:\/\/www.medellin.gov.co\/es\/wp-content\/uploads\/2025\/03\/Foto-del-alcalde-saludando-a-los-guardas.jpg 1024w, https:\/\/www.medellin.gov.co\/es\/wp-content\/uploads\/2025\/03\/Foto-del-alcalde-saludando-a-los-guardas-300x200.jpg 300w, https:\/\/www.medellin.gov.co\/es\/wp-content\/uploads\/2025\/03\/Foto-del-alcalde-saludando-a-los-guardas-150x100.jpg 150w, https:\/\/www.medellin.gov.co\/es\/wp-content\/uploads\/2025\/03\/Foto-del-alcalde-saludando-a-los-guardas-768x512.jpg 768w\" sizes=\"(max-width: 1024px) 100vw, 1024px\" \/><p id=\"caption-attachment-391674\" class=\"wp-caption-text\">El alcalde de Medell\u00edn, Federico Guti\u00e9rrez, visitando a un grupo de guardaquebradas.<\/p><\/div>\n<p>En palabras de la secretaria de Inclusi\u00f3n Social y Familia, Sandra S\u00e1nchez: <em>\u201clos acompa\u00f1amos mediante un proceso integral, psicosocial, ocupacional, de bienestar y salud, que hoy nos da cuenta de su firmeza, su convicci\u00f3n, de esas ganas de salir adelante. En Medell\u00edn, como dice nuestro alcalde, Federico Guti\u00e9rrez, el que quiere, ac\u00e1 estamos para ayudarlo a salir adelante\u201d.<\/em><\/p>\n<p>En este momento, 129 hombres y mujeres est\u00e1n en proceso en los programas de resocializaci\u00f3n.<\/p>\n<h4><strong>Cuidadores de los afluentes<\/strong><\/h4>\n<p>Por su parte, la Secretar\u00eda de Medio Ambiente coordina Guardaquebradas, primer programa integral para el cuidado h\u00eddrico en Medell\u00edn. Fomenta la conservaci\u00f3n de los afluentes, la inclusi\u00f3n social, la gesti\u00f3n del riesgo y la generaci\u00f3n de empleos verdes.<\/p>\n<p>El programa incorpor\u00f3 a 114 empleados: 21 t\u00e9cnicos y 93 guardianes de quebradas, vinculados a trav\u00e9s de un convenio con la Fundaci\u00f3n Universidad de Antioquia. Dentro de este equipo, 23 son representantes de comunidades ind\u00edgenas, como los emberas kat\u00edos, emberas cham\u00edes y zen\u00faes; cinco guardianes son parte de los programas de la Secretar\u00eda de Inclusi\u00f3n Social y Familia, como el de resocializaci\u00f3n; dos son integrantes del programa Parceros de la Secretar\u00eda de Seguridad y Convivencia y seis son mayores de 54 a\u00f1os, quienes han encontrado una oportunidad para dar continuidad a su vida laboral.<\/p>\n<div id=\"attachment_391676\" style=\"width: 1034px\" class=\"wp-caption alignnone\"><img aria-describedby=\"caption-attachment-391676\" loading=\"lazy\" class=\"size-full wp-image-391676\" src=\"https:\/\/www.medellin.gov.co\/es\/wp-content\/uploads\/2025\/03\/Imagen-de-mujer-sembrando.jpg\" alt=\"Imagen de mujer sembrando\" width=\"1024\" height=\"768\" srcset=\"https:\/\/www.medellin.gov.co\/es\/wp-content\/uploads\/2025\/03\/Imagen-de-mujer-sembrando.jpg 1024w, https:\/\/www.medellin.gov.co\/es\/wp-content\/uploads\/2025\/03\/Imagen-de-mujer-sembrando-300x225.jpg 300w, https:\/\/www.medellin.gov.co\/es\/wp-content\/uploads\/2025\/03\/Imagen-de-mujer-sembrando-150x113.jpg 150w, https:\/\/www.medellin.gov.co\/es\/wp-content\/uploads\/2025\/03\/Imagen-de-mujer-sembrando-768x576.jpg 768w\" sizes=\"(max-width: 1024px) 100vw, 1024px\" \/><p id=\"caption-attachment-391676\" class=\"wp-caption-text\">El programa Guardaquebradas incorpor\u00f3 a 114 empleados: 21 t\u00e9cnicos y 93 guardianes de quebradas.<\/p><\/div>\n<p>Los guardaquebradas han hecho intervenciones en m\u00e1s de 1346 puntos de 56 quebradas principales, con la participaci\u00f3n de 14 841 ciudadanos, lo que ha logrado recolectar y disponer m\u00e1s de 605,86 metros c\u00fabicos de residuos.<\/p>\n<p><em>\u201cNosotros hacemos la tarea como administraci\u00f3n, pero ojo con lo que nos encontramos en las quebradas, como muebles, escaparates, bicicletas, como si fueran los botaderos o los patios de atr\u00e1s de las casas. No, eso no. Las quebradas son vida. Mantenerlas limpias es aportar al medio ambiente, pero tambi\u00e9n prevenir el riesgo\u201d,<\/em> ha dicho el alcalde, Federico Guti\u00e9rrez Zuluaga.<\/p>\n<h4><strong>Una nueva persona<\/strong><\/h4>\n<p>Los guardianes est\u00e1n divididos en categor\u00edas A y B. Los primeros desarrollan acciones de limpieza de residuos, paisajismo, embellecimiento en los bordes de las quebradas, siembra de \u00e1rboles, educaci\u00f3n comunitaria y movilizaci\u00f3n ciudadana para el cuidado y protecci\u00f3n de las fuentes h\u00eddricas. Los segundos se concentran en los cauces de las quebradas, mejorando sus condiciones hidr\u00e1ulicas.<\/p>\n<div id=\"attachment_391677\" style=\"width: 1034px\" class=\"wp-caption alignnone\"><img aria-describedby=\"caption-attachment-391677\" loading=\"lazy\" class=\"size-full wp-image-391677\" src=\"https:\/\/www.medellin.gov.co\/es\/wp-content\/uploads\/2025\/03\/Imagen-de-Jonathan-con-tapabocas.jpg\" alt=\"Imagen de Jonathan con tapabocas\" width=\"1024\" height=\"768\" srcset=\"https:\/\/www.medellin.gov.co\/es\/wp-content\/uploads\/2025\/03\/Imagen-de-Jonathan-con-tapabocas.jpg 1024w, https:\/\/www.medellin.gov.co\/es\/wp-content\/uploads\/2025\/03\/Imagen-de-Jonathan-con-tapabocas-300x225.jpg 300w, https:\/\/www.medellin.gov.co\/es\/wp-content\/uploads\/2025\/03\/Imagen-de-Jonathan-con-tapabocas-150x113.jpg 150w, https:\/\/www.medellin.gov.co\/es\/wp-content\/uploads\/2025\/03\/Imagen-de-Jonathan-con-tapabocas-768x576.jpg 768w\" sizes=\"(max-width: 1024px) 100vw, 1024px\" \/><p id=\"caption-attachment-391677\" class=\"wp-caption-text\">Jonathan vive en el barrio Obrero de Copacabana.<\/p><\/div>\n<p>Jonathan ha trabajado en las quebradas La Volcana, La Iguan\u00e1, Altavista, entre otras. En el grupo de guardaquebradas, rodeado por sus compa\u00f1eros, se percibe un ambiente muy diferente al que relata de sus tiempos de habitante de calle.<\/p>\n<p>Es entonces cuando manifiesta: <em>\u201choy me siento como una nueva persona, como si hubiera vuelto a nacer. Me toc\u00f3 aprender nuevas cosas y desaprender muchas que hab\u00eda adquirido en la calle. Me siento superagradecido con la vida y con la Alcald\u00eda de Medell\u00edn por todas las oportunidades que me ha brindado. Nunca es tarde para volver a empezar\u201d.<\/em><\/p>\n<p>Es bachiller y quiere estudiar dise\u00f1o industrial. Con su trabajo en las orillas de las quebradas le aporta a la ciudad. Desde ah\u00ed ve c\u00f3mo fluye el agua, como ha fluido su vida por distintos cauces.<\/p>\n","protected":false},"excerpt":{"rendered":"<p>Jonathan Rojas vivi\u00f3 en la calle durante varios a\u00f1os. Gracias a las oportunidades que brinda la Alcald\u00eda de Medell\u00edn, se resocializ\u00f3 y ahora trabaja como guardaquebradas protegiendo el medio ambiente. Su carisma y su poderosa &#8230;<\/p>\n","protected":false},"author":97,"featured_media":391678,"comment_status":"open","ping_status":"open","sticky":false,"template":"","format":"standard","meta":[],"categories":[706,13],"tags":[451,433,436,455,449],"formato_nota":[],"programas_tax":[],"acf":[],"_links":{"self":[{"href":"https:\/\/www.medellin.gov.co\/es\/wp-json\/wp\/v2\/posts\/391665"}],"collection":[{"href":"https:\/\/www.medellin.gov.co\/es\/wp-json\/wp\/v2\/posts"}],"about":[{"href":"https:\/\/www.medellin.gov.co\/es\/wp-json\/wp\/v2\/types\/post"}],"author":[{"embeddable":true,"href":"https:\/\/www.medellin.gov.co\/es\/wp-json\/wp\/v2\/users\/97"}],"replies":[{"embeddable":true,"href":"https:\/\/www.medellin.gov.co\/es\/wp-json\/wp\/v2\/comments?post=391665"}],"version-history":[{"count":3,"href":"https:\/\/www.medellin.gov.co\/es\/wp-json\/wp\/v2\/posts\/391665\/revisions"}],"predecessor-version":[{"id":391827,"href":"https:\/\/www.medellin.gov.co\/es\/wp-json\/wp\/v2\/posts\/391665\/revisions\/391827"}],"wp:featuredmedia":[{"embeddable":true,"href":"https:\/\/www.medellin.gov.co\/es\/wp-json\/wp\/v2\/media\/391678"}],"wp:attachment":[{"href":"https:\/\/www.medellin.gov.co\/es\/wp-json\/wp\/v2\/media?parent=391665"}],"wp:term":[{"taxonomy":"category","embeddable":true,"href":"https:\/\/www.medellin.gov.co\/es\/wp-json\/wp\/v2\/categories?post=391665"},{"taxonomy":"post_tag","embeddable":true,"href":"https:\/\/www.medellin.gov.co\/es\/wp-json\/wp\/v2\/tags?post=391665"},{"taxonomy":"formato_nota","embeddable":true,"href":"https:\/\/www.medellin.gov.co\/es\/wp-json\/wp\/v2\/formato_nota?post=391665"},{"taxonomy":"programas_tax","embeddable":true,"href":"https:\/\/www.medellin.gov.co\/es\/wp-json\/wp\/v2\/programas_tax?post=391665"}],"curies":[{"name":"wp","href":"https:\/\/api.w.org\/{rel}","templated":true}]}}