{"id":391830,"date":"2025-03-11T10:17:58","date_gmt":"2025-03-11T15:17:58","guid":{"rendered":"https:\/\/www.medellin.gov.co\/es\/?p=391830"},"modified":"2025-03-11T10:17:58","modified_gmt":"2025-03-11T15:17:58","slug":"se-preven-cambios-en-la-calidad-del-aire-en-el-valle-de-aburra-para-los-proximos-dias","status":"publish","type":"post","link":"https:\/\/www.medellin.gov.co\/es\/sala-de-prensa\/noticias\/se-preven-cambios-en-la-calidad-del-aire-en-el-valle-de-aburra-para-los-proximos-dias\/","title":{"rendered":"Se prev\u00e9n cambios en la calidad del aire en el Valle de Aburr\u00e1 para los pr\u00f3ximos d\u00edas"},"content":{"rendered":"<ul>\n<li>Entre el 10 y el 22 de marzo, existe una probabilidad alta de que cinco o m\u00e1s estaciones registren \u00edndice de Calidad del Aire -ICA- Naranja.<\/li>\n<li>Por el momento, no se declara nivel de prevenci\u00f3n, de alerta o de emergencia. Las decisiones depender\u00e1n de la evoluci\u00f3n de la calidad del aire.<\/li>\n<\/ul>\n<!--[if lt IE 9]><script>document.createElement('audio');<\/script><![endif]-->\n\t<div class=\"wp-playlist wp-audio-playlist wp-playlist-light\">\n\t\t\t<div class=\"wp-playlist-current-item\"><\/div>\n\t\t<audio controls=\"controls\" preload=\"none\" width=\"640\"\n\t\t\t><\/audio>\n\t<div class=\"wp-playlist-next\"><\/div>\n\t<div class=\"wp-playlist-prev\"><\/div>\n\t<noscript>\n\t<ol>\n\t\t<li><a href='https:\/\/www.medellin.gov.co\/es\/wp-content\/uploads\/2025\/03\/Calidad-Aire-Valle-de-Aburra-01.mp3'>Palabras de Paula Andrea Palacio Salazar, directora del \u00c1rea Metropolitana del Valle de Aburr\u00e1<\/a><\/li>\t<\/ol>\n\t<\/noscript>\n\t<script type=\"application\/json\" class=\"wp-playlist-script\">{\"type\":\"audio\",\"tracklist\":true,\"tracknumbers\":true,\"images\":true,\"artists\":true,\"tracks\":[{\"src\":\"https:\\\/\\\/www.medellin.gov.co\\\/es\\\/wp-content\\\/uploads\\\/2025\\\/03\\\/Calidad-Aire-Valle-de-Aburra-01.mp3\",\"type\":\"audio\\\/mpeg\",\"title\":\"Palabras de Paula Andrea Palacio Salazar, directora del \\u00c1rea Metropolitana del Valle de Aburr\\u00e1\",\"caption\":\"\",\"description\":\"\\u00abCalidad-Aire-Valle-de-Aburra-01\\u00bb. G\\u00e9nero: Blues.\",\"meta\":{\"genre\":\"Blues\",\"length_formatted\":\"0:59\"},\"image\":{\"src\":\"https:\\\/\\\/www.medellin.gov.co\\\/es\\\/wp-includes\\\/images\\\/media\\\/audio.png\",\"width\":48,\"height\":64},\"thumb\":{\"src\":\"https:\\\/\\\/www.medellin.gov.co\\\/es\\\/wp-includes\\\/images\\\/media\\\/audio.png\",\"width\":48,\"height\":64}}]}<\/script>\n<\/div>\n\t\n<p>Seg\u00fan los registros hist\u00f3ricos de la Red de Monitoreo de Calidad del Aire, en el territorio metropolitano se incrementan las concentraciones contaminantes durante dos periodos cada a\u00f1o, en ocasi\u00f3n a los meses de transici\u00f3n entre la temporada seca y la de lluvias.<\/p>\n<p>El Sistema de Alertas Temprana de Medell\u00edn y el Valle de Aburr\u00e1 (SIATA) ha proyectado que entre el 10 y el 22 de marzo, existe una alta probabilidad de que cinco o m\u00e1s estaciones de monitoreo registren un \u00cdndice de Calidad del Aire (ICA) en nivel Naranja. La probabilidad de que se presente un ICA rojo es baja.<\/p>\n<p>\u201c<em>Hacemos un llamado a la ciudadan\u00eda para que durante esta \u00e9poca utilicemos m\u00e1s el transporte masivo, compartamos el veh\u00edculo, implementemos acciones cotidianas como trabajar desde casa y con esto contribuir con la disminuci\u00f3n de part\u00edculas contaminantes<\/em>\u201d, indic\u00f3 Paula Andrea Palacio Salazar, directora del \u00c1rea Metropolitana del Valle de Aburr\u00e1.<\/p>\n<div id=\"attachment_391864\" style=\"width: 1290px\" class=\"wp-caption alignnone\"><a href=\"https:\/\/www.medellin.gov.co\/es\/wp-content\/uploads\/2025\/03\/Calidad-Aire-Valle-de-Aburra-2.jpg\" target=\"_blank\" rel=\"noopener\"><img aria-describedby=\"caption-attachment-391864\" loading=\"lazy\" class=\"wp-image-391864 size-full\" title=\"Se prev\u00e9n cambios en la calidad del aire en el Valle de Aburr\u00e1 para los pr\u00f3ximos d\u00edas\" src=\"https:\/\/www.medellin.gov.co\/es\/wp-content\/uploads\/2025\/03\/Calidad-Aire-Valle-de-Aburra-2.jpg\" alt=\"Se prev\u00e9n cambios en la calidad del aire en el Valle de Aburr\u00e1 para los pr\u00f3ximos d\u00edas\" width=\"1280\" height=\"853\" srcset=\"https:\/\/www.medellin.gov.co\/es\/wp-content\/uploads\/2025\/03\/Calidad-Aire-Valle-de-Aburra-2.jpg 1280w, https:\/\/www.medellin.gov.co\/es\/wp-content\/uploads\/2025\/03\/Calidad-Aire-Valle-de-Aburra-2-300x200.jpg 300w, https:\/\/www.medellin.gov.co\/es\/wp-content\/uploads\/2025\/03\/Calidad-Aire-Valle-de-Aburra-2-1024x682.jpg 1024w, https:\/\/www.medellin.gov.co\/es\/wp-content\/uploads\/2025\/03\/Calidad-Aire-Valle-de-Aburra-2-150x100.jpg 150w, https:\/\/www.medellin.gov.co\/es\/wp-content\/uploads\/2025\/03\/Calidad-Aire-Valle-de-Aburra-2-768x512.jpg 768w\" sizes=\"(max-width: 1280px) 100vw, 1280px\" \/><\/a><p id=\"caption-attachment-391864\" class=\"wp-caption-text\">Se prev\u00e9n cambios en la calidad del aire en el Valle de Aburr\u00e1 para los pr\u00f3ximos d\u00edas &#8211; Foto Alcald\u00eda de Medell\u00edn<\/p><\/div>\n<p>Por el momento no se declara nivel de prevenci\u00f3n, alerta o emergencia. La implementaci\u00f3n de medidas depender\u00e1 del seguimiento permanente a la evoluci\u00f3n de la calidad del aire, realizado por \u00c1rea Metropolitana del Valle de Aburr\u00e1 en cumplimiento del Plan Operacional para enfrentar Episodios de Contaminaci\u00f3n Atmosf\u00e9rica (POECA).<\/p>\n<p>Para este periodo, los incrementos de PM2.5, principal contaminante que afecta la calidad del aire en la regi\u00f3n, coinciden con el inicio de la transici\u00f3n a la primera temporada de lluvias de a\u00f1o en la regi\u00f3n Andina Colombiana y con la temporada seca en la regi\u00f3n norte de Suram\u00e9rica. Los pron\u00f3sticos indican que pueden presentarse lluvias por encima de los promedios normales, lo que disminuye la probabilidad de incendios de cobertura vegetal y a su vez contribuye a la calidad del aire.<\/p>\n","protected":false},"excerpt":{"rendered":"<p>Entre el 10 y el 22 de marzo, existe una probabilidad alta de que cinco o m\u00e1s estaciones registren \u00edndice de Calidad del Aire -ICA- Naranja. Por el momento, no se declara nivel de prevenci\u00f3n, &#8230;<\/p>\n","protected":false},"author":21,"featured_media":391867,"comment_status":"open","ping_status":"open","sticky":false,"template":"","format":"standard","meta":[],"categories":[13,17],"tags":[634,436],"formato_nota":[],"programas_tax":[],"acf":[],"_links":{"self":[{"href":"https:\/\/www.medellin.gov.co\/es\/wp-json\/wp\/v2\/posts\/391830"}],"collection":[{"href":"https:\/\/www.medellin.gov.co\/es\/wp-json\/wp\/v2\/posts"}],"about":[{"href":"https:\/\/www.medellin.gov.co\/es\/wp-json\/wp\/v2\/types\/post"}],"author":[{"embeddable":true,"href":"https:\/\/www.medellin.gov.co\/es\/wp-json\/wp\/v2\/users\/21"}],"replies":[{"embeddable":true,"href":"https:\/\/www.medellin.gov.co\/es\/wp-json\/wp\/v2\/comments?post=391830"}],"version-history":[{"count":1,"href":"https:\/\/www.medellin.gov.co\/es\/wp-json\/wp\/v2\/posts\/391830\/revisions"}],"predecessor-version":[{"id":391881,"href":"https:\/\/www.medellin.gov.co\/es\/wp-json\/wp\/v2\/posts\/391830\/revisions\/391881"}],"wp:featuredmedia":[{"embeddable":true,"href":"https:\/\/www.medellin.gov.co\/es\/wp-json\/wp\/v2\/media\/391867"}],"wp:attachment":[{"href":"https:\/\/www.medellin.gov.co\/es\/wp-json\/wp\/v2\/media?parent=391830"}],"wp:term":[{"taxonomy":"category","embeddable":true,"href":"https:\/\/www.medellin.gov.co\/es\/wp-json\/wp\/v2\/categories?post=391830"},{"taxonomy":"post_tag","embeddable":true,"href":"https:\/\/www.medellin.gov.co\/es\/wp-json\/wp\/v2\/tags?post=391830"},{"taxonomy":"formato_nota","embeddable":true,"href":"https:\/\/www.medellin.gov.co\/es\/wp-json\/wp\/v2\/formato_nota?post=391830"},{"taxonomy":"programas_tax","embeddable":true,"href":"https:\/\/www.medellin.gov.co\/es\/wp-json\/wp\/v2\/programas_tax?post=391830"}],"curies":[{"name":"wp","href":"https:\/\/api.w.org\/{rel}","templated":true}]}}