{"id":391895,"date":"2025-03-11T10:36:14","date_gmt":"2025-03-11T15:36:14","guid":{"rendered":"https:\/\/www.medellin.gov.co\/es\/?p=391895"},"modified":"2025-03-11T10:36:14","modified_gmt":"2025-03-11T15:36:14","slug":"la-alcaldia-de-medellin-refuerza-la-ayuda-humanitaria-ante-el-aumento-en-la-llegada-de-victimas-del-conflicto-armado-a-la-ciudad","status":"publish","type":"post","link":"https:\/\/www.medellin.gov.co\/es\/sala-de-prensa\/noticias\/la-alcaldia-de-medellin-refuerza-la-ayuda-humanitaria-ante-el-aumento-en-la-llegada-de-victimas-del-conflicto-armado-a-la-ciudad\/","title":{"rendered":"La Alcald\u00eda de Medell\u00edn refuerza la ayuda humanitaria, ante el aumento en la llegada de v\u00edctimas del conflicto armado a la ciudad"},"content":{"rendered":"<ul>\n<li>776 paquetes alimentarios y 188 kits de h\u00e1bitat han sido entregados en lo que va del a\u00f1o.<\/li>\n<li>42 n\u00facleos familiares, que suman 121 personas, permanecen en el albergue habilitado por el Distrito.<\/li>\n<\/ul>\n<!--[if lt IE 9]><script>document.createElement('audio');<\/script><![endif]-->\n\t<div class=\"wp-playlist wp-audio-playlist wp-playlist-light\">\n\t\t\t<div class=\"wp-playlist-current-item\"><\/div>\n\t\t<audio controls=\"controls\" preload=\"none\" width=\"640\"\n\t\t\t><\/audio>\n\t<div class=\"wp-playlist-next\"><\/div>\n\t<div class=\"wp-playlist-prev\"><\/div>\n\t<noscript>\n\t<ol>\n\t\t<li><a href='https:\/\/www.medellin.gov.co\/es\/wp-content\/uploads\/2025\/03\/Ayuda-Humanitaria-Victimas-Conflicto-01.mp3'>Palabras de Carlos Alberto Arcila Valencia, secretario de Paz y Derechos Humanos<\/a><\/li><li><a href='https:\/\/www.medellin.gov.co\/es\/wp-content\/uploads\/2025\/03\/Ayuda-Humanitaria-Victimas-Conflicto-02.mp3'>Palabras de beneficiario de ayudas humanitarias<\/a><\/li>\t<\/ol>\n\t<\/noscript>\n\t<script type=\"application\/json\" class=\"wp-playlist-script\">{\"type\":\"audio\",\"tracklist\":true,\"tracknumbers\":true,\"images\":true,\"artists\":true,\"tracks\":[{\"src\":\"https:\\\/\\\/www.medellin.gov.co\\\/es\\\/wp-content\\\/uploads\\\/2025\\\/03\\\/Ayuda-Humanitaria-Victimas-Conflicto-01.mp3\",\"type\":\"audio\\\/mpeg\",\"title\":\"Palabras de Carlos Alberto Arcila Valencia, secretario de Paz y Derechos Humanos\",\"caption\":\"\",\"description\":\"\\u00abPalabras de Carlos Alberto Arcila Valencia, secretario de Paz y Derechos Humanos\\u00bb.\",\"meta\":{\"genre\":\"Blues\",\"length_formatted\":\"0:38\"},\"image\":{\"src\":\"https:\\\/\\\/www.medellin.gov.co\\\/es\\\/wp-includes\\\/images\\\/media\\\/audio.png\",\"width\":48,\"height\":64},\"thumb\":{\"src\":\"https:\\\/\\\/www.medellin.gov.co\\\/es\\\/wp-includes\\\/images\\\/media\\\/audio.png\",\"width\":48,\"height\":64}},{\"src\":\"https:\\\/\\\/www.medellin.gov.co\\\/es\\\/wp-content\\\/uploads\\\/2025\\\/03\\\/Ayuda-Humanitaria-Victimas-Conflicto-02.mp3\",\"type\":\"audio\\\/mpeg\",\"title\":\"Palabras de beneficiario de ayudas humanitarias\",\"caption\":\"\",\"description\":\"\\u00abPalabras de beneficiario de ayudas humanitarias\\u00bb.\",\"meta\":{\"genre\":\"Blues\",\"length_formatted\":\"1:20\"},\"image\":{\"src\":\"https:\\\/\\\/www.medellin.gov.co\\\/es\\\/wp-includes\\\/images\\\/media\\\/audio.png\",\"width\":48,\"height\":64},\"thumb\":{\"src\":\"https:\\\/\\\/www.medellin.gov.co\\\/es\\\/wp-includes\\\/images\\\/media\\\/audio.png\",\"width\":48,\"height\":64}}]}<\/script>\n<\/div>\n\t\n<p>En respuesta a las crecientes necesidades de las v\u00edctimas del conflicto armado, el Distrito intensific\u00f3 la entrega de ayudas humanitarias durante los primeros meses de 2025. Este a\u00f1o, la Administraci\u00f3n Distrital ha beneficiado a 523 familias con asistencia inmediata para garantizar su protecci\u00f3n y bienestar. Estas ayudas han sido fundamentales para mitigar la vulnerabilidad de las v\u00edctimas que llegan a Medell\u00edn en busca de apoyo y seguridad.<\/p>\n<p>En lo que va del a\u00f1o, el Distrito ha distribuido 776 paquetes alimentarios y 188 kits de h\u00e1bitat y aseo. Cada kit contiene elementos como colchoneta, cobija, almohada, plato, cuchara y chocolatera.<\/p>\n<p>Actualmente, 42 n\u00facleos familiares, que suman 121 personas, permanecen en el albergue habilitado por el Distrito.<\/p>\n<p><a href=\"https:\/\/www.medellin.gov.co\/es\/wp-content\/uploads\/2025\/03\/Ayuda-Humanitaria-Victimas-Conflicto-2.jpg\" target=\"_blank\" rel=\"noopener\"><img loading=\"lazy\" class=\"alignnone wp-image-391869 size-full\" title=\"La Alcald\u00eda de Medell\u00edn refuerza la ayuda humanitaria, ante el aumento en la llegada de v\u00edctimas del conflicto armado a la ciudad\" src=\"https:\/\/www.medellin.gov.co\/es\/wp-content\/uploads\/2025\/03\/Ayuda-Humanitaria-Victimas-Conflicto-2.jpg\" alt=\"La Alcald\u00eda de Medell\u00edn refuerza la ayuda humanitaria, ante el aumento en la llegada de v\u00edctimas del conflicto armado a la ciudad\" width=\"1040\" height=\"780\" srcset=\"https:\/\/www.medellin.gov.co\/es\/wp-content\/uploads\/2025\/03\/Ayuda-Humanitaria-Victimas-Conflicto-2.jpg 1040w, https:\/\/www.medellin.gov.co\/es\/wp-content\/uploads\/2025\/03\/Ayuda-Humanitaria-Victimas-Conflicto-2-300x225.jpg 300w, https:\/\/www.medellin.gov.co\/es\/wp-content\/uploads\/2025\/03\/Ayuda-Humanitaria-Victimas-Conflicto-2-1024x768.jpg 1024w, https:\/\/www.medellin.gov.co\/es\/wp-content\/uploads\/2025\/03\/Ayuda-Humanitaria-Victimas-Conflicto-2-150x113.jpg 150w, https:\/\/www.medellin.gov.co\/es\/wp-content\/uploads\/2025\/03\/Ayuda-Humanitaria-Victimas-Conflicto-2-768x576.jpg 768w\" sizes=\"(max-width: 1040px) 100vw, 1040px\" \/><\/a><\/p>\n<p>En los primeros dos meses de 2025, 1.233 v\u00edctimas de desplazamiento han sido atendidas en Medell\u00edn. Estas personas provienen de diversas regiones del pa\u00eds, incluyendo el Catatumbo, Choc\u00f3, el sur de Bol\u00edvar, el Magdalena Medio y varios municipios de Antioquia.<\/p>\n<p>El secretario de Paz y Derechos Humanos, Carlos Alberto Arcila Valencia, dijo: \u201c<em>Del 1 de enero al 8 de marzo del 2025, hemos atendido m\u00e1s de 523 familias del conflicto armado, personas que han sido desplazadas y amenazadas y que han llegado a la ciudad de Medell\u00edn. Esto ha sido trascendental porque el alcalde Federico Guti\u00e9rrez tiene en el centro a las v\u00edctimas del conflicto<\/em>\u201d<\/p>\n<p>La Administraci\u00f3n Distrital reafirma su compromiso con la garant\u00eda de los derechos de las v\u00edctimas y con la atenci\u00f3n humanitaria digna para quienes han sido afectados por la violencia en el pa\u00eds; adem\u00e1s, avanza en gestiones para fortalecer la articulaci\u00f3n con entidades gubernamentales y organizaciones de cooperaci\u00f3n y as\u00ed ampliar los recursos.<\/p>\n","protected":false},"excerpt":{"rendered":"<p>776 paquetes alimentarios y 188 kits de h\u00e1bitat han sido entregados en lo que va del a\u00f1o. 42 n\u00facleos familiares, que suman 121 personas, permanecen en el albergue habilitado por el Distrito. En respuesta a &#8230;<\/p>\n","protected":false},"author":21,"featured_media":391870,"comment_status":"open","ping_status":"open","sticky":false,"template":"","format":"standard","meta":[],"categories":[701],"tags":[451,455,619],"formato_nota":[],"programas_tax":[],"acf":[],"_links":{"self":[{"href":"https:\/\/www.medellin.gov.co\/es\/wp-json\/wp\/v2\/posts\/391895"}],"collection":[{"href":"https:\/\/www.medellin.gov.co\/es\/wp-json\/wp\/v2\/posts"}],"about":[{"href":"https:\/\/www.medellin.gov.co\/es\/wp-json\/wp\/v2\/types\/post"}],"author":[{"embeddable":true,"href":"https:\/\/www.medellin.gov.co\/es\/wp-json\/wp\/v2\/users\/21"}],"replies":[{"embeddable":true,"href":"https:\/\/www.medellin.gov.co\/es\/wp-json\/wp\/v2\/comments?post=391895"}],"version-history":[{"count":1,"href":"https:\/\/www.medellin.gov.co\/es\/wp-json\/wp\/v2\/posts\/391895\/revisions"}],"predecessor-version":[{"id":391898,"href":"https:\/\/www.medellin.gov.co\/es\/wp-json\/wp\/v2\/posts\/391895\/revisions\/391898"}],"wp:featuredmedia":[{"embeddable":true,"href":"https:\/\/www.medellin.gov.co\/es\/wp-json\/wp\/v2\/media\/391870"}],"wp:attachment":[{"href":"https:\/\/www.medellin.gov.co\/es\/wp-json\/wp\/v2\/media?parent=391895"}],"wp:term":[{"taxonomy":"category","embeddable":true,"href":"https:\/\/www.medellin.gov.co\/es\/wp-json\/wp\/v2\/categories?post=391895"},{"taxonomy":"post_tag","embeddable":true,"href":"https:\/\/www.medellin.gov.co\/es\/wp-json\/wp\/v2\/tags?post=391895"},{"taxonomy":"formato_nota","embeddable":true,"href":"https:\/\/www.medellin.gov.co\/es\/wp-json\/wp\/v2\/formato_nota?post=391895"},{"taxonomy":"programas_tax","embeddable":true,"href":"https:\/\/www.medellin.gov.co\/es\/wp-json\/wp\/v2\/programas_tax?post=391895"}],"curies":[{"name":"wp","href":"https:\/\/api.w.org\/{rel}","templated":true}]}}