{"id":391900,"date":"2025-03-11T10:40:29","date_gmt":"2025-03-11T15:40:29","guid":{"rendered":"https:\/\/www.medellin.gov.co\/es\/?p=391900"},"modified":"2025-03-11T10:40:29","modified_gmt":"2025-03-11T15:40:29","slug":"jornada-en-salud-oral-esta-semana-en-medellin-llevara-tratamientos-y-campanas-de-higiene-a-menores-de-edad-familias-y-cuidadores","status":"publish","type":"post","link":"https:\/\/www.medellin.gov.co\/es\/sala-de-prensa\/noticias\/jornada-en-salud-oral-esta-semana-en-medellin-llevara-tratamientos-y-campanas-de-higiene-a-menores-de-edad-familias-y-cuidadores\/","title":{"rendered":"Jornada en salud oral, esta semana en Medell\u00edn, llevar\u00e1 tratamientos y campa\u00f1as de higiene a menores de edad, familias y cuidadores"},"content":{"rendered":"<ul>\n<li>La iniciativa hace parte de la estrategia Soy Generaci\u00f3n m\u00e1s Sonriente, a la que se une Metrosalud, en 43 puntos de atenci\u00f3n de la red<\/li>\n<li>Se aplicar\u00e1 barniz de fl\u00faor y se desarrollar\u00e1n, desde ma\u00f1ana y hasta el viernes 12 de marzo, actividades educativas.<\/li>\n<\/ul>\n<!--[if lt IE 9]><script>document.createElement('audio');<\/script><![endif]-->\n\t<div class=\"wp-playlist wp-audio-playlist wp-playlist-light\">\n\t\t\t<div class=\"wp-playlist-current-item\"><\/div>\n\t\t<audio controls=\"controls\" preload=\"none\" width=\"640\"\n\t\t\t><\/audio>\n\t<div class=\"wp-playlist-next\"><\/div>\n\t<div class=\"wp-playlist-prev\"><\/div>\n\t<noscript>\n\t<ol>\n\t\t<li><a href='https:\/\/www.medellin.gov.co\/es\/wp-content\/uploads\/2025\/03\/Jornada-Salud-Oral-Menores-Edad-Cuidadores-01.mp3'>Palabras de Javier Antonio Guti\u00e9rrez Rodas, subgerente de la Red de Servicios ESE Metrosalud<\/a><\/li>\t<\/ol>\n\t<\/noscript>\n\t<script type=\"application\/json\" class=\"wp-playlist-script\">{\"type\":\"audio\",\"tracklist\":true,\"tracknumbers\":true,\"images\":true,\"artists\":true,\"tracks\":[{\"src\":\"https:\\\/\\\/www.medellin.gov.co\\\/es\\\/wp-content\\\/uploads\\\/2025\\\/03\\\/Jornada-Salud-Oral-Menores-Edad-Cuidadores-01.mp3\",\"type\":\"audio\\\/mpeg\",\"title\":\"Palabras de Javier Antonio Guti\\u00e9rrez Rodas, subgerente de la Red de Servicios ESE Metrosalud\",\"caption\":\"\",\"description\":\"\\u00abPalabras de Javier Antonio Guti\\u00e9rrez Rodas, subgerente de la Red de Servicios ESE Metrosalud\\u00bb. G\\u00e9nero: Blues.\",\"meta\":{\"genre\":\"Blues\",\"length_formatted\":\"0:48\"},\"image\":{\"src\":\"https:\\\/\\\/www.medellin.gov.co\\\/es\\\/wp-includes\\\/images\\\/media\\\/audio.png\",\"width\":48,\"height\":64},\"thumb\":{\"src\":\"https:\\\/\\\/www.medellin.gov.co\\\/es\\\/wp-includes\\\/images\\\/media\\\/audio.png\",\"width\":48,\"height\":64}}]}<\/script>\n<\/div>\n\t\n<p>La Alcald\u00eda de Medell\u00edn, a trav\u00e9s de Metrosalud, se suma a la jornada de salud oral: Soy Generaci\u00f3n m\u00e1s Sonriente, y realizar\u00e1, entre otras actividades, acciones de educaci\u00f3n y aplicaci\u00f3n de barniz de fl\u00faor a personas entre 1 y 17 a\u00f1os, en 43 puntos de atenci\u00f3n de la red en la ciudad, desde este mi\u00e9rcoles 12 de marzo y hasta el viernes pr\u00f3ximo.<\/p>\n<p>El prop\u00f3sito de esta iniciativa es reducir la prevalencia de caries dental, enfermedades periodontales y fluorosis, entre otras. La invitaci\u00f3n es para las familias de los menores y\/o sus cuidadores, quienes tambi\u00e9n recibir\u00e1n actividades educativas sobre higiene bucal y actividades l\u00fadicas para fomentar el cuidado de los dientes.<\/p>\n<div id=\"attachment_391860\" style=\"width: 1181px\" class=\"wp-caption alignnone\"><a href=\"https:\/\/www.medellin.gov.co\/es\/wp-content\/uploads\/2025\/03\/Jornada-Salud-Oral-Menores-Edad-Cuidadores-2.jpg\" target=\"_blank\" rel=\"noopener\"><img aria-describedby=\"caption-attachment-391860\" loading=\"lazy\" class=\"wp-image-391860 size-full\" title=\"Jornada en salud oral, esta semana en Medell\u00edn, llevar\u00e1 tratamientos y campa\u00f1as de higiene a menores de edad, familias y cuidadores\" src=\"https:\/\/www.medellin.gov.co\/es\/wp-content\/uploads\/2025\/03\/Jornada-Salud-Oral-Menores-Edad-Cuidadores-2.jpg\" alt=\"Jornada en salud oral, esta semana en Medell\u00edn, llevar\u00e1 tratamientos y campa\u00f1as de higiene a menores de edad, familias y cuidadores\" width=\"1171\" height=\"780\" srcset=\"https:\/\/www.medellin.gov.co\/es\/wp-content\/uploads\/2025\/03\/Jornada-Salud-Oral-Menores-Edad-Cuidadores-2.jpg 1171w, https:\/\/www.medellin.gov.co\/es\/wp-content\/uploads\/2025\/03\/Jornada-Salud-Oral-Menores-Edad-Cuidadores-2-300x200.jpg 300w, https:\/\/www.medellin.gov.co\/es\/wp-content\/uploads\/2025\/03\/Jornada-Salud-Oral-Menores-Edad-Cuidadores-2-1024x682.jpg 1024w, https:\/\/www.medellin.gov.co\/es\/wp-content\/uploads\/2025\/03\/Jornada-Salud-Oral-Menores-Edad-Cuidadores-2-150x100.jpg 150w, https:\/\/www.medellin.gov.co\/es\/wp-content\/uploads\/2025\/03\/Jornada-Salud-Oral-Menores-Edad-Cuidadores-2-768x512.jpg 768w\" sizes=\"(max-width: 1171px) 100vw, 1171px\" \/><\/a><p id=\"caption-attachment-391860\" class=\"wp-caption-text\">Jornada en salud oral, esta semana en Medell\u00edn, llevar\u00e1 tratamientos y campa\u00f1as de higiene a menores de edad, familias y cuidadores &#8211; Foto Alcald\u00eda de Medell\u00edn<\/p><\/div>\n<p>\u201c<em>En esta jornada realizaremos, en 43 puntos de atenci\u00f3n de nuestra red prestadora de servicios, actividades educativas y de fluorizaci\u00f3n que llevar\u00e1n a una mejor salud bucal, principalmente en ni\u00f1os, ni\u00f1as, adolescentes y mujeres gestantes. Esperamos que en Medell\u00edn podamos tener una generaci\u00f3n m\u00e1s sonriente<\/em>\u201d, indic\u00f3 el subgerente de la Red de Servicios ESE Metrosalud, Javier Antonio Guti\u00e9rrez Rodas.<\/p>\n<p>La estrategia Soy Generaci\u00f3n m\u00e1s sonriente 2025, se desarrollar\u00e1, entre las 7:00 a. m. a 3:00 p. m. Se except\u00faan la Unidad Hospitalaria Doce de Octubre, la Unidad de Salud Mental y los Centros de Salud Raizal, Villatina, Loreto, Enciso, San Lorenzo, Carpinelo, Campo Vald\u00e9s y CISAMF. Este a\u00f1o se realizar\u00e1n tres jornadas de intensificaci\u00f3n en salud oral, cada una con una duraci\u00f3n de tres d\u00edas.<\/p>\n","protected":false},"excerpt":{"rendered":"<p>La iniciativa hace parte de la estrategia Soy Generaci\u00f3n m\u00e1s Sonriente, a la que se une Metrosalud, en 43 puntos de atenci\u00f3n de la red Se aplicar\u00e1 barniz de fl\u00faor y se desarrollar\u00e1n, desde ma\u00f1ana &#8230;<\/p>\n","protected":false},"author":21,"featured_media":391862,"comment_status":"open","ping_status":"open","sticky":false,"template":"","format":"standard","meta":[],"categories":[18],"tags":[634,452],"formato_nota":[],"programas_tax":[],"acf":[],"_links":{"self":[{"href":"https:\/\/www.medellin.gov.co\/es\/wp-json\/wp\/v2\/posts\/391900"}],"collection":[{"href":"https:\/\/www.medellin.gov.co\/es\/wp-json\/wp\/v2\/posts"}],"about":[{"href":"https:\/\/www.medellin.gov.co\/es\/wp-json\/wp\/v2\/types\/post"}],"author":[{"embeddable":true,"href":"https:\/\/www.medellin.gov.co\/es\/wp-json\/wp\/v2\/users\/21"}],"replies":[{"embeddable":true,"href":"https:\/\/www.medellin.gov.co\/es\/wp-json\/wp\/v2\/comments?post=391900"}],"version-history":[{"count":1,"href":"https:\/\/www.medellin.gov.co\/es\/wp-json\/wp\/v2\/posts\/391900\/revisions"}],"predecessor-version":[{"id":391902,"href":"https:\/\/www.medellin.gov.co\/es\/wp-json\/wp\/v2\/posts\/391900\/revisions\/391902"}],"wp:featuredmedia":[{"embeddable":true,"href":"https:\/\/www.medellin.gov.co\/es\/wp-json\/wp\/v2\/media\/391862"}],"wp:attachment":[{"href":"https:\/\/www.medellin.gov.co\/es\/wp-json\/wp\/v2\/media?parent=391900"}],"wp:term":[{"taxonomy":"category","embeddable":true,"href":"https:\/\/www.medellin.gov.co\/es\/wp-json\/wp\/v2\/categories?post=391900"},{"taxonomy":"post_tag","embeddable":true,"href":"https:\/\/www.medellin.gov.co\/es\/wp-json\/wp\/v2\/tags?post=391900"},{"taxonomy":"formato_nota","embeddable":true,"href":"https:\/\/www.medellin.gov.co\/es\/wp-json\/wp\/v2\/formato_nota?post=391900"},{"taxonomy":"programas_tax","embeddable":true,"href":"https:\/\/www.medellin.gov.co\/es\/wp-json\/wp\/v2\/programas_tax?post=391900"}],"curies":[{"name":"wp","href":"https:\/\/api.w.org\/{rel}","templated":true}]}}