{"id":391905,"date":"2025-03-11T10:45:34","date_gmt":"2025-03-11T15:45:34","guid":{"rendered":"https:\/\/www.medellin.gov.co\/es\/?p=391905"},"modified":"2025-03-11T10:45:34","modified_gmt":"2025-03-11T15:45:34","slug":"medellin-fortalece-la-seguridad-y-la-convivencia-en-el-corregimiento-san-cristobal-con-acciones-integrales","status":"publish","type":"post","link":"https:\/\/www.medellin.gov.co\/es\/sala-de-prensa\/noticias\/medellin-fortalece-la-seguridad-y-la-convivencia-en-el-corregimiento-san-cristobal-con-acciones-integrales\/","title":{"rendered":"Medell\u00edn fortalece la seguridad y la convivencia en el corregimiento San Crist\u00f3bal con acciones integrales"},"content":{"rendered":"<ul>\n<li>La seguridad en el corregimiento se ha reforzado con operativos, patrullajes y campa\u00f1as preventivas, en respuesta a las problem\u00e1ticas expuestas por la comunidad.<\/li>\n<li>Se han recuperado espacios p\u00fablicos, mejorado la iluminaci\u00f3n y fortalecido la lucha contra la extorsi\u00f3n y el hurto.<\/li>\n<li>Unos 1.000 estudiantes han participado en actividades l\u00fadico-pedag\u00f3gicas para la prevenci\u00f3n del delito y el fortalecimiento del tejido social.<\/li>\n<\/ul>\n<!--[if lt IE 9]><script>document.createElement('audio');<\/script><![endif]-->\n\t<div class=\"wp-playlist wp-audio-playlist wp-playlist-light\">\n\t\t\t<div class=\"wp-playlist-current-item\"><\/div>\n\t\t<audio controls=\"controls\" preload=\"none\" width=\"640\"\n\t\t\t><\/audio>\n\t<div class=\"wp-playlist-next\"><\/div>\n\t<div class=\"wp-playlist-prev\"><\/div>\n\t<noscript>\n\t<ol>\n\t\t<li><a href='https:\/\/www.medellin.gov.co\/es\/wp-content\/uploads\/2025\/03\/Seguridad-Convivencia-Corregimiento-San-Cristobal-01.mp3'>Palabras de Manuel Villa Mej\u00eda, secretario de Seguridad y Convivencia<\/a><\/li>\t<\/ol>\n\t<\/noscript>\n\t<script type=\"application\/json\" class=\"wp-playlist-script\">{\"type\":\"audio\",\"tracklist\":true,\"tracknumbers\":true,\"images\":true,\"artists\":true,\"tracks\":[{\"src\":\"https:\\\/\\\/www.medellin.gov.co\\\/es\\\/wp-content\\\/uploads\\\/2025\\\/03\\\/Seguridad-Convivencia-Corregimiento-San-Cristobal-01.mp3\",\"type\":\"audio\\\/mpeg\",\"title\":\"Palabras de Manuel Villa Mej\\u00eda, secretario de Seguridad y Convivencia\",\"caption\":\"\",\"description\":\"\\u00abPalabras de Manuel Villa Mej\\u00eda, secretario de Seguridad y Convivencia\\u00bb.\",\"meta\":{\"genre\":\"Blues\",\"length_formatted\":\"2:44\"},\"image\":{\"src\":\"https:\\\/\\\/www.medellin.gov.co\\\/es\\\/wp-includes\\\/images\\\/media\\\/audio.png\",\"width\":48,\"height\":64},\"thumb\":{\"src\":\"https:\\\/\\\/www.medellin.gov.co\\\/es\\\/wp-includes\\\/images\\\/media\\\/audio.png\",\"width\":48,\"height\":64}}]}<\/script>\n<\/div>\n\t\n<p>La Alcald\u00eda de Medell\u00edn, a trav\u00e9s de la Secretar\u00eda de Seguridad y Convivencia, contin\u00faa implementando estrategias integrales para fortalecer la seguridad en el corregimiento San Crist\u00f3bal. Estas acciones, que responden a las problem\u00e1ticas planteadas por la comunidad en el primer consejo de seguridad de 2024, han permitido mejorar la convivencia mediante operativos de control, campa\u00f1as preventivas y recuperaci\u00f3n del espacio p\u00fablico.<\/p>\n<p>Se han realizado intervenciones en veredas como La Loma y Traves\u00edas, incluyendo la limpieza y embellecimiento de espacios p\u00fablicos, la recuperaci\u00f3n del parque principal para garantizar la movilidad de peatones y el mejoramiento del alumbrado p\u00fablico para fortalecer la percepci\u00f3n de seguridad. Adem\u00e1s, se han efectuado patrullajes en sectores con presencia de migrantes y jornadas de sensibilizaci\u00f3n contra la extorsi\u00f3n y el hurto de motocicletas.<\/p>\n<div id=\"attachment_391845\" style=\"width: 1181px\" class=\"wp-caption alignnone\"><a href=\"https:\/\/www.medellin.gov.co\/es\/wp-content\/uploads\/2025\/03\/Seguridad-Convivencia-Corregimiento-San-Cristobal-2.jpg\" target=\"_blank\" rel=\"noopener\"><img aria-describedby=\"caption-attachment-391845\" loading=\"lazy\" class=\"wp-image-391845 size-full\" title=\"Medell\u00edn fortalece la seguridad y la convivencia en el corregimiento San Crist\u00f3bal con acciones integrales\" src=\"https:\/\/www.medellin.gov.co\/es\/wp-content\/uploads\/2025\/03\/Seguridad-Convivencia-Corregimiento-San-Cristobal-2.jpg\" alt=\"Medell\u00edn fortalece la seguridad y la convivencia en el corregimiento San Crist\u00f3bal con acciones integrales\" width=\"1171\" height=\"780\" srcset=\"https:\/\/www.medellin.gov.co\/es\/wp-content\/uploads\/2025\/03\/Seguridad-Convivencia-Corregimiento-San-Cristobal-2.jpg 1171w, https:\/\/www.medellin.gov.co\/es\/wp-content\/uploads\/2025\/03\/Seguridad-Convivencia-Corregimiento-San-Cristobal-2-300x200.jpg 300w, https:\/\/www.medellin.gov.co\/es\/wp-content\/uploads\/2025\/03\/Seguridad-Convivencia-Corregimiento-San-Cristobal-2-1024x682.jpg 1024w, https:\/\/www.medellin.gov.co\/es\/wp-content\/uploads\/2025\/03\/Seguridad-Convivencia-Corregimiento-San-Cristobal-2-150x100.jpg 150w, https:\/\/www.medellin.gov.co\/es\/wp-content\/uploads\/2025\/03\/Seguridad-Convivencia-Corregimiento-San-Cristobal-2-768x512.jpg 768w\" sizes=\"(max-width: 1171px) 100vw, 1171px\" \/><\/a><p id=\"caption-attachment-391845\" class=\"wp-caption-text\">Medell\u00edn fortalece la seguridad y la convivencia en el corregimiento San Crist\u00f3bal con acciones integrales &#8211; Foto Alcald\u00eda de Medell\u00edn<\/p><\/div>\n<p>Como parte de la estrategia \u00ab<em>El barrio es como vos<\/em>\u201d, unos 1.000 estudiantes del corregimiento han participado en actividades l\u00fadico-pedag\u00f3gicas orientadas a la prevenci\u00f3n del delito y el fortalecimiento del tejido social.<\/p>\n<p>\u201c<em>Desde la Alcald\u00eda de Medell\u00edn entendemos que la seguridad no se trata solo de operativos, sino tambi\u00e9n de un trabajo pedag\u00f3gico con la comunidad. Por eso, estamos realizando intervenciones en los entornos escolares, jornadas de prevenci\u00f3n del delito y recuperaci\u00f3n de espacios para que nuestros ciudadanos se apropien de su territorio y lo mantengan seguro<\/em>\u201d, afirm\u00f3 el secretario de Seguridad y Convivencia, Manuel Villa.<\/p>\n<p>En lo que va de 2025, en San Crist\u00f3bal se han registrado 29 capturas, de las cuales 24 fueron en flagrancia, principalmente por delitos como lesiones personales, hurto y tr\u00e1fico de estupefacientes. Tambi\u00e9n, se han realizado tres operativos especiales en los que se inspeccionaron 213 personas, se inmovilizaron 10 motocicletas y se impusieron 39 comparendos de tr\u00e1nsito. Durante estas acciones, se incautaron armas blancas y sustancias psicoactivas en diferentes puntos del corregimiento.<\/p>\n<div id=\"attachment_391844\" style=\"width: 1181px\" class=\"wp-caption alignnone\"><a href=\"https:\/\/www.medellin.gov.co\/es\/wp-content\/uploads\/2025\/03\/Seguridad-Convivencia-Corregimiento-San-Cristobal-3.jpg\" target=\"_blank\" rel=\"noopener\"><img aria-describedby=\"caption-attachment-391844\" loading=\"lazy\" class=\"wp-image-391844 size-full\" title=\"Medell\u00edn fortalece la seguridad y la convivencia en el corregimiento San Crist\u00f3bal con acciones integrales\" src=\"https:\/\/www.medellin.gov.co\/es\/wp-content\/uploads\/2025\/03\/Seguridad-Convivencia-Corregimiento-San-Cristobal-3.jpg\" alt=\"Medell\u00edn fortalece la seguridad y la convivencia en el corregimiento San Crist\u00f3bal con acciones integrales\" width=\"1171\" height=\"780\" srcset=\"https:\/\/www.medellin.gov.co\/es\/wp-content\/uploads\/2025\/03\/Seguridad-Convivencia-Corregimiento-San-Cristobal-3.jpg 1171w, https:\/\/www.medellin.gov.co\/es\/wp-content\/uploads\/2025\/03\/Seguridad-Convivencia-Corregimiento-San-Cristobal-3-300x200.jpg 300w, https:\/\/www.medellin.gov.co\/es\/wp-content\/uploads\/2025\/03\/Seguridad-Convivencia-Corregimiento-San-Cristobal-3-1024x682.jpg 1024w, https:\/\/www.medellin.gov.co\/es\/wp-content\/uploads\/2025\/03\/Seguridad-Convivencia-Corregimiento-San-Cristobal-3-150x100.jpg 150w, https:\/\/www.medellin.gov.co\/es\/wp-content\/uploads\/2025\/03\/Seguridad-Convivencia-Corregimiento-San-Cristobal-3-768x512.jpg 768w\" sizes=\"(max-width: 1171px) 100vw, 1171px\" \/><\/a><p id=\"caption-attachment-391844\" class=\"wp-caption-text\">Medell\u00edn fortalece la seguridad y la convivencia en el corregimiento San Crist\u00f3bal con acciones integrales &#8211; Foto Alcald\u00eda de Medell\u00edn<\/p><\/div>\n<p>\u201c<em>La lucha contra la delincuencia es una prioridad para esta administraci\u00f3n. Gracias a la articulaci\u00f3n con la Polic\u00eda y la comunidad, hemos logrado la captura de cabecillas de estructuras criminales, como alias \u2018Maravilla\u2019 y alias \u2018Chumi\u2019, coordinadores del GDO Robledo, responsables de extorsi\u00f3n, tr\u00e1fico de armas, tr\u00e1fico de estupefacientes y desplazamiento forzado. Seguiremos con operativos contundentes para combatir estos grupos y garantizar la tranquilidad a la ciudadan\u00eda<\/em>\u201d, agreg\u00f3 el secretario.<\/p>\n<p>La Alcald\u00eda de Medell\u00edn contin\u00faa fortaleciendo la atenci\u00f3n social en San Crist\u00f3bal a trav\u00e9s del programa Parceros, que brindar\u00e1 acompa\u00f1amiento a 304 ni\u00f1as, ni\u00f1os y j\u00f3venes, mediante seguimiento individual y familiar, formaci\u00f3n en habilidades para la vida y acceso a oportunidades de estudio y empleo.<\/p>\n<p>Estas estrategias han impactado positivamente la seguridad del corregimiento, lo que se refleja en una reducci\u00f3n del 60 % en el hurto a personas, 54.5 % en el hurto de motocicletas, 80 % en el hurto a residencias, 66.7 % en el hurto a comercios y 60.7 % en casos de violencia intrafamiliar.<\/p>\n","protected":false},"excerpt":{"rendered":"<p>La seguridad en el corregimiento se ha reforzado con operativos, patrullajes y campa\u00f1as preventivas, en respuesta a las problem\u00e1ticas expuestas por la comunidad. Se han recuperado espacios p\u00fablicos, mejorado la iluminaci\u00f3n y fortalecido la lucha &#8230;<\/p>\n","protected":false},"author":21,"featured_media":391848,"comment_status":"open","ping_status":"open","sticky":false,"template":"","format":"standard","meta":[],"categories":[24,21],"tags":[619],"formato_nota":[],"programas_tax":[],"acf":[],"_links":{"self":[{"href":"https:\/\/www.medellin.gov.co\/es\/wp-json\/wp\/v2\/posts\/391905"}],"collection":[{"href":"https:\/\/www.medellin.gov.co\/es\/wp-json\/wp\/v2\/posts"}],"about":[{"href":"https:\/\/www.medellin.gov.co\/es\/wp-json\/wp\/v2\/types\/post"}],"author":[{"embeddable":true,"href":"https:\/\/www.medellin.gov.co\/es\/wp-json\/wp\/v2\/users\/21"}],"replies":[{"embeddable":true,"href":"https:\/\/www.medellin.gov.co\/es\/wp-json\/wp\/v2\/comments?post=391905"}],"version-history":[{"count":1,"href":"https:\/\/www.medellin.gov.co\/es\/wp-json\/wp\/v2\/posts\/391905\/revisions"}],"predecessor-version":[{"id":391907,"href":"https:\/\/www.medellin.gov.co\/es\/wp-json\/wp\/v2\/posts\/391905\/revisions\/391907"}],"wp:featuredmedia":[{"embeddable":true,"href":"https:\/\/www.medellin.gov.co\/es\/wp-json\/wp\/v2\/media\/391848"}],"wp:attachment":[{"href":"https:\/\/www.medellin.gov.co\/es\/wp-json\/wp\/v2\/media?parent=391905"}],"wp:term":[{"taxonomy":"category","embeddable":true,"href":"https:\/\/www.medellin.gov.co\/es\/wp-json\/wp\/v2\/categories?post=391905"},{"taxonomy":"post_tag","embeddable":true,"href":"https:\/\/www.medellin.gov.co\/es\/wp-json\/wp\/v2\/tags?post=391905"},{"taxonomy":"formato_nota","embeddable":true,"href":"https:\/\/www.medellin.gov.co\/es\/wp-json\/wp\/v2\/formato_nota?post=391905"},{"taxonomy":"programas_tax","embeddable":true,"href":"https:\/\/www.medellin.gov.co\/es\/wp-json\/wp\/v2\/programas_tax?post=391905"}],"curies":[{"name":"wp","href":"https:\/\/api.w.org\/{rel}","templated":true}]}}