{"id":392109,"date":"2025-03-12T17:00:06","date_gmt":"2025-03-12T22:00:06","guid":{"rendered":"https:\/\/www.medellin.gov.co\/es\/?p=392109"},"modified":"2025-03-12T15:14:51","modified_gmt":"2025-03-12T20:14:51","slug":"en-el-programa-buen-comienzo-en-medellin-hay-manos-que-abrazan-la-inclusion-la-historia-de-ammy","status":"publish","type":"post","link":"https:\/\/www.medellin.gov.co\/es\/sala-de-prensa\/noticias\/en-el-programa-buen-comienzo-en-medellin-hay-manos-que-abrazan-la-inclusion-la-historia-de-ammy\/","title":{"rendered":"En el programa Buen Comienzo en Medell\u00edn hay manos que abrazan la inclusi\u00f3n: la historia de Ammy"},"content":{"rendered":"<blockquote><p>Desde que recibi\u00f3 su pr\u00f3tesis, Ammy Mar\u00edn, de tan solo cuatro a\u00f1os, no ha parado de hacer corazones con sus peque\u00f1as manos. Y no es para menos, lleva dos meses adapt\u00e1ndose a su nuevo estilo de vida, que ahora incluye \u2018chocar los cinco\u2019, dar el pu\u00f1o y hacerle cosquillas a su abuela Sandra.<\/p><\/blockquote>\n<p>Todos los d\u00edas, Sandra Su\u00e1rez acompa\u00f1a a su nieta al Centro Infantil de <a href=\"https:\/\/www.medellin.gov.co\/es\/secretaria-de-educacion\/estudiantes\/buen-comienzo\/\" target=\"_blank\" rel=\"noopener\">Buen Comienzo<\/a>, Jes\u00fas Amigo, en el barrio Doce de Octubre de Medell\u00edn. Pero este no era un d\u00eda cualquiera. Ammy presentar\u00eda a sus compa\u00f1eros de sala de desarrollo la pr\u00f3tesis rosada de su mano izquierda, adornada con la imagen de <em>Peppa Pig<\/em>, su caricatura favorita.<\/p>\n<p>Entr\u00f3 con los brazos en alto, orgullosa de su nueva mano. Sus compa\u00f1eros, al un\u00edsono, la recibieron con alegr\u00eda y, uno a uno, se acercaron para estrecharla en un c\u00e1lido saludo.<\/p>\n<p><img loading=\"lazy\" class=\"alignnone size-full wp-image-392113\" src=\"https:\/\/www.medellin.gov.co\/es\/wp-content\/uploads\/2025\/03\/Fotos-Andres-Henao-Historia-Ammy-13.jpg\" alt=\"Imagen de Ammy pintando \" width=\"512\" height=\"768\" srcset=\"https:\/\/www.medellin.gov.co\/es\/wp-content\/uploads\/2025\/03\/Fotos-Andres-Henao-Historia-Ammy-13.jpg 512w, https:\/\/www.medellin.gov.co\/es\/wp-content\/uploads\/2025\/03\/Fotos-Andres-Henao-Historia-Ammy-13-200x300.jpg 200w, https:\/\/www.medellin.gov.co\/es\/wp-content\/uploads\/2025\/03\/Fotos-Andres-Henao-Historia-Ammy-13-100x150.jpg 100w\" sizes=\"(max-width: 512px) 100vw, 512px\" \/><\/p>\n<p>\u201c<em>Ella so\u00f1aba con hacer sus corazones, ya los hace; so\u00f1aba con aplaudir, ya aplaude, y puede coger sus cosas. La vida de mi nieta cambi\u00f3 y que sus compa\u00f1eros la reciban con<\/em> <em>tanto amor eso es indescriptible<\/em>\u201d, explica Sandra, una abuela cuya felicidad crece al ritmo de los sue\u00f1os cumplidos de su nieta.<\/p>\n<h4><strong>Una historia de inclusi\u00f3n<\/strong><\/h4>\n<p>El resultado de la pr\u00f3tesis fue gracias a una articulaci\u00f3n que hizo la educadora especial Alexandra Botero de Buen Comienzo, quien trabaja en la entidad prestadora del servicio Corporaci\u00f3n Educativa y Cultural Jes\u00fas Amigo, con la <a href=\"https:\/\/humanos3d.org\/\" target=\"_blank\" rel=\"noopener\">Corporaci\u00f3n Humanos 3D<\/a><em>,<\/em> que desarrolla soluciones personalizadas para las personas con discapacidad, con el fin de mejorar su calidad de vida.<\/p>\n<p><img loading=\"lazy\" class=\"alignnone size-full wp-image-392116\" src=\"https:\/\/www.medellin.gov.co\/es\/wp-content\/uploads\/2025\/03\/Fotos-Andres-Henao-Historia-Ammy-2.jpg\" alt=\"Imagen de Ammy con compa\u00f1era y maestra\" width=\"1024\" height=\"682\" srcset=\"https:\/\/www.medellin.gov.co\/es\/wp-content\/uploads\/2025\/03\/Fotos-Andres-Henao-Historia-Ammy-2.jpg 1024w, https:\/\/www.medellin.gov.co\/es\/wp-content\/uploads\/2025\/03\/Fotos-Andres-Henao-Historia-Ammy-2-300x200.jpg 300w, https:\/\/www.medellin.gov.co\/es\/wp-content\/uploads\/2025\/03\/Fotos-Andres-Henao-Historia-Ammy-2-150x100.jpg 150w, https:\/\/www.medellin.gov.co\/es\/wp-content\/uploads\/2025\/03\/Fotos-Andres-Henao-Historia-Ammy-2-768x512.jpg 768w\" sizes=\"(max-width: 1024px) 100vw, 1024px\" \/><\/p>\n<p>Para Alexandra, despu\u00e9s de este proceso que suma seis meses, ver a Ammy ingresar a la sala de desarrollo es la satisfacci\u00f3n de la misi\u00f3n cumplida: \u201c<em>La recibieron de la mejor manera porque se trabaja por la inclusi\u00f3n educativa de las ni\u00f1as y los ni\u00f1os con una alerta, una alteraci\u00f3n o una discapacidad. Para sus compa\u00f1eros es muy natural, eso es y deber\u00eda ser la inclusi\u00f3n educativa, tener una discapacidad no significa tener menos oportunidades<\/em>\u201d, concluye.<\/p>\n<p>\u201c<em>Con ella hacemos actividades basadas en la vida diaria y su cotidianidad, para que aprenda a utilizar su pinza para hacer actividades como coger un vaso, sujetarlo de la mejor manera y que pueda desempe\u00f1arse con su mano independientemente de que sea una pr\u00f3tesis, y llegar a acciones m\u00e1s finas como abrocharse la camisa o tomar una crayola<\/em>\u201d, explica, Alexandra.<\/p>\n<p><img loading=\"lazy\" class=\"alignnone size-full wp-image-392117\" src=\"https:\/\/www.medellin.gov.co\/es\/wp-content\/uploads\/2025\/03\/Fotos-Andres-Henao-Historia-Ammy-5.jpg\" alt=\"Imagen de Ammy tomando jugo\" width=\"1024\" height=\"694\" srcset=\"https:\/\/www.medellin.gov.co\/es\/wp-content\/uploads\/2025\/03\/Fotos-Andres-Henao-Historia-Ammy-5.jpg 1024w, https:\/\/www.medellin.gov.co\/es\/wp-content\/uploads\/2025\/03\/Fotos-Andres-Henao-Historia-Ammy-5-300x203.jpg 300w, https:\/\/www.medellin.gov.co\/es\/wp-content\/uploads\/2025\/03\/Fotos-Andres-Henao-Historia-Ammy-5-150x102.jpg 150w, https:\/\/www.medellin.gov.co\/es\/wp-content\/uploads\/2025\/03\/Fotos-Andres-Henao-Historia-Ammy-5-768x521.jpg 768w\" sizes=\"(max-width: 1024px) 100vw, 1024px\" \/><\/p>\n<p>Esta administraci\u00f3n est\u00e1 convencida de que en la educaci\u00f3n inicial la discapacidad no es un elemento de exclusi\u00f3n para la primera infancia.<\/p>\n<h4><strong>Corazones y amores <\/strong><\/h4>\n<p>Desde el 2024, el programa Buen Comienzo ha realizado en Medell\u00edn un trabajo arduo para ofrecer una atenci\u00f3n integral sin barreras para las ni\u00f1as y los ni\u00f1os con alteraciones, alertas en desarrollo y con discapacidad, es por esta raz\u00f3n que en los jardines y centros infantiles desde la administraci\u00f3n del alcalde Federico Guti\u00e9rrez se cuenta con el perfil de educadores especiales.<\/p>\n<p>\u201c<em>Yo traje mi nieta a Buen Comienzo y ver como sus compa\u00f1eros la recibieron, es una cosa hermosa. Ella es la ni\u00f1a m\u00e1s feliz, nunca se ve triste y solo da amor<\/em>\u201d, a\u00f1ade Sandra.<\/p>\n<p><img loading=\"lazy\" class=\"alignnone size-full wp-image-392119\" src=\"https:\/\/www.medellin.gov.co\/es\/wp-content\/uploads\/2025\/03\/Fotos-Andres-Henao-Historia-Ammy-14.jpg\" alt=\"Imagen de Ammy dibujando con compa\u00f1era y maestra\" width=\"1024\" height=\"682\" srcset=\"https:\/\/www.medellin.gov.co\/es\/wp-content\/uploads\/2025\/03\/Fotos-Andres-Henao-Historia-Ammy-14.jpg 1024w, https:\/\/www.medellin.gov.co\/es\/wp-content\/uploads\/2025\/03\/Fotos-Andres-Henao-Historia-Ammy-14-300x200.jpg 300w, https:\/\/www.medellin.gov.co\/es\/wp-content\/uploads\/2025\/03\/Fotos-Andres-Henao-Historia-Ammy-14-150x100.jpg 150w, https:\/\/www.medellin.gov.co\/es\/wp-content\/uploads\/2025\/03\/Fotos-Andres-Henao-Historia-Ammy-14-768x512.jpg 768w\" sizes=\"(max-width: 1024px) 100vw, 1024px\" \/><\/p>\n<p>Al finalizar la jornada, Ammy y Sandra, se abrazan amorosamente y entrelazan sus manos para iniciar su retorno a casa, tomando el camino hasta la ruta del bus. La peque\u00f1a estrella del centro infantil reparte despedidas, a algunos les da la mano y a otros les reparte corazones.<\/p>\n<h4><strong>En Buen Comienzo todav\u00eda hay cupos: las inscripciones son permanentes. \u00bfQui\u00e9nes se pueden inscribir?<\/strong><\/h4>\n<p><img loading=\"lazy\" class=\"alignnone wp-image-226958 size-full\" src=\"https:\/\/www.medellin.gov.co\/es\/wp-content\/uploads\/2023\/07\/logo-buen-comienzo.png\" alt=\"\" width=\"177\" height=\"50\" srcset=\"https:\/\/www.medellin.gov.co\/es\/wp-content\/uploads\/2023\/07\/logo-buen-comienzo.png 177w, https:\/\/www.medellin.gov.co\/es\/wp-content\/uploads\/2023\/07\/logo-buen-comienzo-150x42.png 150w\" sizes=\"(max-width: 177px) 100vw, 177px\" \/><\/p>\n<p>La atenci\u00f3n en Buen Comienzo est\u00e1 dirigida a ni\u00f1as y ni\u00f1os hasta los cinco a\u00f1os y mujeres gestantes y lactantes de todas las comunas y corregimientos del <a href=\"https:\/\/www.medellin.gov.co\/\" target=\"_blank\" rel=\"noopener\">Distrito de Medell\u00edn.<\/a><\/p>\n<p><strong>\u00bfD\u00f3nde se realiza la inscripci\u00f3n?<\/strong><\/p>\n<p>El proceso de matr\u00edcula se puede realizar ingresando a <a href=\"http:\/\/www.medellin.edu.co\">www.medellin.edu.co<\/a> Tambi\u00e9n est\u00e1 habilitada la posibilidad de realizar la inscripci\u00f3n en alg\u00fan centro o jard\u00edn infantil cercano al lugar de residencia.<\/p>\n<p><img loading=\"lazy\" class=\"alignnone size-large wp-image-392121\" src=\"https:\/\/www.medellin.gov.co\/es\/wp-content\/uploads\/2025\/03\/Captura-1024x535.png\" alt=\"Captura de pantalla medellin.edu.co\" width=\"1024\" height=\"535\" srcset=\"https:\/\/www.medellin.gov.co\/es\/wp-content\/uploads\/2025\/03\/Captura-1024x535.png 1024w, https:\/\/www.medellin.gov.co\/es\/wp-content\/uploads\/2025\/03\/Captura-300x157.png 300w, https:\/\/www.medellin.gov.co\/es\/wp-content\/uploads\/2025\/03\/Captura-150x78.png 150w, https:\/\/www.medellin.gov.co\/es\/wp-content\/uploads\/2025\/03\/Captura-768x402.png 768w, https:\/\/www.medellin.gov.co\/es\/wp-content\/uploads\/2025\/03\/Captura-1536x803.png 1536w, https:\/\/www.medellin.gov.co\/es\/wp-content\/uploads\/2025\/03\/Captura.png 1920w\" sizes=\"(max-width: 1024px) 100vw, 1024px\" \/><\/p>\n<p><strong>\u00bfCu\u00e1les son las modalidades de atenci\u00f3n de Buen Comienzo? Los requisitos que se deben tener en cuenta para modalidad institucional: \u00a0<\/strong><\/p>\n<ul>\n<li>Fotocopia de documento de identidad del acudiente.<\/li>\n<li>Fotocopia del documento de identidad de la ni\u00f1a o el ni\u00f1o.<\/li>\n<li>Fotocopia del carn\u00e9 de vacunaci\u00f3n.<\/li>\n<li>Fotocopia del Carn\u00e9 de Valoraci\u00f3n Integral (antes llamado Carn\u00e9 de Crecimiento y Desarrollo).<\/li>\n<li>Fotocopia del certificado del Sisb\u00e9n.<\/li>\n<li>Cuenta de servicios p\u00fablicos.<\/li>\n<\/ul>\n<p><img loading=\"lazy\" class=\"wp-image-375851 size-large\" src=\"https:\/\/www.medellin.gov.co\/es\/wp-content\/uploads\/2024\/12\/Buen_Comienzo-3-1024x779.jpg\" alt=\"Imagen de Ni\u00f1os Buen Comienzo\" width=\"1024\" height=\"779\" srcset=\"https:\/\/www.medellin.gov.co\/es\/wp-content\/uploads\/2024\/12\/Buen_Comienzo-3-1024x779.jpg 1024w, https:\/\/www.medellin.gov.co\/es\/wp-content\/uploads\/2024\/12\/Buen_Comienzo-3-300x228.jpg 300w, https:\/\/www.medellin.gov.co\/es\/wp-content\/uploads\/2024\/12\/Buen_Comienzo-3-150x114.jpg 150w, https:\/\/www.medellin.gov.co\/es\/wp-content\/uploads\/2024\/12\/Buen_Comienzo-3-768x584.jpg 768w, https:\/\/www.medellin.gov.co\/es\/wp-content\/uploads\/2024\/12\/Buen_Comienzo-3.jpg 1118w\" sizes=\"(max-width: 1024px) 100vw, 1024px\" \/><\/p>\n<p><strong>Para modalidad familiar ni\u00f1as y ni\u00f1os entre 0 y 2 a\u00f1os: \u00bfQu\u00e9 requisitos b\u00e1sicos se deben tener en cuenta?<\/strong><\/p>\n<ul>\n<li>Fotocopia del registro civil de nacimiento.<\/li>\n<li>Fotocopia del documento de identidad del cuidador.<\/li>\n<li>Fotocopia del Carn\u00e9 de Valoraci\u00f3n Integral.<\/li>\n<li>Fotocopia de los servicios p\u00fablicos actualizada.<\/li>\n<li>Certificado del Sisb\u00e9n.<\/li>\n<li>Certificado ADRES y\/o FOSYGA.<\/li>\n<\/ul>\n<p><img loading=\"lazy\" class=\"alignnone size-large wp-image-309028\" src=\"https:\/\/www.medellin.gov.co\/es\/wp-content\/uploads\/2024\/04\/dia_tierra_2024-5-1024x576.jpg\" alt=\"Buen Comienzo\" width=\"1024\" height=\"576\" srcset=\"https:\/\/www.medellin.gov.co\/es\/wp-content\/uploads\/2024\/04\/dia_tierra_2024-5-1024x576.jpg 1024w, https:\/\/www.medellin.gov.co\/es\/wp-content\/uploads\/2024\/04\/dia_tierra_2024-5-300x169.jpg 300w, https:\/\/www.medellin.gov.co\/es\/wp-content\/uploads\/2024\/04\/dia_tierra_2024-5-150x84.jpg 150w, https:\/\/www.medellin.gov.co\/es\/wp-content\/uploads\/2024\/04\/dia_tierra_2024-5-768x432.jpg 768w, https:\/\/www.medellin.gov.co\/es\/wp-content\/uploads\/2024\/04\/dia_tierra_2024-5.jpg 1280w\" sizes=\"(max-width: 1024px) 100vw, 1024px\" \/><\/p>\n<p><strong>Para modalidad familiar madres gestantes: \u00bfQu\u00e9 requisitos b\u00e1sicos se deben tener en cuenta?<\/strong><\/p>\n<ul>\n<li>Fotocopia del documento de identidad.<\/li>\n<li>Fotocopia del carn\u00e9 de control prenatal.<\/li>\n<li>Fotocopia del carn\u00e9 de vacunaci\u00f3n.<\/li>\n<li>Fotocopia de los servicios p\u00fablicos actualizada.<\/li>\n<li>Certificado del Sisb\u00e9n.<\/li>\n<li>Certificado ADRES y\/o FOSYGA.<\/li>\n<\/ul>\n<p><img loading=\"lazy\" class=\"alignnone size-large wp-image-252265\" src=\"https:\/\/www.medellin.gov.co\/es\/wp-content\/uploads\/2023\/09\/modelo-flexible-bueno-comienzo-1-1024x768.jpg\" alt=\"Modelo flexible Buen Comienzo\" width=\"1024\" height=\"768\" srcset=\"https:\/\/www.medellin.gov.co\/es\/wp-content\/uploads\/2023\/09\/modelo-flexible-bueno-comienzo-1-1024x768.jpg 1024w, https:\/\/www.medellin.gov.co\/es\/wp-content\/uploads\/2023\/09\/modelo-flexible-bueno-comienzo-1-300x225.jpg 300w, https:\/\/www.medellin.gov.co\/es\/wp-content\/uploads\/2023\/09\/modelo-flexible-bueno-comienzo-1-150x113.jpg 150w, https:\/\/www.medellin.gov.co\/es\/wp-content\/uploads\/2023\/09\/modelo-flexible-bueno-comienzo-1-768x576.jpg 768w, https:\/\/www.medellin.gov.co\/es\/wp-content\/uploads\/2023\/09\/modelo-flexible-bueno-comienzo-1.jpg 1200w\" sizes=\"(max-width: 1024px) 100vw, 1024px\" \/><\/p>\n<p><strong>\u00bfTiene alg\u00fan costo la inscripci\u00f3n?<\/strong><\/p>\n<p>No, todos los servicios ofrecidos por el programa Buen Comienzo son gratuitos y financiados en su totalidad por la Alcald\u00eda de Medell\u00edn.<\/p>\n","protected":false},"excerpt":{"rendered":"<p>Desde que recibi\u00f3 su pr\u00f3tesis, Ammy Mar\u00edn, de tan solo cuatro a\u00f1os, no ha parado de hacer corazones con sus peque\u00f1as manos. Y no es para menos, lleva dos meses adapt\u00e1ndose a su nuevo estilo &#8230;<\/p>\n","protected":false},"author":97,"featured_media":392111,"comment_status":"open","ping_status":"open","sticky":false,"template":"","format":"standard","meta":[],"categories":[4,533],"tags":[451,431,704,455],"formato_nota":[],"programas_tax":[],"acf":[],"_links":{"self":[{"href":"https:\/\/www.medellin.gov.co\/es\/wp-json\/wp\/v2\/posts\/392109"}],"collection":[{"href":"https:\/\/www.medellin.gov.co\/es\/wp-json\/wp\/v2\/posts"}],"about":[{"href":"https:\/\/www.medellin.gov.co\/es\/wp-json\/wp\/v2\/types\/post"}],"author":[{"embeddable":true,"href":"https:\/\/www.medellin.gov.co\/es\/wp-json\/wp\/v2\/users\/97"}],"replies":[{"embeddable":true,"href":"https:\/\/www.medellin.gov.co\/es\/wp-json\/wp\/v2\/comments?post=392109"}],"version-history":[{"count":6,"href":"https:\/\/www.medellin.gov.co\/es\/wp-json\/wp\/v2\/posts\/392109\/revisions"}],"predecessor-version":[{"id":392395,"href":"https:\/\/www.medellin.gov.co\/es\/wp-json\/wp\/v2\/posts\/392109\/revisions\/392395"}],"wp:featuredmedia":[{"embeddable":true,"href":"https:\/\/www.medellin.gov.co\/es\/wp-json\/wp\/v2\/media\/392111"}],"wp:attachment":[{"href":"https:\/\/www.medellin.gov.co\/es\/wp-json\/wp\/v2\/media?parent=392109"}],"wp:term":[{"taxonomy":"category","embeddable":true,"href":"https:\/\/www.medellin.gov.co\/es\/wp-json\/wp\/v2\/categories?post=392109"},{"taxonomy":"post_tag","embeddable":true,"href":"https:\/\/www.medellin.gov.co\/es\/wp-json\/wp\/v2\/tags?post=392109"},{"taxonomy":"formato_nota","embeddable":true,"href":"https:\/\/www.medellin.gov.co\/es\/wp-json\/wp\/v2\/formato_nota?post=392109"},{"taxonomy":"programas_tax","embeddable":true,"href":"https:\/\/www.medellin.gov.co\/es\/wp-json\/wp\/v2\/programas_tax?post=392109"}],"curies":[{"name":"wp","href":"https:\/\/api.w.org\/{rel}","templated":true}]}}