{"id":392349,"date":"2025-03-12T14:06:55","date_gmt":"2025-03-12T19:06:55","guid":{"rendered":"https:\/\/www.medellin.gov.co\/es\/?p=392349"},"modified":"2025-03-12T14:11:41","modified_gmt":"2025-03-12T19:11:41","slug":"convocatorias-para-educacion-superior","status":"publish","type":"post","link":"https:\/\/www.medellin.gov.co\/es\/sala-de-prensa\/noticias\/convocatorias-para-educacion-superior\/","title":{"rendered":"\u201cPara m\u00ed es fundamental que los j\u00f3venes sepan que en Medell\u00edn se cumplen los sue\u00f1os\u201d: alcalde Federico Guti\u00e9rrez, al invitar a las convocatorias para educaci\u00f3n superior"},"content":{"rendered":"<ul>\n<li>De los nuevos beneficiarios, 245 comenzaron sus estudios con recursos de Presupuesto Participativo, 203 con recurso ordinario y 172 recibieron la beca Mejores Bachilleres.<\/li>\n<li>Para cubrir estas 620 becas y cr\u00e9ditos condonables, Sapiencia invirti\u00f3 $45.000 millones, aproximadamente.<\/li>\n<\/ul>\n<!--[if lt IE 9]><script>document.createElement('audio');<\/script><![endif]-->\n\t<div class=\"wp-playlist wp-audio-playlist wp-playlist-light\">\n\t\t\t<div class=\"wp-playlist-current-item\"><\/div>\n\t\t<audio controls=\"controls\" preload=\"none\" width=\"640\"\n\t\t\t><\/audio>\n\t<div class=\"wp-playlist-next\"><\/div>\n\t<div class=\"wp-playlist-prev\"><\/div>\n\t<noscript>\n\t<ol>\n\t\t<li><a href='https:\/\/www.medellin.gov.co\/es\/wp-content\/uploads\/2025\/03\/Alcalde-Convocatorias-Educacion-Superior-01.mp3'>Palabras de Federico Guti\u00e9rrez, alcalde de Medell\u00edn (intervenci\u00f3n 1)<\/a><\/li><li><a href='https:\/\/www.medellin.gov.co\/es\/wp-content\/uploads\/2025\/03\/Alcalde-Convocatorias-Educacion-Superior-02.mp3'>Palabras de Federico Guti\u00e9rrez, alcalde de Medell\u00edn (intervenci\u00f3n 2)<\/a><\/li><li><a href='https:\/\/www.medellin.gov.co\/es\/wp-content\/uploads\/2025\/03\/Convocatorias-Educacion-Superior-03.mp3'>Palabras de Karen Garc\u00eda, estudiante de psicolog\u00eda en la Universidad Eafit<\/a><\/li><li><a href='https:\/\/www.medellin.gov.co\/es\/wp-content\/uploads\/2025\/03\/Convocatorias-Educacion-Superior-04.mp3'>Palabras de Guillermo M\u00fanera Lopera, padre de uno de los beneficiarios<\/a><\/li>\t<\/ol>\n\t<\/noscript>\n\t<script type=\"application\/json\" class=\"wp-playlist-script\">{\"type\":\"audio\",\"tracklist\":true,\"tracknumbers\":true,\"images\":true,\"artists\":true,\"tracks\":[{\"src\":\"https:\\\/\\\/www.medellin.gov.co\\\/es\\\/wp-content\\\/uploads\\\/2025\\\/03\\\/Alcalde-Convocatorias-Educacion-Superior-01.mp3\",\"type\":\"audio\\\/mpeg\",\"title\":\"Palabras de Federico Guti\\u00e9rrez, alcalde de Medell\\u00edn (intervenci\\u00f3n 1)\",\"caption\":\"\",\"description\":\"\\u00abPalabras de Federico Guti\\u00e9rrez, alcalde de Medell\\u00edn (intervenci\\u00f3n 1)\\u00bb\",\"meta\":{\"year\":\"1904\",\"length_formatted\":\"2:03\"},\"image\":{\"src\":\"https:\\\/\\\/www.medellin.gov.co\\\/es\\\/wp-includes\\\/images\\\/media\\\/audio.png\",\"width\":48,\"height\":64},\"thumb\":{\"src\":\"https:\\\/\\\/www.medellin.gov.co\\\/es\\\/wp-includes\\\/images\\\/media\\\/audio.png\",\"width\":48,\"height\":64}},{\"src\":\"https:\\\/\\\/www.medellin.gov.co\\\/es\\\/wp-content\\\/uploads\\\/2025\\\/03\\\/Alcalde-Convocatorias-Educacion-Superior-02.mp3\",\"type\":\"audio\\\/mpeg\",\"title\":\"Palabras de Federico Guti\\u00e9rrez, alcalde de Medell\\u00edn (intervenci\\u00f3n 2)\",\"caption\":\"\",\"description\":\"\\u00abPalabras de Federico Guti\\u00e9rrez, alcalde de Medell\\u00edn (intervenci\\u00f3n 2)\\u00bb.\",\"meta\":{\"year\":\"1904\",\"length_formatted\":\"2:00\"},\"image\":{\"src\":\"https:\\\/\\\/www.medellin.gov.co\\\/es\\\/wp-includes\\\/images\\\/media\\\/audio.png\",\"width\":48,\"height\":64},\"thumb\":{\"src\":\"https:\\\/\\\/www.medellin.gov.co\\\/es\\\/wp-includes\\\/images\\\/media\\\/audio.png\",\"width\":48,\"height\":64}},{\"src\":\"https:\\\/\\\/www.medellin.gov.co\\\/es\\\/wp-content\\\/uploads\\\/2025\\\/03\\\/Convocatorias-Educacion-Superior-03.mp3\",\"type\":\"audio\\\/mpeg\",\"title\":\"Palabras de Karen Garc\\u00eda, estudiante de psicolog\\u00eda en la Universidad Eafit\",\"caption\":\"\",\"description\":\"\\u00abPalabras de Karen Garc\\u00eda, estudiante de psicolog\\u00eda en la Universidad Eafit\\u00bb.\",\"meta\":{\"genre\":\"Blues\",\"length_formatted\":\"1:32\"},\"image\":{\"src\":\"https:\\\/\\\/www.medellin.gov.co\\\/es\\\/wp-includes\\\/images\\\/media\\\/audio.png\",\"width\":48,\"height\":64},\"thumb\":{\"src\":\"https:\\\/\\\/www.medellin.gov.co\\\/es\\\/wp-includes\\\/images\\\/media\\\/audio.png\",\"width\":48,\"height\":64}},{\"src\":\"https:\\\/\\\/www.medellin.gov.co\\\/es\\\/wp-content\\\/uploads\\\/2025\\\/03\\\/Convocatorias-Educacion-Superior-04.mp3\",\"type\":\"audio\\\/mpeg\",\"title\":\"Palabras de Guillermo M\\u00fanera Lopera, padre de uno de los beneficiarios\",\"caption\":\"\",\"description\":\"\\u00abPalabras de Guillermo M\\u00fanera Lopera, padre de uno de los beneficiarios\\u00bb.\",\"meta\":{\"genre\":\"Blues\",\"length_formatted\":\"1:17\"},\"image\":{\"src\":\"https:\\\/\\\/www.medellin.gov.co\\\/es\\\/wp-includes\\\/images\\\/media\\\/audio.png\",\"width\":48,\"height\":64},\"thumb\":{\"src\":\"https:\\\/\\\/www.medellin.gov.co\\\/es\\\/wp-includes\\\/images\\\/media\\\/audio.png\",\"width\":48,\"height\":64}}]}<\/script>\n<\/div>\n\t\n<p>620 j\u00f3venes del Distrito recibieron el certificado e instructivo del cr\u00e9dito condonable de Fondos Sapiencia y de Becas Mejores Bachilleres para iniciar sus estudios de educaci\u00f3n superior en universidades no oficiales de la ciudad. De esta manera, la ciudad reafirma que estudiar es posible y que la educaci\u00f3n es clave para transformar vidas.<\/p>\n<p>El alcalde Federico Guti\u00e9rrez Zuluaga lider\u00f3 la entrega de los documentos en la Ciudadela de Occidente, C4TA. Los j\u00f3venes estuvieron acompa\u00f1ados de sus padres y tutores en una muestra de apoyo familiar incondicional al inicio de esta nueva etapa de sus vidas.<\/p>\n<p>\u201c<em>Para m\u00ed es fundamental que los j\u00f3venes sepan que en Medell\u00edn se cumplen los sue\u00f1os: pres\u00e9ntense. Sigan luch\u00e1ndola; yo felicito a los pap\u00e1s y mam\u00e1s que han sacado a sus hijos adelante, que por alguna raz\u00f3n no tienen los recursos necesarios para darles una educaci\u00f3n superior. An\u00edmenlos a que se presenten. Y agradecerles a los ciudadanos, que sepan que ah\u00ed est\u00e1n invertidos los impuestos que pagan cumplidamente. Aqu\u00ed lo que hay es sue\u00f1os y esto s\u00ed que transforma vidas<\/em>\u201d, explic\u00f3 el alcalde Federico Guti\u00e9rrez Zuluaga.<\/p>\n<div id=\"attachment_392305\" style=\"width: 1180px\" class=\"wp-caption alignnone\"><a href=\"https:\/\/www.medellin.gov.co\/es\/wp-content\/uploads\/2025\/03\/Convocatorias-Educacion-Superior-2.jpg\" target=\"_blank\" rel=\"noopener\"><img aria-describedby=\"caption-attachment-392305\" loading=\"lazy\" class=\"wp-image-392305 size-full\" title=\"\u201cPara m\u00ed es fundamental que los j\u00f3venes sepan que en Medell\u00edn se cumplen los sue\u00f1os\u201d: alcalde Federico Guti\u00e9rrez, al invitar a las convocatorias para educaci\u00f3n superior\" src=\"https:\/\/www.medellin.gov.co\/es\/wp-content\/uploads\/2025\/03\/Convocatorias-Educacion-Superior-2.jpg\" alt=\"Convocatorias para educaci\u00f3n superior\" width=\"1170\" height=\"780\" srcset=\"https:\/\/www.medellin.gov.co\/es\/wp-content\/uploads\/2025\/03\/Convocatorias-Educacion-Superior-2.jpg 1170w, https:\/\/www.medellin.gov.co\/es\/wp-content\/uploads\/2025\/03\/Convocatorias-Educacion-Superior-2-300x200.jpg 300w, https:\/\/www.medellin.gov.co\/es\/wp-content\/uploads\/2025\/03\/Convocatorias-Educacion-Superior-2-1024x683.jpg 1024w, https:\/\/www.medellin.gov.co\/es\/wp-content\/uploads\/2025\/03\/Convocatorias-Educacion-Superior-2-150x100.jpg 150w, https:\/\/www.medellin.gov.co\/es\/wp-content\/uploads\/2025\/03\/Convocatorias-Educacion-Superior-2-768x512.jpg 768w\" sizes=\"(max-width: 1170px) 100vw, 1170px\" \/><\/a><p id=\"caption-attachment-392305\" class=\"wp-caption-text\">Convocatorias para educaci\u00f3n superior<\/p><\/div>\n<p>De los nuevos beneficiarios, 245 comenzaron sus estudios con recursos priorizados por Presupuesto Participativo. Los otros 203 accedieron a su carrera universitaria por la l\u00ednea de recursos ordinarios (RO). La ayuda cubre el pago de matr\u00edcula y sostenimiento hasta de 5,5 salarios m\u00ednimos legales mensuales vigentes (SMMLV) por periodo acad\u00e9mico, en estudios de nivel t\u00e9cnico<\/p>\n<p>profesional, tecnolog\u00eda o carreras profesionales en instituciones de educaci\u00f3n superior (IES) privadas.<\/p>\n<p>Adem\u00e1s, el Distrito tambi\u00e9n reconoce el esfuerzo y dedicaci\u00f3n de sus mejores bachilleres, j\u00f3venes que alcanzaron los m\u00e1s altos puntajes en las pruebas Saber Pro. Como recompensa a su excelencia acad\u00e9mica, estos 172 estudiantes destacados no pagar\u00e1n un peso por la carrera que eligieron en la universidad de su preferencia, gracias a las becas otorgadas a trav\u00e9s del programa Mejores Bachilleres y al acompa\u00f1amiento brindado por Sapiencia. Este se mantiene como un compromiso para ampliar el acceso a la educaci\u00f3n superior.<\/p>\n<p>Para cubrir estas 620 becas y cr\u00e9ditos condonables, Sapiencia invirti\u00f3 $45.000 millones, aproximadamente, as\u00ed: Presupuesto Participativo ($15.231 millones); Recurso Ordinario ($12.348 millones); Mejores Bachilleres ($17.000 millones).<\/p>\n<p><a href=\"https:\/\/www.medellin.gov.co\/es\/wp-content\/uploads\/2025\/03\/Convocatorias-Educacion-Superior-1.jpg\" target=\"_blank\" rel=\"noopener\"><img loading=\"lazy\" class=\"alignnone wp-image-392306 size-full\" src=\"https:\/\/www.medellin.gov.co\/es\/wp-content\/uploads\/2025\/03\/Convocatorias-Educacion-Superior-1.jpg\" alt=\"\" width=\"1280\" height=\"720\" srcset=\"https:\/\/www.medellin.gov.co\/es\/wp-content\/uploads\/2025\/03\/Convocatorias-Educacion-Superior-1.jpg 1280w, https:\/\/www.medellin.gov.co\/es\/wp-content\/uploads\/2025\/03\/Convocatorias-Educacion-Superior-1-300x169.jpg 300w, https:\/\/www.medellin.gov.co\/es\/wp-content\/uploads\/2025\/03\/Convocatorias-Educacion-Superior-1-1024x576.jpg 1024w, https:\/\/www.medellin.gov.co\/es\/wp-content\/uploads\/2025\/03\/Convocatorias-Educacion-Superior-1-150x84.jpg 150w, https:\/\/www.medellin.gov.co\/es\/wp-content\/uploads\/2025\/03\/Convocatorias-Educacion-Superior-1-768x432.jpg 768w\" sizes=\"(max-width: 1280px) 100vw, 1280px\" \/><\/a><\/p>\n<p>\u201c<em>Me considero privilegiada porque, por ejemplo, mi madre solo alcanz\u00f3 a terminar el bachillerato y mi padre termin\u00f3 nada m\u00e1s que quinto de primaria. Soy de las primeras en mi familia que ha tenido esta oportunidad tan grande que es formarse profesionalmente en la universidad<\/em>\u201d, expres\u00f3 la estudiante Karen Garc\u00eda, quien se forma como psic\u00f3loga en la Universidad Eafit.<\/p>\n<p>La convocatoria 2025-1 para inscripci\u00f3n y postulaci\u00f3n a la l\u00ednea de cr\u00e9ditos condonables en pregrado se abri\u00f3 el 15 de octubre de 2024 y se extendi\u00f3 hasta el 25 de noviembre. La legalizaci\u00f3n de los beneficios se llev\u00f3 a cabo entre el 4 de diciembre de 2024 hasta el 28 de febrero de 2025 y agotar los recursos.<\/p>\n<p>\u201c<em>La Alcald\u00eda le est\u00e1 ayudando a Kevin. Eso para nosotros es mucho, porque uno aqu\u00ed se sostiene con lo de la casa. Para darle ese estudio, uno no es capaz. Le agradezco tambi\u00e9n a Sapiencia por esa oportunidad de haberle dado a m\u00ed<\/em>\u201d, concluy\u00f3 Guillermo M\u00fanera, padre de uno de los beneficiarios.<\/p>\n<p>La convocatoria de Fondos Sapiencia para el segundo semestre de 2025 se abrir\u00e1 en mayo. Habr\u00e1 oferta con recursos de Presupuesto Participativo y Recurso Ordinario en las l\u00edneas de Pregrado y Posgrado (Formaci\u00f3n avanzada) y la Beca Mejores Deportistas. Se invertir\u00e1n $40.000 millones.<\/p>\n","protected":false},"excerpt":{"rendered":"<p>De los nuevos beneficiarios, 245 comenzaron sus estudios con recursos de Presupuesto Participativo, 203 con recurso ordinario y 172 recibieron la beca Mejores Bachilleres. Para cubrir estas 620 becas y cr\u00e9ditos condonables, Sapiencia invirti\u00f3 $45.000 &#8230;<\/p>\n","protected":false},"author":21,"featured_media":392303,"comment_status":"open","ping_status":"open","sticky":false,"template":"","format":"standard","meta":[],"categories":[4],"tags":[431],"formato_nota":[],"programas_tax":[],"acf":[],"_links":{"self":[{"href":"https:\/\/www.medellin.gov.co\/es\/wp-json\/wp\/v2\/posts\/392349"}],"collection":[{"href":"https:\/\/www.medellin.gov.co\/es\/wp-json\/wp\/v2\/posts"}],"about":[{"href":"https:\/\/www.medellin.gov.co\/es\/wp-json\/wp\/v2\/types\/post"}],"author":[{"embeddable":true,"href":"https:\/\/www.medellin.gov.co\/es\/wp-json\/wp\/v2\/users\/21"}],"replies":[{"embeddable":true,"href":"https:\/\/www.medellin.gov.co\/es\/wp-json\/wp\/v2\/comments?post=392349"}],"version-history":[{"count":1,"href":"https:\/\/www.medellin.gov.co\/es\/wp-json\/wp\/v2\/posts\/392349\/revisions"}],"predecessor-version":[{"id":392352,"href":"https:\/\/www.medellin.gov.co\/es\/wp-json\/wp\/v2\/posts\/392349\/revisions\/392352"}],"wp:featuredmedia":[{"embeddable":true,"href":"https:\/\/www.medellin.gov.co\/es\/wp-json\/wp\/v2\/media\/392303"}],"wp:attachment":[{"href":"https:\/\/www.medellin.gov.co\/es\/wp-json\/wp\/v2\/media?parent=392349"}],"wp:term":[{"taxonomy":"category","embeddable":true,"href":"https:\/\/www.medellin.gov.co\/es\/wp-json\/wp\/v2\/categories?post=392349"},{"taxonomy":"post_tag","embeddable":true,"href":"https:\/\/www.medellin.gov.co\/es\/wp-json\/wp\/v2\/tags?post=392349"},{"taxonomy":"formato_nota","embeddable":true,"href":"https:\/\/www.medellin.gov.co\/es\/wp-json\/wp\/v2\/formato_nota?post=392349"},{"taxonomy":"programas_tax","embeddable":true,"href":"https:\/\/www.medellin.gov.co\/es\/wp-json\/wp\/v2\/programas_tax?post=392349"}],"curies":[{"name":"wp","href":"https:\/\/api.w.org\/{rel}","templated":true}]}}