{"id":392353,"date":"2025-03-12T14:33:23","date_gmt":"2025-03-12T19:33:23","guid":{"rendered":"https:\/\/www.medellin.gov.co\/es\/?p=392353"},"modified":"2025-03-12T14:33:23","modified_gmt":"2025-03-12T19:33:23","slug":"la-administracion-distrital-fijo-las-fechas-de-vencimiento-para-presentar-la-declaracion-del-impuesto-de-industria-y-comercio-en-medellin","status":"publish","type":"post","link":"https:\/\/www.medellin.gov.co\/es\/sala-de-prensa\/noticias\/la-administracion-distrital-fijo-las-fechas-de-vencimiento-para-presentar-la-declaracion-del-impuesto-de-industria-y-comercio-en-medellin\/","title":{"rendered":"La Administraci\u00f3n Distrital fij\u00f3 las fechas de vencimiento para presentar la declaraci\u00f3n del impuesto de industria y comercio en Medell\u00edn"},"content":{"rendered":"<ul>\n<li>Inician el 10 y van hasta el 30 de abril, seg\u00fan el \u00faltimo d\u00edgito del N\u00famero de Identificaci\u00f3n Tributaria (NIT), sin tener en cuenta el d\u00edgito de verificaci\u00f3n.<\/li>\n<li>Se realiza \u00fanicamente de manera virtual en <a href=\"http:\/\/www.medellin.gov.co\">www.medellin.gov.co<\/a> y puede pagarse de manera inmediata a trav\u00e9s del mismo canal.<\/li>\n<\/ul>\n<!--[if lt IE 9]><script>document.createElement('audio');<\/script><![endif]-->\n\t<div class=\"wp-playlist wp-audio-playlist wp-playlist-light\">\n\t\t\t<div class=\"wp-playlist-current-item\"><\/div>\n\t\t<audio controls=\"controls\" preload=\"none\" width=\"640\"\n\t\t\t><\/audio>\n\t<div class=\"wp-playlist-next\"><\/div>\n\t<div class=\"wp-playlist-prev\"><\/div>\n\t<noscript>\n\t<ol>\n\t\t<li><a href='https:\/\/www.medellin.gov.co\/es\/wp-content\/uploads\/2025\/03\/Vencimiento-Industria-Comercio-01.mp3'>Palabras de Liliana Eugenia Zapata Jaramillo, subsecretaria de Ingresos<\/a><\/li>\t<\/ol>\n\t<\/noscript>\n\t<script type=\"application\/json\" class=\"wp-playlist-script\">{\"type\":\"audio\",\"tracklist\":true,\"tracknumbers\":true,\"images\":true,\"artists\":true,\"tracks\":[{\"src\":\"https:\\\/\\\/www.medellin.gov.co\\\/es\\\/wp-content\\\/uploads\\\/2025\\\/03\\\/Vencimiento-Industria-Comercio-01.mp3\",\"type\":\"audio\\\/mpeg\",\"title\":\"Palabras de Liliana Eugenia Zapata Jaramillo, subsecretaria de Ingresos\",\"caption\":\"\",\"description\":\"\\u00abPalabras de Liliana Eugenia Zapata Jaramillo, subsecretaria de Ingresos\\u00bb.\",\"meta\":{\"genre\":\"Blues\",\"length_formatted\":\"1:19\"},\"image\":{\"src\":\"https:\\\/\\\/www.medellin.gov.co\\\/es\\\/wp-includes\\\/images\\\/media\\\/audio.png\",\"width\":48,\"height\":64},\"thumb\":{\"src\":\"https:\\\/\\\/www.medellin.gov.co\\\/es\\\/wp-includes\\\/images\\\/media\\\/audio.png\",\"width\":48,\"height\":64}}]}<\/script>\n<\/div>\n\t\n<p>Desde el jueves 10 de abril inician las fechas de vencimiento para presentar la declaraci\u00f3n del impuesto de industria y comercio en Medell\u00edn correspondiente al periodo gravable 2024, seg\u00fan el \u00faltimo d\u00edgito del N\u00famero de Identificaci\u00f3n Tributaria (NIT), sin tener en cuenta el d\u00edgito de verificaci\u00f3n.<\/p>\n<div id=\"attachment_392355\" style=\"width: 661px\" class=\"wp-caption alignnone\"><a href=\"https:\/\/www.medellin.gov.co\/es\/wp-content\/uploads\/2025\/03\/WhatsApp-Image-2025-03-12-at-7.03.23-AM.jpeg\" target=\"_blank\" rel=\"noopener\"><img aria-describedby=\"caption-attachment-392355\" loading=\"lazy\" class=\"wp-image-392355 size-full\" src=\"https:\/\/www.medellin.gov.co\/es\/wp-content\/uploads\/2025\/03\/WhatsApp-Image-2025-03-12-at-7.03.23-AM.jpeg\" alt=\"Fechas de vencimiento Impuesto de industria y comercio en Medell\u00edn\" width=\"651\" height=\"613\" srcset=\"https:\/\/www.medellin.gov.co\/es\/wp-content\/uploads\/2025\/03\/WhatsApp-Image-2025-03-12-at-7.03.23-AM.jpeg 651w, https:\/\/www.medellin.gov.co\/es\/wp-content\/uploads\/2025\/03\/WhatsApp-Image-2025-03-12-at-7.03.23-AM-300x282.jpeg 300w, https:\/\/www.medellin.gov.co\/es\/wp-content\/uploads\/2025\/03\/WhatsApp-Image-2025-03-12-at-7.03.23-AM-150x141.jpeg 150w\" sizes=\"(max-width: 651px) 100vw, 651px\" \/><\/a><p id=\"caption-attachment-392355\" class=\"wp-caption-text\">Fechas de vencimiento Impuesto de industria y comercio en Medell\u00edn<\/p><\/div>\n<p>\u201c<em>Es muy importante realizar a tiempo la declaraci\u00f3n del impuesto de industria y comercio, porque cumpliendo con las obligaciones tributarias hacemos que las cosas buenas sucedan en la ciudad. Nos alegra saber que en Medell\u00edn la gente paga los impuestos confiando en la transparencia de esta administraci\u00f3n, sabiendo que los recursos est\u00e1n bien invertidos en programas y proyectos sociales y de infraestructura para el desarrollo de nuestra ciudad<\/em>\u201d, dijo la subsecretaria de Ingresos, Liliana Eugenia Zapata Jaramillo.<\/p>\n<p>En esta declaraci\u00f3n, los contribuyentes informan los ingresos generados durante el a\u00f1o anterior por actividades comerciales, industriales, financieras y de servicios, gravadas con este impuesto en el Distrito, es decir que no solo las grandes empresas deben declarar.<\/p>\n<div id=\"attachment_392327\" style=\"width: 1181px\" class=\"wp-caption alignnone\"><a href=\"https:\/\/www.medellin.gov.co\/es\/wp-content\/uploads\/2025\/03\/Vencimiento-Industria-Comercio-2.jpg\" target=\"_blank\" rel=\"noopener\"><img aria-describedby=\"caption-attachment-392327\" loading=\"lazy\" class=\"wp-image-392327 size-full\" title=\"La Administraci\u00f3n Distrital fij\u00f3 las fechas de vencimiento para presentar la declaraci\u00f3n del impuesto de industria y comercio en Medell\u00edn\" src=\"https:\/\/www.medellin.gov.co\/es\/wp-content\/uploads\/2025\/03\/Vencimiento-Industria-Comercio-2.jpg\" alt=\"La Administraci\u00f3n Distrital fij\u00f3 las fechas de vencimiento para presentar la declaraci\u00f3n del impuesto de industria y comercio en Medell\u00edn\" width=\"1171\" height=\"780\" srcset=\"https:\/\/www.medellin.gov.co\/es\/wp-content\/uploads\/2025\/03\/Vencimiento-Industria-Comercio-2.jpg 1171w, https:\/\/www.medellin.gov.co\/es\/wp-content\/uploads\/2025\/03\/Vencimiento-Industria-Comercio-2-300x200.jpg 300w, https:\/\/www.medellin.gov.co\/es\/wp-content\/uploads\/2025\/03\/Vencimiento-Industria-Comercio-2-1024x682.jpg 1024w, https:\/\/www.medellin.gov.co\/es\/wp-content\/uploads\/2025\/03\/Vencimiento-Industria-Comercio-2-150x100.jpg 150w, https:\/\/www.medellin.gov.co\/es\/wp-content\/uploads\/2025\/03\/Vencimiento-Industria-Comercio-2-768x512.jpg 768w\" sizes=\"(max-width: 1171px) 100vw, 1171px\" \/><\/a><p id=\"caption-attachment-392327\" class=\"wp-caption-text\">La Administraci\u00f3n Distrital fij\u00f3 las fechas de vencimiento para presentar la declaraci\u00f3n del impuesto de industria y comercio en Medell\u00edn &#8211; Foto Alcald\u00eda de Medell\u00edn<\/p><\/div>\n<p>Si el \u00faltimo d\u00edgito del N\u00famero de Identificaci\u00f3n Tributaria (NIT) es 0, hay plazo para presentarla oportunamente hasta el 10 de abril; si es 9, hasta el d\u00eda 11; si es 8, hasta el 21 del mismo mes; si es 7, hasta el 22; si es 6, hasta el 23; si es 5, hasta el 24; si es 4, hasta el 25; si es 3, hasta el 28; si es 2, hasta el 29; y si es 1, hasta el 30 de abril.<\/p>\n<p>Los contribuyentes encuentran un paso a paso para este tr\u00e1mite en www.medellin.gov.co, bot\u00f3n Zona ICA. Se realiza \u00fanicamente de forma virtual. All\u00ed mismo pueden pagar de forma inmediata, en el bot\u00f3n Declare y Pague.<\/p>\n<p>Las declaraciones presentadas de manera oportuna se facturar\u00e1n hasta en tres cuotas, acorde con la fecha de procesamiento, mientras que las extempor\u00e1neas se facturar\u00e1n en una sola cuota.<\/p>\n<div id=\"attachment_392324\" style=\"width: 1238px\" class=\"wp-caption alignnone\"><a href=\"https:\/\/www.medellin.gov.co\/es\/wp-content\/uploads\/2025\/03\/Vencimiento-Industria-Comercio-3.jpg\" target=\"_blank\" rel=\"noopener\"><img aria-describedby=\"caption-attachment-392324\" loading=\"lazy\" class=\"wp-image-392324 size-full\" title=\"La Administraci\u00f3n Distrital fij\u00f3 las fechas de vencimiento para presentar la declaraci\u00f3n del impuesto de industria y comercio en Medell\u00edn\" src=\"https:\/\/www.medellin.gov.co\/es\/wp-content\/uploads\/2025\/03\/Vencimiento-Industria-Comercio-3.jpg\" alt=\"La Administraci\u00f3n Distrital fij\u00f3 las fechas de vencimiento para presentar la declaraci\u00f3n del impuesto de industria y comercio en Medell\u00edn\" width=\"1228\" height=\"780\" srcset=\"https:\/\/www.medellin.gov.co\/es\/wp-content\/uploads\/2025\/03\/Vencimiento-Industria-Comercio-3.jpg 1228w, https:\/\/www.medellin.gov.co\/es\/wp-content\/uploads\/2025\/03\/Vencimiento-Industria-Comercio-3-300x191.jpg 300w, https:\/\/www.medellin.gov.co\/es\/wp-content\/uploads\/2025\/03\/Vencimiento-Industria-Comercio-3-1024x650.jpg 1024w, https:\/\/www.medellin.gov.co\/es\/wp-content\/uploads\/2025\/03\/Vencimiento-Industria-Comercio-3-150x95.jpg 150w, https:\/\/www.medellin.gov.co\/es\/wp-content\/uploads\/2025\/03\/Vencimiento-Industria-Comercio-3-768x488.jpg 768w\" sizes=\"(max-width: 1228px) 100vw, 1228px\" \/><\/a><p id=\"caption-attachment-392324\" class=\"wp-caption-text\">La Administraci\u00f3n Distrital fij\u00f3 las fechas de vencimiento para presentar la declaraci\u00f3n del impuesto de industria y comercio en Medell\u00edn &#8211; Foto Alcald\u00eda de Medell\u00edn<\/p><\/div>\n<p>Quienes la presenten despu\u00e9s de la fecha de vencimiento deben liquidar una sanci\u00f3n por extemporaneidad, que puede ser del 5 % por cada mes o fracci\u00f3n de mes de retraso, o del 10 % del total del impuesto a cargo si han pasado m\u00e1s de dos meses desde la notificaci\u00f3n. Adem\u00e1s, quienes no presenten la declaraci\u00f3n, pueden recibir una sanci\u00f3n, seg\u00fan lo establecido en los art\u00edculos 351, 352 y 353 del Acuerdo 093 de 2023.<\/p>\n<p>Si el contribuyente prefiere pagar a trav\u00e9s de canales f\u00edsicos, puede acercarse a los puntos de atenci\u00f3n ubicados en los centros comerciales El Tesoro, Los Molinos, Florida y Premium Plaza, de lunes a viernes de 10:00 a. m. a 2:00 p. m. y de 3:00 p. m. a 7:00 p. m., y s\u00e1bados de 10:00 a. m. a 3:00 p. m.<\/p>\n<p>Tambi\u00e9n, pueden acudir con la factura f\u00edsica o digital a Tesorer\u00eda, en el primer piso de la Alcald\u00eda de Medell\u00edn, y cancelar en los nuevos puntos de autopago, de lunes a jueves, de 7:00 a. m. a 5:00 p. m. y los viernes de 7:30 a. m. a 4:00 p. m., en jornada continua.<\/p>\n<p>Otra opci\u00f3n es efectuar el pago en Bancolombia, Banco de Occidente, Davivienda, Banco de Bogot\u00e1, Banco AV Villas, BBVA, Colpatria, Confiar, Banco GNB Sudameris, Cooperativa Financiera Cotrafa, Cooperativa Financiera JFK y Cooperativa Financiera de Antioquia -CFA.<\/p>\n","protected":false},"excerpt":{"rendered":"<p>Inician el 10 y van hasta el 30 de abril, seg\u00fan el \u00faltimo d\u00edgito del N\u00famero de Identificaci\u00f3n Tributaria (NIT), sin tener en cuenta el d\u00edgito de verificaci\u00f3n. Se realiza \u00fanicamente de manera virtual en &#8230;<\/p>\n","protected":false},"author":21,"featured_media":392328,"comment_status":"open","ping_status":"open","sticky":false,"template":"","format":"standard","meta":[],"categories":[9],"tags":[439,455],"formato_nota":[],"programas_tax":[],"acf":[],"_links":{"self":[{"href":"https:\/\/www.medellin.gov.co\/es\/wp-json\/wp\/v2\/posts\/392353"}],"collection":[{"href":"https:\/\/www.medellin.gov.co\/es\/wp-json\/wp\/v2\/posts"}],"about":[{"href":"https:\/\/www.medellin.gov.co\/es\/wp-json\/wp\/v2\/types\/post"}],"author":[{"embeddable":true,"href":"https:\/\/www.medellin.gov.co\/es\/wp-json\/wp\/v2\/users\/21"}],"replies":[{"embeddable":true,"href":"https:\/\/www.medellin.gov.co\/es\/wp-json\/wp\/v2\/comments?post=392353"}],"version-history":[{"count":1,"href":"https:\/\/www.medellin.gov.co\/es\/wp-json\/wp\/v2\/posts\/392353\/revisions"}],"predecessor-version":[{"id":392358,"href":"https:\/\/www.medellin.gov.co\/es\/wp-json\/wp\/v2\/posts\/392353\/revisions\/392358"}],"wp:featuredmedia":[{"embeddable":true,"href":"https:\/\/www.medellin.gov.co\/es\/wp-json\/wp\/v2\/media\/392328"}],"wp:attachment":[{"href":"https:\/\/www.medellin.gov.co\/es\/wp-json\/wp\/v2\/media?parent=392353"}],"wp:term":[{"taxonomy":"category","embeddable":true,"href":"https:\/\/www.medellin.gov.co\/es\/wp-json\/wp\/v2\/categories?post=392353"},{"taxonomy":"post_tag","embeddable":true,"href":"https:\/\/www.medellin.gov.co\/es\/wp-json\/wp\/v2\/tags?post=392353"},{"taxonomy":"formato_nota","embeddable":true,"href":"https:\/\/www.medellin.gov.co\/es\/wp-json\/wp\/v2\/formato_nota?post=392353"},{"taxonomy":"programas_tax","embeddable":true,"href":"https:\/\/www.medellin.gov.co\/es\/wp-json\/wp\/v2\/programas_tax?post=392353"}],"curies":[{"name":"wp","href":"https:\/\/api.w.org\/{rel}","templated":true}]}}