{"id":392360,"date":"2025-03-12T14:38:49","date_gmt":"2025-03-12T19:38:49","guid":{"rendered":"https:\/\/www.medellin.gov.co\/es\/?p=392360"},"modified":"2025-03-12T14:38:49","modified_gmt":"2025-03-12T19:38:49","slug":"medellin-fortalece-la-hoja-de-ruta-de-su-plan-de-cultura-a-10-anos-con-122-acciones-proyectadas","status":"publish","type":"post","link":"https:\/\/www.medellin.gov.co\/es\/sala-de-prensa\/noticias\/medellin-fortalece-la-hoja-de-ruta-de-su-plan-de-cultura-a-10-anos-con-122-acciones-proyectadas\/","title":{"rendered":"Medell\u00edn fortalece la hoja de ruta de su plan de cultura a 10 a\u00f1os con 122 acciones proyectadas"},"content":{"rendered":"<!--[if lt IE 9]><script>document.createElement('audio');<\/script><![endif]-->\n\t<div class=\"wp-playlist wp-audio-playlist wp-playlist-light\">\n\t\t\t<div class=\"wp-playlist-current-item\"><\/div>\n\t\t<audio controls=\"controls\" preload=\"none\" width=\"640\"\n\t\t\t><\/audio>\n\t<div class=\"wp-playlist-next\"><\/div>\n\t<div class=\"wp-playlist-prev\"><\/div>\n\t<noscript>\n\t<ol>\n\t\t<li><a href='https:\/\/www.medellin.gov.co\/es\/wp-content\/uploads\/2025\/03\/Plan-Decenal-Cultura-01.mp3'>Palabras de  Santiago Silva, secretario de Cultura Ciudadana<\/a><\/li>\t<\/ol>\n\t<\/noscript>\n\t<script type=\"application\/json\" class=\"wp-playlist-script\">{\"type\":\"audio\",\"tracklist\":true,\"tracknumbers\":true,\"images\":true,\"artists\":true,\"tracks\":[{\"src\":\"https:\\\/\\\/www.medellin.gov.co\\\/es\\\/wp-content\\\/uploads\\\/2025\\\/03\\\/Plan-Decenal-Cultura-01.mp3\",\"type\":\"audio\\\/mpeg\",\"title\":\"Palabras de  Santiago Silva, secretario de Cultura Ciudadana\",\"caption\":\"\",\"description\":\"\\u00abPalabras de  Santiago Silva, secretario de Cultura Ciudadana\\u00bb.\",\"meta\":{\"genre\":\"Blues\",\"length_formatted\":\"0:40\"},\"image\":{\"src\":\"https:\\\/\\\/www.medellin.gov.co\\\/es\\\/wp-includes\\\/images\\\/media\\\/audio.png\",\"width\":48,\"height\":64},\"thumb\":{\"src\":\"https:\\\/\\\/www.medellin.gov.co\\\/es\\\/wp-includes\\\/images\\\/media\\\/audio.png\",\"width\":48,\"height\":64}}]}<\/script>\n<\/div>\n\t\n<p>El Plan Decenal de Cultura de Medell\u00edn 2025-2035 contempla 122 acciones concretas dise\u00f1adas para implementar sus estrategias a corto, mediano y largo plazo. El documento contempla varias dimensiones estrat\u00e9gicas, como gobernanza, participaci\u00f3n, sostenibilidad cultural y formaci\u00f3n ciudadana.<\/p>\n<p>Esta iniciativa, que se ha construido colectivamente, es el resultado de un proceso de di\u00e1logo con unas 3.000 personas en 280 espacios y tiene como objetivo consolidar una pol\u00edtica cultural s\u00f3lida, sostenible e incluyente para los pr\u00f3ximos 10 a\u00f1os.<\/p>\n<div id=\"attachment_392336\" style=\"width: 1050px\" class=\"wp-caption alignnone\"><a href=\"https:\/\/www.medellin.gov.co\/es\/wp-content\/uploads\/2025\/03\/Plan-Decenal-Cultura-2.jpg\" target=\"_blank\" rel=\"noopener\"><img aria-describedby=\"caption-attachment-392336\" loading=\"lazy\" class=\"wp-image-392336 size-full\" title=\"Medell\u00edn fortalece la hoja de ruta de su plan de cultura a 10 a\u00f1os con 122 acciones proyectadas\" src=\"https:\/\/www.medellin.gov.co\/es\/wp-content\/uploads\/2025\/03\/Plan-Decenal-Cultura-2.jpg\" alt=\"Medell\u00edn fortalece la hoja de ruta de su plan de cultura a 10 a\u00f1os con 122 acciones proyectadas\" width=\"1040\" height=\"780\" srcset=\"https:\/\/www.medellin.gov.co\/es\/wp-content\/uploads\/2025\/03\/Plan-Decenal-Cultura-2.jpg 1040w, https:\/\/www.medellin.gov.co\/es\/wp-content\/uploads\/2025\/03\/Plan-Decenal-Cultura-2-300x225.jpg 300w, https:\/\/www.medellin.gov.co\/es\/wp-content\/uploads\/2025\/03\/Plan-Decenal-Cultura-2-1024x768.jpg 1024w, https:\/\/www.medellin.gov.co\/es\/wp-content\/uploads\/2025\/03\/Plan-Decenal-Cultura-2-150x113.jpg 150w, https:\/\/www.medellin.gov.co\/es\/wp-content\/uploads\/2025\/03\/Plan-Decenal-Cultura-2-768x576.jpg 768w\" sizes=\"(max-width: 1040px) 100vw, 1040px\" \/><\/a><p id=\"caption-attachment-392336\" class=\"wp-caption-text\">Medell\u00edn fortalece la hoja de ruta de su plan de cultura a 10 a\u00f1os con 122 acciones proyectadas &#8211; Foto Alcald\u00eda de Medell\u00edn<\/p><\/div>\n<p>Por ello y para impulsar los procesos democr\u00e1ticos, la Administraci\u00f3n Distrital invita a artistas, gestores culturales, acad\u00e9micos, colectivos del sector y a la ciudadan\u00eda, en general, a participar en la socializaci\u00f3n del plan. El evento se realizar\u00e1 este viernes 14 de marzo, de 2:00 p. m. a 4:00 p. m., en el auditorio de Plaza de la Libertad. En el encuentro habr\u00e1 un espacio para presentar propuestas, resolver inquietudes y fortalecer los compromisos entre la comunidad y las instituciones.<\/p>\n<p>Esta convocatoria busca que los habitantes de las 16 comunas y los cinco corregimientos contribuyan con el desarrollo cultural desde los territorios. La informaci\u00f3n se puede consultar en <a href=\"https:\/\/www.medellin.gov.co\/es\/secretaria-cultura-ciudadana\/plan-decenal-de-cultura\/\" target=\"_blank\" rel=\"noopener\">https:\/\/www.medellin.gov.co\/es\/secretaria-cultura-ciudadana\/plan-decenal-de-cultura\/<\/a> o en las redes sociales de @cultura.med<\/p>\n","protected":false},"excerpt":{"rendered":"<p>El Plan Decenal de Cultura de Medell\u00edn 2025-2035 contempla 122 acciones concretas dise\u00f1adas para implementar sus estrategias a corto, mediano y largo plazo. El documento contempla varias dimensiones estrat\u00e9gicas, como gobernanza, participaci\u00f3n, sostenibilidad cultural y &#8230;<\/p>\n","protected":false},"author":21,"featured_media":392294,"comment_status":"open","ping_status":"open","sticky":false,"template":"","format":"standard","meta":[],"categories":[31],"tags":[444,455],"formato_nota":[],"programas_tax":[],"acf":[],"_links":{"self":[{"href":"https:\/\/www.medellin.gov.co\/es\/wp-json\/wp\/v2\/posts\/392360"}],"collection":[{"href":"https:\/\/www.medellin.gov.co\/es\/wp-json\/wp\/v2\/posts"}],"about":[{"href":"https:\/\/www.medellin.gov.co\/es\/wp-json\/wp\/v2\/types\/post"}],"author":[{"embeddable":true,"href":"https:\/\/www.medellin.gov.co\/es\/wp-json\/wp\/v2\/users\/21"}],"replies":[{"embeddable":true,"href":"https:\/\/www.medellin.gov.co\/es\/wp-json\/wp\/v2\/comments?post=392360"}],"version-history":[{"count":1,"href":"https:\/\/www.medellin.gov.co\/es\/wp-json\/wp\/v2\/posts\/392360\/revisions"}],"predecessor-version":[{"id":392363,"href":"https:\/\/www.medellin.gov.co\/es\/wp-json\/wp\/v2\/posts\/392360\/revisions\/392363"}],"wp:featuredmedia":[{"embeddable":true,"href":"https:\/\/www.medellin.gov.co\/es\/wp-json\/wp\/v2\/media\/392294"}],"wp:attachment":[{"href":"https:\/\/www.medellin.gov.co\/es\/wp-json\/wp\/v2\/media?parent=392360"}],"wp:term":[{"taxonomy":"category","embeddable":true,"href":"https:\/\/www.medellin.gov.co\/es\/wp-json\/wp\/v2\/categories?post=392360"},{"taxonomy":"post_tag","embeddable":true,"href":"https:\/\/www.medellin.gov.co\/es\/wp-json\/wp\/v2\/tags?post=392360"},{"taxonomy":"formato_nota","embeddable":true,"href":"https:\/\/www.medellin.gov.co\/es\/wp-json\/wp\/v2\/formato_nota?post=392360"},{"taxonomy":"programas_tax","embeddable":true,"href":"https:\/\/www.medellin.gov.co\/es\/wp-json\/wp\/v2\/programas_tax?post=392360"}],"curies":[{"name":"wp","href":"https:\/\/api.w.org\/{rel}","templated":true}]}}