{"id":392694,"date":"2025-03-13T12:38:52","date_gmt":"2025-03-13T17:38:52","guid":{"rendered":"https:\/\/www.medellin.gov.co\/es\/?p=392694"},"modified":"2025-03-13T12:38:52","modified_gmt":"2025-03-13T17:38:52","slug":"academia-de-c40-reune-en-medellin-a-ciudades-que-lideran-la-lucha-contra-cambio-climatico","status":"publish","type":"post","link":"https:\/\/www.medellin.gov.co\/es\/sala-de-prensa\/noticias\/academia-de-c40-reune-en-medellin-a-ciudades-que-lideran-la-lucha-contra-cambio-climatico\/","title":{"rendered":"Academia de C40 re\u00fane en Medell\u00edn a ciudades que lideran la lucha contra cambio clim\u00e1tico"},"content":{"rendered":"<ul>\n<li>La Academia de Descarbonizaci\u00f3n de Edificios P\u00fablicos permite a funcionarios de m\u00e1s de 10 territorios del sur global capacitarse e intercambiar conocimientos para impulsar soluciones en ese tema.<\/li>\n<li>C40 Cities es una red de casi 100 alcaldes de diferentes lugares del mundo que trabajan para hacer frente a la crisis clim\u00e1tica. Desde abril de 2024, el alcalde Federico Guti\u00e9rrez hace parte del Comit\u00e9 Directivo de C40 Cities.<\/li>\n<\/ul>\n<!--[if lt IE 9]><script>document.createElement('audio');<\/script><![endif]-->\n\t<div class=\"wp-playlist wp-audio-playlist wp-playlist-light\">\n\t\t\t<div class=\"wp-playlist-current-item\"><\/div>\n\t\t<audio controls=\"controls\" preload=\"none\" width=\"640\"\n\t\t\t><\/audio>\n\t<div class=\"wp-playlist-next\"><\/div>\n\t<div class=\"wp-playlist-prev\"><\/div>\n\t<noscript>\n\t<ol>\n\t\t<li><a href='https:\/\/www.medellin.gov.co\/es\/wp-content\/uploads\/2025\/03\/Lucha-Contra-Cambio-Climatico-01.mp3'>Palabras de Cristina Zambrano directora ejecutiva de la ACI Medell\u00edn<\/a><\/li><li><a href='https:\/\/www.medellin.gov.co\/es\/wp-content\/uploads\/2025\/03\/Lucha-Contra-Cambio-Climatico-02.mp3'>Palabras de Cristina Argudo, subdirectora regional de C40<\/a><\/li>\t<\/ol>\n\t<\/noscript>\n\t<script type=\"application\/json\" class=\"wp-playlist-script\">{\"type\":\"audio\",\"tracklist\":true,\"tracknumbers\":true,\"images\":true,\"artists\":true,\"tracks\":[{\"src\":\"https:\\\/\\\/www.medellin.gov.co\\\/es\\\/wp-content\\\/uploads\\\/2025\\\/03\\\/Lucha-Contra-Cambio-Climatico-01.mp3\",\"type\":\"audio\\\/mpeg\",\"title\":\"Palabras de Cristina Zambrano directora ejecutiva de la ACI Medell\\u00edn\",\"caption\":\"\",\"description\":\"\\u00abPalabras de Cristina Zambrano directora ejecutiva de la ACI Medell\\u00edn\\u00bb. \",\"meta\":{\"genre\":\"Blues\",\"length_formatted\":\"0:35\"},\"image\":{\"src\":\"https:\\\/\\\/www.medellin.gov.co\\\/es\\\/wp-includes\\\/images\\\/media\\\/audio.png\",\"width\":48,\"height\":64},\"thumb\":{\"src\":\"https:\\\/\\\/www.medellin.gov.co\\\/es\\\/wp-includes\\\/images\\\/media\\\/audio.png\",\"width\":48,\"height\":64}},{\"src\":\"https:\\\/\\\/www.medellin.gov.co\\\/es\\\/wp-content\\\/uploads\\\/2025\\\/03\\\/Lucha-Contra-Cambio-Climatico-02.mp3\",\"type\":\"audio\\\/mpeg\",\"title\":\"Palabras de Cristina Argudo, subdirectora regional de C40\",\"caption\":\"\",\"description\":\"\\u00abPalabras de Cristina Argudo, subdirectora regional de C40\\u00bb. \",\"meta\":{\"genre\":\"Blues\",\"length_formatted\":\"0:35\"},\"image\":{\"src\":\"https:\\\/\\\/www.medellin.gov.co\\\/es\\\/wp-includes\\\/images\\\/media\\\/audio.png\",\"width\":48,\"height\":64},\"thumb\":{\"src\":\"https:\\\/\\\/www.medellin.gov.co\\\/es\\\/wp-includes\\\/images\\\/media\\\/audio.png\",\"width\":48,\"height\":64}}]}<\/script>\n<\/div>\n\t\n<p>Medell\u00edn es punto de convergencia para representantes de Am\u00e9rica Latina, Asia y \u00c1frica interesados en impulsar acciones concretas para contrarrestar el cambio clim\u00e1tico. Esto es posible con el desarrollo que estos temas en la ciudad, desde la Academia de Descarbonizaci\u00f3n de Edificios P\u00fablicos, con asistentes de la red C40 Cities, de la cual el Distrito hace parte activa desde 2016, gracias a la gesti\u00f3n de la primera alcald\u00eda de Federico Guti\u00e9rrez.<\/p>\n<p>En el evento se abordan tem\u00e1ticas enfocadas a fortalecer la gobernanza energ\u00e9tica y las pol\u00edticas p\u00fablicas, as\u00ed como, los sistemas de gesti\u00f3n y monitoreo de datos para energ\u00edas sostenibles, la promoci\u00f3n de buenos empleos verdes y la construcci\u00f3n de edificaciones resilientes para un futuro saludable bajo criterios de eficiencia energ\u00e9tica. Las ciudades que participan en la Academia son: Buenos Aires, Bogot\u00e1, Ciudad de M\u00e9xico, Guadalajara, Jakarta, Kuala Lumpur, Quezon City, Rio de Janeiro, S\u00e3o Paulo y Tshwane.<\/p>\n<div id=\"attachment_392698\" style=\"width: 1290px\" class=\"wp-caption alignnone\"><a href=\"https:\/\/www.medellin.gov.co\/es\/wp-content\/uploads\/2025\/03\/Lucha-Contra-Cambio-Climatico-2_1.jpg\" target=\"_blank\" rel=\"noopener\"><img aria-describedby=\"caption-attachment-392698\" loading=\"lazy\" class=\"wp-image-392698 size-full\" title=\"Academia de C40 re\u00fane en Medell\u00edn a ciudades que lideran la lucha contra cambio clim\u00e1tico\" src=\"https:\/\/www.medellin.gov.co\/es\/wp-content\/uploads\/2025\/03\/Lucha-Contra-Cambio-Climatico-2_1.jpg\" alt=\"Academia de C40 re\u00fane en Medell\u00edn a ciudades que lideran la lucha contra cambio clim\u00e1tico\" width=\"1280\" height=\"720\" srcset=\"https:\/\/www.medellin.gov.co\/es\/wp-content\/uploads\/2025\/03\/Lucha-Contra-Cambio-Climatico-2_1.jpg 1280w, https:\/\/www.medellin.gov.co\/es\/wp-content\/uploads\/2025\/03\/Lucha-Contra-Cambio-Climatico-2_1-300x169.jpg 300w, https:\/\/www.medellin.gov.co\/es\/wp-content\/uploads\/2025\/03\/Lucha-Contra-Cambio-Climatico-2_1-1024x576.jpg 1024w, https:\/\/www.medellin.gov.co\/es\/wp-content\/uploads\/2025\/03\/Lucha-Contra-Cambio-Climatico-2_1-150x84.jpg 150w, https:\/\/www.medellin.gov.co\/es\/wp-content\/uploads\/2025\/03\/Lucha-Contra-Cambio-Climatico-2_1-768x432.jpg 768w\" sizes=\"(max-width: 1280px) 100vw, 1280px\" \/><\/a><p id=\"caption-attachment-392698\" class=\"wp-caption-text\">Academia de C40 re\u00fane en Medell\u00edn a ciudades que lideran la lucha contra cambio clim\u00e1tico &#8211; Foto Alcald\u00eda de Medell\u00edn<\/p><\/div>\n<p>As\u00ed, Medell\u00edn se consolida como un referente global en eficiencia energ\u00e9tica, destac\u00e1ndose por su compromiso con la descarbonizaci\u00f3n de sus edificios p\u00fablicos. De igual manera, apoyada por el Programa de Implementaci\u00f3n de Acci\u00f3n Clim\u00e1tica (UCAP CAI, por sus siglas en ingl\u00e9s) de C40, financiado por el Gobierno Brit\u00e1nico, trabaja en la implementaci\u00f3n de una estrategia para descarbonizar masivamente la demanda energ\u00e9tica de estas infraestructuras.<\/p>\n<p>Esta iniciativa busca reducir el impacto ambiental y optimizar los recursos del Distrito. Con el apoyo del UCAP CAI, adem\u00e1s, est\u00e1 implementando una capacitaci\u00f3n para funcionarios, garantizando que las estrategias de eficiencia energ\u00e9tica se lleven a cabo de manera eficiente y sostenible.<\/p>\n<p>Para la directora ejecutiva de la ACI Medell\u00edn, Cristina Zambrano, \u201c<em>esta academia congrega a delegados que participan activamente en la transformaci\u00f3n de 11 territorios, incluyendo a aquellos que lideran programas de reducci\u00f3n de emisiones y optimizaci\u00f3n de recursos. Este nuevo logro del Distrito en el C40 se suma a la activa participaci\u00f3n que el alcalde Federico Guti\u00e9rrez est\u00e1 realizando en el comit\u00e9 directivo de la red, donde representa a las ciudades de toda la regi\u00f3n en un espacio clave en materia de cambio clim\u00e1tico a nivel global<\/em>.\u201d<\/p>\n<div id=\"attachment_392696\" style=\"width: 1290px\" class=\"wp-caption alignnone\"><a href=\"https:\/\/www.medellin.gov.co\/es\/wp-content\/uploads\/2025\/03\/Lucha-Contra-Cambio-Climatico-3_1.jpg\" target=\"_blank\" rel=\"noopener\"><img aria-describedby=\"caption-attachment-392696\" loading=\"lazy\" class=\"wp-image-392696 size-full\" title=\"Academia de C40 re\u00fane en Medell\u00edn a ciudades que lideran la lucha contra cambio clim\u00e1tico\" src=\"https:\/\/www.medellin.gov.co\/es\/wp-content\/uploads\/2025\/03\/Lucha-Contra-Cambio-Climatico-3_1.jpg\" alt=\"Academia de C40 re\u00fane en Medell\u00edn a ciudades que lideran la lucha contra cambio clim\u00e1tico\" width=\"1280\" height=\"720\" srcset=\"https:\/\/www.medellin.gov.co\/es\/wp-content\/uploads\/2025\/03\/Lucha-Contra-Cambio-Climatico-3_1.jpg 1280w, https:\/\/www.medellin.gov.co\/es\/wp-content\/uploads\/2025\/03\/Lucha-Contra-Cambio-Climatico-3_1-300x169.jpg 300w, https:\/\/www.medellin.gov.co\/es\/wp-content\/uploads\/2025\/03\/Lucha-Contra-Cambio-Climatico-3_1-1024x576.jpg 1024w, https:\/\/www.medellin.gov.co\/es\/wp-content\/uploads\/2025\/03\/Lucha-Contra-Cambio-Climatico-3_1-150x84.jpg 150w, https:\/\/www.medellin.gov.co\/es\/wp-content\/uploads\/2025\/03\/Lucha-Contra-Cambio-Climatico-3_1-768x432.jpg 768w\" sizes=\"(max-width: 1280px) 100vw, 1280px\" \/><\/a><p id=\"caption-attachment-392696\" class=\"wp-caption-text\">Academia de C40 re\u00fane en Medell\u00edn a ciudades que lideran la lucha contra cambio clim\u00e1tico &#8211; Foto Alcald\u00eda de Medell\u00edn<\/p><\/div>\n<p>Los asistentes tambi\u00e9n exploran alternativas de financiaci\u00f3n para proyectos de gran escala, especialmente aquellos ligados a la rehabilitaci\u00f3n de edificios y la implementaci\u00f3n de tecnolog\u00edas limpias para a reducir el consumo energ\u00e9tico.<\/p>\n<p>Para Aditi Maheshwari, directora general de Implementaci\u00f3n de la Acci\u00f3n Clim\u00e1tica global de C40 Cities, \u201c<em>cada invitada cuenta con un perfil espec\u00edfico de necesidades y proyectos, lo que hace de este encuentro una oportunidad \u00fanica para intercambiar soluciones efectivas, probar metodolog\u00edas y consolidar compromisos en torno a los Objetivos de Desarrollo Sostenible<\/em>\u201d.<\/p>\n<p>Teniendo en cuenta que dicho programa de Implementaci\u00f3n de Acci\u00f3n Clim\u00e1tica es financiado por el Gobierno Brit\u00e1nico, el embajador del Reino Unido en Colombia, George Hodgson, afirma que: \u201c<em>para el gobierno brit\u00e1nico es un orgullo ver que Medell\u00edn y Colombia lideren este espacio global para que se avance en esfuerzos de eficiencia energ\u00e9tica y descarbonizaci\u00f3n<\/em>\u201d.<\/p>\n<p>La elecci\u00f3n de Medell\u00edn como sede de este evento subraya su papel de liderazgo en la regi\u00f3n y su disposici\u00f3n para cooperar en la b\u00fasqueda de soluciones a los desaf\u00edos ambientales globales. El Programa de Implementaci\u00f3n de Acci\u00f3n Clim\u00e1tica de C40 (UCAP CAI) est\u00e1 trabajando en colaboraci\u00f3n con 15 ciudades en \u00c1frica, Am\u00e9rica Latina y el Sudeste Asi\u00e1tico para desarrollar acciones prioritarias de alto impacto de sus Planes de Acci\u00f3n Clim\u00e1tica.<\/p>\n","protected":false},"excerpt":{"rendered":"<p>La Academia de Descarbonizaci\u00f3n de Edificios P\u00fablicos permite a funcionarios de m\u00e1s de 10 territorios del sur global capacitarse e intercambiar conocimientos para impulsar soluciones en ese tema. C40 Cities es una red de casi &#8230;<\/p>\n","protected":false},"author":21,"featured_media":392700,"comment_status":"open","ping_status":"open","sticky":false,"template":"","format":"standard","meta":[],"categories":[13,17],"tags":[634,428,436],"formato_nota":[],"programas_tax":[],"acf":[],"_links":{"self":[{"href":"https:\/\/www.medellin.gov.co\/es\/wp-json\/wp\/v2\/posts\/392694"}],"collection":[{"href":"https:\/\/www.medellin.gov.co\/es\/wp-json\/wp\/v2\/posts"}],"about":[{"href":"https:\/\/www.medellin.gov.co\/es\/wp-json\/wp\/v2\/types\/post"}],"author":[{"embeddable":true,"href":"https:\/\/www.medellin.gov.co\/es\/wp-json\/wp\/v2\/users\/21"}],"replies":[{"embeddable":true,"href":"https:\/\/www.medellin.gov.co\/es\/wp-json\/wp\/v2\/comments?post=392694"}],"version-history":[{"count":1,"href":"https:\/\/www.medellin.gov.co\/es\/wp-json\/wp\/v2\/posts\/392694\/revisions"}],"predecessor-version":[{"id":392707,"href":"https:\/\/www.medellin.gov.co\/es\/wp-json\/wp\/v2\/posts\/392694\/revisions\/392707"}],"wp:featuredmedia":[{"embeddable":true,"href":"https:\/\/www.medellin.gov.co\/es\/wp-json\/wp\/v2\/media\/392700"}],"wp:attachment":[{"href":"https:\/\/www.medellin.gov.co\/es\/wp-json\/wp\/v2\/media?parent=392694"}],"wp:term":[{"taxonomy":"category","embeddable":true,"href":"https:\/\/www.medellin.gov.co\/es\/wp-json\/wp\/v2\/categories?post=392694"},{"taxonomy":"post_tag","embeddable":true,"href":"https:\/\/www.medellin.gov.co\/es\/wp-json\/wp\/v2\/tags?post=392694"},{"taxonomy":"formato_nota","embeddable":true,"href":"https:\/\/www.medellin.gov.co\/es\/wp-json\/wp\/v2\/formato_nota?post=392694"},{"taxonomy":"programas_tax","embeddable":true,"href":"https:\/\/www.medellin.gov.co\/es\/wp-json\/wp\/v2\/programas_tax?post=392694"}],"curies":[{"name":"wp","href":"https:\/\/api.w.org\/{rel}","templated":true}]}}