{"id":392709,"date":"2025-03-13T14:02:18","date_gmt":"2025-03-13T19:02:18","guid":{"rendered":"https:\/\/www.medellin.gov.co\/es\/?p=392709"},"modified":"2025-03-13T14:02:18","modified_gmt":"2025-03-13T19:02:18","slug":"la-administracion-distrital-inicio-la-renovacion-de-la-seccion-escuela-santisima-trinidad-en-guayabal","status":"publish","type":"post","link":"https:\/\/www.medellin.gov.co\/es\/sala-de-prensa\/noticias\/la-administracion-distrital-inicio-la-renovacion-de-la-seccion-escuela-santisima-trinidad-en-guayabal\/","title":{"rendered":"La Administraci\u00f3n Distrital inici\u00f3 la renovaci\u00f3n de la Secci\u00f3n Escuela Sant\u00edsima Trinidad, en Guayabal"},"content":{"rendered":"<ul>\n<li>La intervenci\u00f3n contempla adecuaciones en una parte de la infraestructura m\u00e1s reciente y mantenimiento integral a la sede m\u00e1s antigua.<\/li>\n<li>La inversi\u00f3n es de $4.482 millones en obra e interventor\u00eda.<\/li>\n<\/ul>\n<!--[if lt IE 9]><script>document.createElement('audio');<\/script><![endif]-->\n\t<div class=\"wp-playlist wp-audio-playlist wp-playlist-light\">\n\t\t\t<div class=\"wp-playlist-current-item\"><\/div>\n\t\t<audio controls=\"controls\" preload=\"none\" width=\"640\"\n\t\t\t><\/audio>\n\t<div class=\"wp-playlist-next\"><\/div>\n\t<div class=\"wp-playlist-prev\"><\/div>\n\t<noscript>\n\t<ol>\n\t\t<li><a href='https:\/\/www.medellin.gov.co\/es\/wp-content\/uploads\/2025\/03\/Renovacion-Escuela-Santisima-Trinidad-01.mp3'>Palabras de Emiro Vald\u00e9s L\u00f3pez, gerente de la EDU<\/a><\/li><li><a href='https:\/\/www.medellin.gov.co\/es\/wp-content\/uploads\/2025\/03\/Renovacion-Escuela-Santisima-Trinidad-02.mp3'>Palabras de Anderson Garc\u00eda, Cano secretario (e) de Educaci\u00f3n<\/a><\/li><li><a href='https:\/\/www.medellin.gov.co\/es\/wp-content\/uploads\/2025\/03\/Renovacion-Escuela-Santisima-Trinidad-03.mp3'>Palabras de Jorge Osvaldo Mej\u00eda Ospina, habitante de Trinidad<\/a><\/li>\t<\/ol>\n\t<\/noscript>\n\t<script type=\"application\/json\" class=\"wp-playlist-script\">{\"type\":\"audio\",\"tracklist\":true,\"tracknumbers\":true,\"images\":true,\"artists\":true,\"tracks\":[{\"src\":\"https:\\\/\\\/www.medellin.gov.co\\\/es\\\/wp-content\\\/uploads\\\/2025\\\/03\\\/Renovacion-Escuela-Santisima-Trinidad-01.mp3\",\"type\":\"audio\\\/mpeg\",\"title\":\"Palabras de Emiro Vald\\u00e9s L\\u00f3pez, gerente de la EDU\",\"caption\":\"\",\"description\":\"\\u00abRenovacion-Escuela-Santisima-Trinidad-01\\u00bb. G\\u00e9nero: Blues.\",\"meta\":{\"genre\":\"Blues\",\"length_formatted\":\"1:08\"},\"image\":{\"src\":\"https:\\\/\\\/www.medellin.gov.co\\\/es\\\/wp-includes\\\/images\\\/media\\\/audio.png\",\"width\":48,\"height\":64},\"thumb\":{\"src\":\"https:\\\/\\\/www.medellin.gov.co\\\/es\\\/wp-includes\\\/images\\\/media\\\/audio.png\",\"width\":48,\"height\":64}},{\"src\":\"https:\\\/\\\/www.medellin.gov.co\\\/es\\\/wp-content\\\/uploads\\\/2025\\\/03\\\/Renovacion-Escuela-Santisima-Trinidad-02.mp3\",\"type\":\"audio\\\/mpeg\",\"title\":\"Palabras de Anderson Garc\\u00eda, Cano secretario (e) de Educaci\\u00f3n\",\"caption\":\"\",\"description\":\"\\u00abPalabras de Anderson Garc\\u00eda, Cano secretario (e) de Educaci\\u00f3n\\u00bb.\",\"meta\":{\"genre\":\"Blues\",\"length_formatted\":\"0:35\"},\"image\":{\"src\":\"https:\\\/\\\/www.medellin.gov.co\\\/es\\\/wp-includes\\\/images\\\/media\\\/audio.png\",\"width\":48,\"height\":64},\"thumb\":{\"src\":\"https:\\\/\\\/www.medellin.gov.co\\\/es\\\/wp-includes\\\/images\\\/media\\\/audio.png\",\"width\":48,\"height\":64}},{\"src\":\"https:\\\/\\\/www.medellin.gov.co\\\/es\\\/wp-content\\\/uploads\\\/2025\\\/03\\\/Renovacion-Escuela-Santisima-Trinidad-03.mp3\",\"type\":\"audio\\\/mpeg\",\"title\":\"Palabras de Jorge Osvaldo Mej\\u00eda Ospina, habitante de Trinidad\",\"caption\":\"\",\"description\":\"\\u00abPalabras de Jorge Osvaldo Mej\\u00eda Ospina, habitante de Trinidad\\u00bb.\",\"meta\":{\"genre\":\"Blues\",\"length_formatted\":\"0:35\"},\"image\":{\"src\":\"https:\\\/\\\/www.medellin.gov.co\\\/es\\\/wp-includes\\\/images\\\/media\\\/audio.png\",\"width\":48,\"height\":64},\"thumb\":{\"src\":\"https:\\\/\\\/www.medellin.gov.co\\\/es\\\/wp-includes\\\/images\\\/media\\\/audio.png\",\"width\":48,\"height\":64}}]}<\/script>\n<\/div>\n\t\n<p>Con labores de demolici\u00f3n y cimentaci\u00f3n, la Alcald\u00eda de Medell\u00edn inici\u00f3 los trabajos de mantenimiento y adecuaci\u00f3n de la Secci\u00f3n Escuela Sant\u00edsima Trinidad, ubicada en la comuna 15-Guayabal.<\/p>\n<p>La intervenci\u00f3n contempla reparaciones en la cubierta, pisos, placa multiprop\u00f3sito, aulas, ba\u00f1os, \u00e1reas de circulaci\u00f3n, juegos infantiles y urbanismo, entre otras labores. El plazo de ejecuci\u00f3n es de cinco meses y se invierten $4.482 millones.<\/p>\n<p>\u00ab<em>Estamos desarrollando la intervenci\u00f3n de las aulas existentes m\u00e1s todas la obra de urbanismo interno y externo con una inversi\u00f3n cercana a los 8.600 millones de pesos que nos permitir\u00e1, beneficiar a 1.200 estudiantes con todos los componentes que hoy existen en el proyecto<\/em>\u201d, explic\u00f3 el secretario (e) de Educaci\u00f3n, Anderson Garc\u00eda Cano.<\/p>\n<div id=\"attachment_392726\" style=\"width: 1286px\" class=\"wp-caption alignnone\"><a href=\"https:\/\/www.medellin.gov.co\/es\/wp-content\/uploads\/2025\/03\/Renovacion-Escuela-Santisima-Trinidad-2.jpg\" target=\"_blank\" rel=\"noopener\"><img aria-describedby=\"caption-attachment-392726\" loading=\"lazy\" class=\"wp-image-392726 size-full\" title=\"La Administraci\u00f3n Distrital inici\u00f3 la renovaci\u00f3n de la Secci\u00f3n Escuela Sant\u00edsima Trinidad, en Guayabal\" src=\"https:\/\/www.medellin.gov.co\/es\/wp-content\/uploads\/2025\/03\/Renovacion-Escuela-Santisima-Trinidad-2.jpg\" alt=\"La Administraci\u00f3n Distrital inici\u00f3 la renovaci\u00f3n de la Secci\u00f3n Escuela Sant\u00edsima Trinidad, en Guayabal\" width=\"1276\" height=\"850\" srcset=\"https:\/\/www.medellin.gov.co\/es\/wp-content\/uploads\/2025\/03\/Renovacion-Escuela-Santisima-Trinidad-2.jpg 1276w, https:\/\/www.medellin.gov.co\/es\/wp-content\/uploads\/2025\/03\/Renovacion-Escuela-Santisima-Trinidad-2-300x200.jpg 300w, https:\/\/www.medellin.gov.co\/es\/wp-content\/uploads\/2025\/03\/Renovacion-Escuela-Santisima-Trinidad-2-1024x682.jpg 1024w, https:\/\/www.medellin.gov.co\/es\/wp-content\/uploads\/2025\/03\/Renovacion-Escuela-Santisima-Trinidad-2-150x100.jpg 150w, https:\/\/www.medellin.gov.co\/es\/wp-content\/uploads\/2025\/03\/Renovacion-Escuela-Santisima-Trinidad-2-768x512.jpg 768w\" sizes=\"(max-width: 1276px) 100vw, 1276px\" \/><\/a><p id=\"caption-attachment-392726\" class=\"wp-caption-text\">La Administraci\u00f3n Distrital inici\u00f3 la renovaci\u00f3n de la Secci\u00f3n Escuela Sant\u00edsima Trinidad, en Guayabal &#8211; Foto Alcald\u00eda de Medell\u00edn<\/p><\/div>\n<p>La Empresa de Desarrollo Urbano (EDU), entidad que ejecuta esta obra, se\u00f1al\u00f3 que actualmente hay varios frentes activos para la renovaci\u00f3n de la infraestructura.<\/p>\n<p>\u201c<em>Este es un establecimiento que tendr\u00e1 una gran renovaci\u00f3n en la antigua sede, donde actualmente tenemos m\u00e1s de 70 personas trabajando, entre ellas 8 mujeres y 15 j\u00f3venes. Invitamos a la comunidad, a las veedur\u00edas y a los organismos de control para que nos acompa\u00f1en en las labores de verificaci\u00f3n, para constatar que estamos haciendo con transparencia, eficiencia y calidad la renovaci\u00f3n de la infraestructura educativa que Medell\u00edn merece<\/em>\u201d, se\u00f1al\u00f3 el gerente de la entidad, Emiro Vald\u00e9s L\u00f3pez.<\/p>\n<div id=\"attachment_392725\" style=\"width: 1286px\" class=\"wp-caption alignnone\"><a href=\"https:\/\/www.medellin.gov.co\/es\/wp-content\/uploads\/2025\/03\/Renovacion-Escuela-Santisima-Trinidad-3.jpg\" target=\"_blank\" rel=\"noopener\"><img aria-describedby=\"caption-attachment-392725\" loading=\"lazy\" class=\"wp-image-392725 size-full\" title=\"La Administraci\u00f3n Distrital inici\u00f3 la renovaci\u00f3n de la Secci\u00f3n Escuela Sant\u00edsima Trinidad, en Guayabal\" src=\"https:\/\/www.medellin.gov.co\/es\/wp-content\/uploads\/2025\/03\/Renovacion-Escuela-Santisima-Trinidad-3.jpg\" alt=\"La Administraci\u00f3n Distrital inici\u00f3 la renovaci\u00f3n de la Secci\u00f3n Escuela Sant\u00edsima Trinidad, en Guayabal\" width=\"1276\" height=\"850\" srcset=\"https:\/\/www.medellin.gov.co\/es\/wp-content\/uploads\/2025\/03\/Renovacion-Escuela-Santisima-Trinidad-3.jpg 1276w, https:\/\/www.medellin.gov.co\/es\/wp-content\/uploads\/2025\/03\/Renovacion-Escuela-Santisima-Trinidad-3-300x200.jpg 300w, https:\/\/www.medellin.gov.co\/es\/wp-content\/uploads\/2025\/03\/Renovacion-Escuela-Santisima-Trinidad-3-1024x682.jpg 1024w, https:\/\/www.medellin.gov.co\/es\/wp-content\/uploads\/2025\/03\/Renovacion-Escuela-Santisima-Trinidad-3-150x100.jpg 150w, https:\/\/www.medellin.gov.co\/es\/wp-content\/uploads\/2025\/03\/Renovacion-Escuela-Santisima-Trinidad-3-768x512.jpg 768w\" sizes=\"(max-width: 1276px) 100vw, 1276px\" \/><\/a><p id=\"caption-attachment-392725\" class=\"wp-caption-text\">La Administraci\u00f3n Distrital inici\u00f3 la renovaci\u00f3n de la Secci\u00f3n Escuela Sant\u00edsima Trinidad, en Guayabal &#8211; Foto Alcald\u00eda de Medell\u00edn<\/p><\/div>\n<p>Con el mantenimiento de esta sede y la renovaci\u00f3n que se adelantar\u00e1 en la infraestructura m\u00e1s antigua, se beneficiar\u00e1 a 700 estudiantes, as\u00ed como a personal administrativo y docente.<\/p>\n<p>\u201c<em>Queremos agradecerle a la Administraci\u00f3n Distrital por esta estructura que se est\u00e1 haciendo en la Sant\u00edsima Trinidad. Esto nos va a cambiar la mentalidad para tener un mejor futuro para nuestros ni\u00f1os. Este es un gran proyecto porque antes nos ten\u00edan olvidados y, en este momento, nos han tenido en cuenta para hacer los proyectos que hay en el barrio<\/em>\u201d, destac\u00f3 el habitante de Trinidad, Jorge Osvaldo Mej\u00eda Ospina.<\/p>\n<p>Como parte del plan de infraestructura educativa en la comuna Guayabal, el Distrito interviene 12 sedes, de estas 3 est\u00e1n terminadas, 8 est\u00e1n en proceso de entrega a la Secretar\u00eda de Educaci\u00f3n y 1 se encuentra en ejecuci\u00f3n.<\/p>\n","protected":false},"excerpt":{"rendered":"<p>La intervenci\u00f3n contempla adecuaciones en una parte de la infraestructura m\u00e1s reciente y mantenimiento integral a la sede m\u00e1s antigua. La inversi\u00f3n es de $4.482 millones en obra e interventor\u00eda. Con labores de demolici\u00f3n y &#8230;<\/p>\n","protected":false},"author":21,"featured_media":392729,"comment_status":"open","ping_status":"open","sticky":false,"template":"","format":"standard","meta":[],"categories":[4,17],"tags":[634,431,442],"formato_nota":[],"programas_tax":[],"acf":[],"_links":{"self":[{"href":"https:\/\/www.medellin.gov.co\/es\/wp-json\/wp\/v2\/posts\/392709"}],"collection":[{"href":"https:\/\/www.medellin.gov.co\/es\/wp-json\/wp\/v2\/posts"}],"about":[{"href":"https:\/\/www.medellin.gov.co\/es\/wp-json\/wp\/v2\/types\/post"}],"author":[{"embeddable":true,"href":"https:\/\/www.medellin.gov.co\/es\/wp-json\/wp\/v2\/users\/21"}],"replies":[{"embeddable":true,"href":"https:\/\/www.medellin.gov.co\/es\/wp-json\/wp\/v2\/comments?post=392709"}],"version-history":[{"count":1,"href":"https:\/\/www.medellin.gov.co\/es\/wp-json\/wp\/v2\/posts\/392709\/revisions"}],"predecessor-version":[{"id":392737,"href":"https:\/\/www.medellin.gov.co\/es\/wp-json\/wp\/v2\/posts\/392709\/revisions\/392737"}],"wp:featuredmedia":[{"embeddable":true,"href":"https:\/\/www.medellin.gov.co\/es\/wp-json\/wp\/v2\/media\/392729"}],"wp:attachment":[{"href":"https:\/\/www.medellin.gov.co\/es\/wp-json\/wp\/v2\/media?parent=392709"}],"wp:term":[{"taxonomy":"category","embeddable":true,"href":"https:\/\/www.medellin.gov.co\/es\/wp-json\/wp\/v2\/categories?post=392709"},{"taxonomy":"post_tag","embeddable":true,"href":"https:\/\/www.medellin.gov.co\/es\/wp-json\/wp\/v2\/tags?post=392709"},{"taxonomy":"formato_nota","embeddable":true,"href":"https:\/\/www.medellin.gov.co\/es\/wp-json\/wp\/v2\/formato_nota?post=392709"},{"taxonomy":"programas_tax","embeddable":true,"href":"https:\/\/www.medellin.gov.co\/es\/wp-json\/wp\/v2\/programas_tax?post=392709"}],"curies":[{"name":"wp","href":"https:\/\/api.w.org\/{rel}","templated":true}]}}