{"id":392848,"date":"2025-03-14T12:43:26","date_gmt":"2025-03-14T17:43:26","guid":{"rendered":"https:\/\/www.medellin.gov.co\/es\/?p=392848"},"modified":"2025-03-18T11:27:20","modified_gmt":"2025-03-18T16:27:20","slug":"nelly-de-arango-una-dama-voluntaria-de-medellin-que-a-sus-98-anos-de-edad-sirve-con-amor-a-la-humanidad","status":"publish","type":"post","link":"https:\/\/www.medellin.gov.co\/es\/sala-de-prensa\/noticias\/nelly-de-arango-una-dama-voluntaria-de-medellin-que-a-sus-98-anos-de-edad-sirve-con-amor-a-la-humanidad\/","title":{"rendered":"Nelly de Arango, una Dama Voluntaria de Medell\u00edn que a sus 98 a\u00f1os de edad, sirve con amor a la humanidad"},"content":{"rendered":"<blockquote><p>Tiene 98 a\u00f1os y una energ\u00eda inagotable cuando de servir a otros se trata.\u00a0 Es la \u201cni\u00f1a mimada\u201d de las Damas Voluntarias del Hospital General de Medell\u00edn y respira servicio y solidaridad por todo su ser. Es c\u00e1lida, de risa amable, generosa y respetuosa en el trato y cumple 55 a\u00f1os de prestar un gran servicio a las personas en su labor de voluntariado en nuestra ciudad<\/p><\/blockquote>\n<p>Nelly Campuzano de Arango, Nelly de Arango, como le gusta presentarse, es un alma noble y generosa que desde muy peque\u00f1a encontr\u00f3 en la vocaci\u00f3n de servicio a los dem\u00e1s la mejor forma de retribuir al otro, lo que la vida le ha dado. <em>\u201cMe encanta servir, me encanta ayudarle a la gente. Me encanta dar. Y aqu\u00ed estar\u00e9 hasta que Dios quiera\u201d,<\/em> expresa con calma, serenidad y convicci\u00f3n esbozando una leve sonrisa maternal en sus labios.<\/p>\n<p>\u00bfY qui\u00e9n es Nelly? Es de esas personas que al conocerlas inspira confianza y tranquilidad.\u00a0\u00a0 Madre de siete hijos, con cinco hermanos y seis nietos, habitante del barrio Conquistadores en Medell\u00edn, adonde lleg\u00f3 de su pueblo natal, <a href=\"https:\/\/www.yarumal.gov.co\/\" target=\"_blank\" rel=\"noopener\">Yarumal<\/a>, cuando ten\u00eda unos 10 a\u00f1os.\u00a0 Es gustosa del color verde. \u00bfPor qu\u00e9? \u201d<em>Yo no s\u00e9, pero creo que es porque refresca, como las matas, refresca la mente y los ojos y todo, me gusta el verde y el caf\u00e9 capuchino\u201d, <\/em>comenta sonriendo.<\/p>\n<h4><strong>La Dama del Voluntariado<\/strong><\/h4>\n\n\t\t<style type=\"text\/css\">\n\t\t\t#gallery-1 {\n\t\t\t\tmargin: auto;\n\t\t\t}\n\t\t\t#gallery-1 .gallery-item {\n\t\t\t\tfloat: left;\n\t\t\t\tmargin-top: 10px;\n\t\t\t\ttext-align: center;\n\t\t\t\twidth: 50%;\n\t\t\t}\n\t\t\t#gallery-1 img {\n\t\t\t\tborder: 2px solid #cfcfcf;\n\t\t\t}\n\t\t\t#gallery-1 .gallery-caption {\n\t\t\t\tmargin-left: 0;\n\t\t\t}\n\t\t\t\/* see gallery_shortcode() in wp-includes\/media.php *\/\n\t\t<\/style>\n\t\t<div id='gallery-1' class='gallery galleryid-392848 gallery-columns-2 gallery-size-full'><dl class='gallery-item'>\n\t\t\t<dt class='gallery-icon landscape'>\n\t\t\t\t<a href='https:\/\/www.medellin.gov.co\/es\/sala-de-prensa\/noticias\/nelly-de-arango-una-dama-voluntaria-de-medellin-que-a-sus-98-anos-de-edad-sirve-con-amor-a-la-humanidad\/imagen-de-damas-voluntarias-en-reunion-con-nelly\/'><img width=\"1024\" height=\"683\" src=\"https:\/\/www.medellin.gov.co\/es\/wp-content\/uploads\/2025\/03\/Imagen-de-Damas-Voluntarias-en-reunion-con-Nelly.jpg\" class=\"attachment-full size-full\" alt=\"Imagen de Damas Voluntarias en reuni\u00f3n con Nelly\" loading=\"lazy\" srcset=\"https:\/\/www.medellin.gov.co\/es\/wp-content\/uploads\/2025\/03\/Imagen-de-Damas-Voluntarias-en-reunion-con-Nelly.jpg 1024w, https:\/\/www.medellin.gov.co\/es\/wp-content\/uploads\/2025\/03\/Imagen-de-Damas-Voluntarias-en-reunion-con-Nelly-300x200.jpg 300w, https:\/\/www.medellin.gov.co\/es\/wp-content\/uploads\/2025\/03\/Imagen-de-Damas-Voluntarias-en-reunion-con-Nelly-150x100.jpg 150w, https:\/\/www.medellin.gov.co\/es\/wp-content\/uploads\/2025\/03\/Imagen-de-Damas-Voluntarias-en-reunion-con-Nelly-768x512.jpg 768w\" sizes=\"(max-width: 1024px) 100vw, 1024px\" \/><\/a>\n\t\t\t<\/dt><\/dl><dl class='gallery-item'>\n\t\t\t<dt class='gallery-icon landscape'>\n\t\t\t\t<a href='https:\/\/www.medellin.gov.co\/es\/sala-de-prensa\/noticias\/nelly-de-arango-una-dama-voluntaria-de-medellin-que-a-sus-98-anos-de-edad-sirve-con-amor-a-la-humanidad\/imagen-de-nelly-reunida-con-dama-voluntaria\/'><img width=\"1024\" height=\"683\" src=\"https:\/\/www.medellin.gov.co\/es\/wp-content\/uploads\/2025\/03\/Imagen-de-Nelly-reunida-con-Dama-Voluntaria.jpg\" class=\"attachment-full size-full\" alt=\"\" loading=\"lazy\" srcset=\"https:\/\/www.medellin.gov.co\/es\/wp-content\/uploads\/2025\/03\/Imagen-de-Nelly-reunida-con-Dama-Voluntaria.jpg 1024w, https:\/\/www.medellin.gov.co\/es\/wp-content\/uploads\/2025\/03\/Imagen-de-Nelly-reunida-con-Dama-Voluntaria-300x200.jpg 300w, https:\/\/www.medellin.gov.co\/es\/wp-content\/uploads\/2025\/03\/Imagen-de-Nelly-reunida-con-Dama-Voluntaria-150x100.jpg 150w, https:\/\/www.medellin.gov.co\/es\/wp-content\/uploads\/2025\/03\/Imagen-de-Nelly-reunida-con-Dama-Voluntaria-768x512.jpg 768w\" sizes=\"(max-width: 1024px) 100vw, 1024px\" \/><\/a>\n\t\t\t<\/dt><\/dl><br style=\"clear: both\" \/>\n\t\t<\/div>\n\n<p>Hoy tiene 98 a\u00f1os, que no aparenta por su lucidez, su buena salud y por la forma de desenvolverse sin mayores dificultades. \u00a0Ella inspira calidez y admiraci\u00f3n por parte de quienes la conocen y en especial de sus dem\u00e1s compa\u00f1eras -las Damas Voluntarias del <a href=\"https:\/\/www.hgm.gov.co\/\" target=\"_blank\" rel=\"noopener\">Hospital General de Medell\u00edn<\/a>&#8211; en una labor sin descanso que emprendi\u00f3 desde el a\u00f1o 1970, cuando el hospital se llamaba cl\u00ednica Luz Castro de Guti\u00e9rrez, matrona antioque\u00f1a de quien fue amiga personal y de quien conserva gratos recuerdos.<\/p>\n<p>En ese entonces, no eran tantas las Damas Voluntarias.\u00a0 \u201c<em>Ser\u00edamos\u00a0 unas 40 o 50. Ahora somos como 72, pero llegamos a ser 210. Esto era chiquito, solo cuatro pisos<\/em>\u201d, recuerda con cierta nostalgia.<\/p>\n<p><img loading=\"lazy\" class=\"alignnone size-full wp-image-392856\" src=\"https:\/\/www.medellin.gov.co\/es\/wp-content\/uploads\/2025\/03\/Imagen-de-Nelly-de-Arango-Dama-Voluntaria-viendo-cuadro.jpg\" alt=\"Imagen de Nelly de Arango Dama Voluntaria viendo cuadro\" width=\"1024\" height=\"683\" srcset=\"https:\/\/www.medellin.gov.co\/es\/wp-content\/uploads\/2025\/03\/Imagen-de-Nelly-de-Arango-Dama-Voluntaria-viendo-cuadro.jpg 1024w, https:\/\/www.medellin.gov.co\/es\/wp-content\/uploads\/2025\/03\/Imagen-de-Nelly-de-Arango-Dama-Voluntaria-viendo-cuadro-300x200.jpg 300w, https:\/\/www.medellin.gov.co\/es\/wp-content\/uploads\/2025\/03\/Imagen-de-Nelly-de-Arango-Dama-Voluntaria-viendo-cuadro-150x100.jpg 150w, https:\/\/www.medellin.gov.co\/es\/wp-content\/uploads\/2025\/03\/Imagen-de-Nelly-de-Arango-Dama-Voluntaria-viendo-cuadro-768x512.jpg 768w\" sizes=\"(max-width: 1024px) 100vw, 1024px\" \/><\/p>\n<p>Y al hablar de Luz Castro, su esp\u00edritu se aviva, sus manos se mueven suavemente y sus ojos buscan los recuerdos en su memoria. <em>\u201cEs que ella <\/em><em>era una persona maravillosa, entrenada para esto y adem\u00e1s de que fue una gran profesional, se dedic\u00f3 por completo y fund\u00f3, primero esta cl\u00ednica y despu\u00e9s ense\u00f1\u00f3 esta belleza de hospital.\u00a0 A m\u00ed me dio ejemplo, era muy querida, \u00e9ramos como muy buenas amigas\u201d.<\/em><\/p>\n<h4><strong>Su vida en recuerdos<\/strong><\/h4>\n<p>Nelly es de recuerdos y a\u00f1oranzas acumulados en sus casi diez d\u00e9cadas de existencia. Y salta de a\u00f1oranza en a\u00f1oranza, pero sin amarguras ni tristezas. \u201c<em>Mi ni\u00f1ez fue hermosa all\u00e1 en Yarumal, en la casita de Santa Juana donde compart\u00eda con mis cinco hermanas y mi hermano<\/em>\u201d.<\/p>\n<p>Y entonces de ese bello recuerdo, salta a momentos relacionados con su labor de voluntariado. \u201d<em>Lo que m\u00e1s hac\u00edamos era estar como con las mam\u00e1s. Nosotros pod\u00edamos antes entrar a los partos y ense\u00f1ar a las mam\u00e1s a alimentar a ese beb\u00e9<\/em> <em>y ese apoyo brindado nos llenaba el alma<\/em>\u201d.<\/p>\n\n\t\t<style type=\"text\/css\">\n\t\t\t#gallery-2 {\n\t\t\t\tmargin: auto;\n\t\t\t}\n\t\t\t#gallery-2 .gallery-item {\n\t\t\t\tfloat: left;\n\t\t\t\tmargin-top: 10px;\n\t\t\t\ttext-align: center;\n\t\t\t\twidth: 50%;\n\t\t\t}\n\t\t\t#gallery-2 img {\n\t\t\t\tborder: 2px solid #cfcfcf;\n\t\t\t}\n\t\t\t#gallery-2 .gallery-caption {\n\t\t\t\tmargin-left: 0;\n\t\t\t}\n\t\t\t\/* see gallery_shortcode() in wp-includes\/media.php *\/\n\t\t<\/style>\n\t\t<div id='gallery-2' class='gallery galleryid-392848 gallery-columns-2 gallery-size-full'><dl class='gallery-item'>\n\t\t\t<dt class='gallery-icon landscape'>\n\t\t\t\t<a href='https:\/\/www.medellin.gov.co\/es\/sala-de-prensa\/noticias\/nelly-de-arango-una-dama-voluntaria-de-medellin-que-a-sus-98-anos-de-edad-sirve-con-amor-a-la-humanidad\/imagen-de-nelly-de-arango-dama-voluntaria-en-su-escritorio\/'><img width=\"1024\" height=\"683\" src=\"https:\/\/www.medellin.gov.co\/es\/wp-content\/uploads\/2025\/03\/imagen-de-Nelly-de-Arango-Dama-Voluntaria-en-su-escritorio.jpg\" class=\"attachment-full size-full\" alt=\"\" loading=\"lazy\" srcset=\"https:\/\/www.medellin.gov.co\/es\/wp-content\/uploads\/2025\/03\/imagen-de-Nelly-de-Arango-Dama-Voluntaria-en-su-escritorio.jpg 1024w, https:\/\/www.medellin.gov.co\/es\/wp-content\/uploads\/2025\/03\/imagen-de-Nelly-de-Arango-Dama-Voluntaria-en-su-escritorio-300x200.jpg 300w, https:\/\/www.medellin.gov.co\/es\/wp-content\/uploads\/2025\/03\/imagen-de-Nelly-de-Arango-Dama-Voluntaria-en-su-escritorio-150x100.jpg 150w, https:\/\/www.medellin.gov.co\/es\/wp-content\/uploads\/2025\/03\/imagen-de-Nelly-de-Arango-Dama-Voluntaria-en-su-escritorio-768x512.jpg 768w\" sizes=\"(max-width: 1024px) 100vw, 1024px\" \/><\/a>\n\t\t\t<\/dt><\/dl><dl class='gallery-item'>\n\t\t\t<dt class='gallery-icon landscape'>\n\t\t\t\t<a href='https:\/\/www.medellin.gov.co\/es\/sala-de-prensa\/noticias\/nelly-de-arango-una-dama-voluntaria-de-medellin-que-a-sus-98-anos-de-edad-sirve-con-amor-a-la-humanidad\/imagen-de-muneca-de-damas-voluntarias\/'><img width=\"1024\" height=\"683\" src=\"https:\/\/www.medellin.gov.co\/es\/wp-content\/uploads\/2025\/03\/Imagen-de-muneca-de-Damas-Voluntarias.jpg\" class=\"attachment-full size-full\" alt=\"Imagen de mu\u00f1eca de Damas Voluntarias\" loading=\"lazy\" srcset=\"https:\/\/www.medellin.gov.co\/es\/wp-content\/uploads\/2025\/03\/Imagen-de-muneca-de-Damas-Voluntarias.jpg 1024w, https:\/\/www.medellin.gov.co\/es\/wp-content\/uploads\/2025\/03\/Imagen-de-muneca-de-Damas-Voluntarias-300x200.jpg 300w, https:\/\/www.medellin.gov.co\/es\/wp-content\/uploads\/2025\/03\/Imagen-de-muneca-de-Damas-Voluntarias-150x100.jpg 150w, https:\/\/www.medellin.gov.co\/es\/wp-content\/uploads\/2025\/03\/Imagen-de-muneca-de-Damas-Voluntarias-768x512.jpg 768w\" sizes=\"(max-width: 1024px) 100vw, 1024px\" \/><\/a>\n\t\t\t<\/dt><\/dl><br style=\"clear: both\" \/>\n\t\t<\/div>\n\n<p>\u00bfY por qu\u00e9 ser voluntaria?\u00a0 En esto seguramente tiene que ver con su gusto por la medicina -que fue lo que quiso estudiar- pero la influencia de su padre fue vital.\u00a0\u00a0 Era un hombre generoso y solidario. \u201c<em>La gente v<\/em><em>en\u00eda a la finca y \u00e9l ayudaba a unos y otros y yo ve\u00eda eso. Y no es dar por dar, sino tratar bien a la gente y ayudarle, as\u00ed sea, con peque\u00f1as acciones. Es ir por los pisos, estar con las se\u00f1oras, estar con los ni\u00f1os. Pues tantas cosas; es humanizar<\/em>\u201d. Y su voz se torna c\u00e1lida y dulce.<\/p>\n<p>Primero hac\u00eda su labor en otros d\u00edas de la semana, pero despu\u00e9s de la pandemia del covid-19 comparte su jornada desde las ocho de la ma\u00f1ana hasta las cuatro de la tarde, con un grupo de 15 mujeres -voluntarias como ella- que todos los viernes, en un ambiente jocoso, de respeto y pensando siempre en servir a los dem\u00e1s -siendo ella la consentida de estas mujeres de traje rosado, tal como lo ide\u00f3 do\u00f1a Luz Castro de un dise\u00f1o que vio en Europa- recorren el Hospital General de Medell\u00edn, haciendo m\u00e1s humano el dolor de los pacientes que all\u00ed llegan y llevando esperanza y esp\u00edritu solidario a estas personas.<\/p>\n<h4><img loading=\"lazy\" class=\"alignnone size-full wp-image-392857\" src=\"https:\/\/www.medellin.gov.co\/es\/wp-content\/uploads\/2025\/03\/Imagen-de-Damas-Voluntarias-en-reunion-con-Nelly-3.jpg\" alt=\"Imagen de Damas Voluntarias en reuni\u00f3n con Nelly 3\" width=\"1024\" height=\"683\" srcset=\"https:\/\/www.medellin.gov.co\/es\/wp-content\/uploads\/2025\/03\/Imagen-de-Damas-Voluntarias-en-reunion-con-Nelly-3.jpg 1024w, https:\/\/www.medellin.gov.co\/es\/wp-content\/uploads\/2025\/03\/Imagen-de-Damas-Voluntarias-en-reunion-con-Nelly-3-300x200.jpg 300w, https:\/\/www.medellin.gov.co\/es\/wp-content\/uploads\/2025\/03\/Imagen-de-Damas-Voluntarias-en-reunion-con-Nelly-3-150x100.jpg 150w, https:\/\/www.medellin.gov.co\/es\/wp-content\/uploads\/2025\/03\/Imagen-de-Damas-Voluntarias-en-reunion-con-Nelly-3-768x512.jpg 768w\" sizes=\"(max-width: 1024px) 100vw, 1024px\" \/><\/h4>\n<p>\u201c<em>Me gusta salir y ver aqu\u00ed a las pacientitas de consulta externa. Como quien necesita como un tintico, un juguito o alguna cosa. Mi esp\u00edritu es servir. Me encanta servir, pues mi Dios me ha dado esto muy bien. Por esto no me pagan, por esto estoy yo con 98 a\u00f1os. Yo soy la \u00faltima en este estado de voluntariado, porque Dios ya me pag\u00f3, porque adem\u00e1s tengo muy buena salud<\/em>\u201d, manifiesta con orgullo, reafirmando adem\u00e1s su\u00a0 convicci\u00f3n religiosa.<\/p>\n<p>Lo de buena salud se le nota. Es vivaz y alegre. Conversa fluidamente. Se mueve de un sitio para otro.\u00a0 Usa anteojos, luce un discreto labial de tono rosado,\u00a0 unos topos peque\u00f1os dorados en sus orejas y pelo corto con unas canas que le dan dignidad. Es muy cumplida para venir. Se levanta a las cinco y media y antes de las ocho de la ma\u00f1ana ya est\u00e1 en el hospital, pendiente de cualquier situaci\u00f3n.<\/p>\n<p><img loading=\"lazy\" class=\"alignnone size-full wp-image-392871\" src=\"https:\/\/www.medellin.gov.co\/es\/wp-content\/uploads\/2025\/03\/Imagen-de-Damas-Voluntarias-con-Nelly.jpg\" alt=\"Imagen de Damas Voluntarias con Nelly\" width=\"1024\" height=\"583\" srcset=\"https:\/\/www.medellin.gov.co\/es\/wp-content\/uploads\/2025\/03\/Imagen-de-Damas-Voluntarias-con-Nelly.jpg 1024w, https:\/\/www.medellin.gov.co\/es\/wp-content\/uploads\/2025\/03\/Imagen-de-Damas-Voluntarias-con-Nelly-300x171.jpg 300w, https:\/\/www.medellin.gov.co\/es\/wp-content\/uploads\/2025\/03\/Imagen-de-Damas-Voluntarias-con-Nelly-150x85.jpg 150w, https:\/\/www.medellin.gov.co\/es\/wp-content\/uploads\/2025\/03\/Imagen-de-Damas-Voluntarias-con-Nelly-768x437.jpg 768w\" sizes=\"(max-width: 1024px) 100vw, 1024px\" \/><\/p>\n<p>Sus hijos son felices con la labor que desempe\u00f1a, la cual espera seguir haciendo por m\u00e1s tiempo, cuando no est\u00e1 de servicio voluntario se queda en su casa disfrutando de los suyos y se dedica a coser, una de sus labores favoritas y tambi\u00e9n le gusta recostarse a descansar, no necesariamente a dormir. <em>\u201cYo soy muy poco callejera. No soy de barras, ni de muchas amigas. Entonces, me encanta la casa. A veces van amigas o van los nietos o van las chicas\u201d.<\/em><\/p>\n<h4><strong>La an\u00e9cdota que no olvida<\/strong><\/h4>\n<p><img loading=\"lazy\" class=\"alignnone size-full wp-image-392882\" src=\"https:\/\/www.medellin.gov.co\/es\/wp-content\/uploads\/2025\/03\/Imagen-de-Nelly-de-Arango-Dama-Voluntaria-en-su-escritorio-2.jpg\" alt=\"Imagen de Nelly de Arango Dama Voluntaria en su escritorio 2\" width=\"1024\" height=\"683\" srcset=\"https:\/\/www.medellin.gov.co\/es\/wp-content\/uploads\/2025\/03\/Imagen-de-Nelly-de-Arango-Dama-Voluntaria-en-su-escritorio-2.jpg 1024w, https:\/\/www.medellin.gov.co\/es\/wp-content\/uploads\/2025\/03\/Imagen-de-Nelly-de-Arango-Dama-Voluntaria-en-su-escritorio-2-300x200.jpg 300w, https:\/\/www.medellin.gov.co\/es\/wp-content\/uploads\/2025\/03\/Imagen-de-Nelly-de-Arango-Dama-Voluntaria-en-su-escritorio-2-150x100.jpg 150w, https:\/\/www.medellin.gov.co\/es\/wp-content\/uploads\/2025\/03\/Imagen-de-Nelly-de-Arango-Dama-Voluntaria-en-su-escritorio-2-768x512.jpg 768w\" sizes=\"(max-width: 1024px) 100vw, 1024px\" \/><\/p>\n<p>En esos 55 a\u00f1os de voluntariado le han pasado muchas cosas y Nelly recuerda una an\u00e9cdota en especial: <em>\u201cCuando yo sal\u00eda a los pisos, una vez fui y entr\u00e9 a una habitaci\u00f3n y vi a un se\u00f1or que estaba como muy malito. Yo me dediqu\u00e9 a ayudar al se\u00f1or. Muy solo, muy malito. Entonces quise rezar, pero a \u00e9l como que no le gust\u00f3 mucho. Me hice a un ladito y luego me pas\u00e9 y le cog\u00ed las manitos. Y yo le rezaba. Y cuando se fue a morir, \u00e9l me apret\u00f3 la mano y me dio una sonrisa que a m\u00ed no se me olvida<\/em>\u201d y su mirada se torna profunda y agradecida con la vida por haber podido estar ah\u00ed en ese momento.<\/p>\n<p>Y aunque tambi\u00e9n a veces llega algo apesadumbrada por alguna circunstancia, no permite que esto afecte su labor. <em>\u201c<\/em><em>Yo tambi\u00e9n estoy triste por cualquier cosa, pero yo aqu\u00ed traigo lo mejor de m\u00ed. Aqu\u00ed hay que estar bien, estar contenta, estar alegre\u201d<\/em>.<\/p>\n<h4><strong>Sobre las voluntarias y el voluntariado<\/strong><\/h4>\n<p>&nbsp;<\/p>\n\n\t\t<style type=\"text\/css\">\n\t\t\t#gallery-3 {\n\t\t\t\tmargin: auto;\n\t\t\t}\n\t\t\t#gallery-3 .gallery-item {\n\t\t\t\tfloat: left;\n\t\t\t\tmargin-top: 10px;\n\t\t\t\ttext-align: center;\n\t\t\t\twidth: 50%;\n\t\t\t}\n\t\t\t#gallery-3 img {\n\t\t\t\tborder: 2px solid #cfcfcf;\n\t\t\t}\n\t\t\t#gallery-3 .gallery-caption {\n\t\t\t\tmargin-left: 0;\n\t\t\t}\n\t\t\t\/* see gallery_shortcode() in wp-includes\/media.php *\/\n\t\t<\/style>\n\t\t<div id='gallery-3' class='gallery galleryid-392848 gallery-columns-2 gallery-size-full'><dl class='gallery-item'>\n\t\t\t<dt class='gallery-icon landscape'>\n\t\t\t\t<a href='https:\/\/www.medellin.gov.co\/es\/sala-de-prensa\/noticias\/nelly-de-arango-una-dama-voluntaria-de-medellin-que-a-sus-98-anos-de-edad-sirve-con-amor-a-la-humanidad\/imagen-de-damas-voluntarias-con-nelly-2\/'><img width=\"1024\" height=\"635\" src=\"https:\/\/www.medellin.gov.co\/es\/wp-content\/uploads\/2025\/03\/Imagen-de-Damas-Voluntarias-con-Nelly-2.jpg\" class=\"attachment-full size-full\" alt=\"Imagen de Damas Voluntarias con Nelly 2\" loading=\"lazy\" srcset=\"https:\/\/www.medellin.gov.co\/es\/wp-content\/uploads\/2025\/03\/Imagen-de-Damas-Voluntarias-con-Nelly-2.jpg 1024w, https:\/\/www.medellin.gov.co\/es\/wp-content\/uploads\/2025\/03\/Imagen-de-Damas-Voluntarias-con-Nelly-2-300x186.jpg 300w, https:\/\/www.medellin.gov.co\/es\/wp-content\/uploads\/2025\/03\/Imagen-de-Damas-Voluntarias-con-Nelly-2-150x93.jpg 150w, https:\/\/www.medellin.gov.co\/es\/wp-content\/uploads\/2025\/03\/Imagen-de-Damas-Voluntarias-con-Nelly-2-768x476.jpg 768w\" sizes=\"(max-width: 1024px) 100vw, 1024px\" \/><\/a>\n\t\t\t<\/dt><\/dl><dl class='gallery-item'>\n\t\t\t<dt class='gallery-icon landscape'>\n\t\t\t\t<a href='https:\/\/www.medellin.gov.co\/es\/sala-de-prensa\/noticias\/nelly-de-arango-una-dama-voluntaria-de-medellin-que-a-sus-98-anos-de-edad-sirve-con-amor-a-la-humanidad\/imagen-de-homenaje-a-corporacion-damas-voluntarias\/'><img width=\"1024\" height=\"683\" src=\"https:\/\/www.medellin.gov.co\/es\/wp-content\/uploads\/2025\/03\/Imagen-de-homenaje-a-Corporacion-Damas-Voluntarias.jpg\" class=\"attachment-full size-full\" alt=\"\" loading=\"lazy\" srcset=\"https:\/\/www.medellin.gov.co\/es\/wp-content\/uploads\/2025\/03\/Imagen-de-homenaje-a-Corporacion-Damas-Voluntarias.jpg 1024w, https:\/\/www.medellin.gov.co\/es\/wp-content\/uploads\/2025\/03\/Imagen-de-homenaje-a-Corporacion-Damas-Voluntarias-300x200.jpg 300w, https:\/\/www.medellin.gov.co\/es\/wp-content\/uploads\/2025\/03\/Imagen-de-homenaje-a-Corporacion-Damas-Voluntarias-150x100.jpg 150w, https:\/\/www.medellin.gov.co\/es\/wp-content\/uploads\/2025\/03\/Imagen-de-homenaje-a-Corporacion-Damas-Voluntarias-768x512.jpg 768w\" sizes=\"(max-width: 1024px) 100vw, 1024px\" \/><\/a>\n\t\t\t<\/dt><\/dl><br style=\"clear: both\" \/>\n\t\t<\/div>\n\n<p>Al referirse a la labor que realizan las Damas Voluntarias del Hospital General de Medell\u00edn, su rostro se ilumina y atina a decir: <em>\u201cL<\/em><em>as voluntarias son muy maravillosas. A la gente le digo que lo mejor en la vida es darse uno para servir a la gente y ayudarla, m\u00e1s en estos momentos que estamos viviendo. Uno con estos problemas, estas cosas y que uno le diga a la gente, no, tranquilo, esperemos y darle algo de esperanza, es gratificante\u201d <\/em>y agrega:<em> \u201cYo invito a las personas a que hagan un voluntariado, de cualquier parte que sea, para sentir lo dichoso que es \u00a0haberle dado a la gente y a la humanidad lo mejor de uno. Es que esto, tambi\u00e9n le ayuda a uno<\/em>\u201d.<\/p>\n<p>Al preguntarle sobre el significado que tiene para ella el voluntariado no lo piensa dos veces: <em>\u201cP<\/em><em>ara m\u00ed, el voluntariado es lo mejor que Dios me ha dado, despu\u00e9s de ser mam\u00e1; es poder llegar yo a las personas, decirles una palabra de aliento, tocarles el hombro o decirle a alguien qu\u00e9 puede hacer. Es una cosa muy maravillosa. Soy muy feliz de ser voluntaria. \u00a1Ojal\u00e1 todav\u00eda no me tenga que ir!<\/em>\u201d y dice esto \u00faltimo mirando a su alrededor a sus compa\u00f1eras que est\u00e1n pendientes de ella.<\/p>\n<p><div class=\"iframe-container\"><iframe title=\"YouTube video player\" src=\"https:\/\/www.youtube.com\/embed\/NyD4mADocuk?si=hKI33boHja2sTJ_l\" width=\"100%\" height=\"315\" frameborder=\"0\" allowfullscreen=\"allowfullscreen\"><span data-mce-type=\"bookmark\" style=\"display: inline-block; width: 0px; overflow: hidden; line-height: 0;\" class=\"mce_SELRES_start\">\ufeff<\/span><\/iframe><\/div><\/p>\n<h4><strong>Su deseo<\/strong><\/h4>\n<p>Quiere que la recuerden con cari\u00f1o y tiene muy claro lo que quiere ser despu\u00e9s de dejar este espacio terrenal. Y al llegar al cielo -como espera hacerlo- se sentir\u00eda feliz y agradecida de estar all\u00e1. <em>\u201cCuando me muera me voy a reencarnar y voy a servir. Voy a curar todo\u201d,<\/em> sentencia Nelly de Arango, una venerable Dama Voluntaria del Hospital General de Medell\u00edn, que a sus 98 a\u00f1os de vida y 55 de labores, junto con sus compa\u00f1eras del voluntariado, \u00a0luce con orgullo y dignidad su traje rosado y lleva tatuada en su alma, en su cuerpo y en su coraz\u00f3n el esp\u00edritu y la felicidad de poder servir con amor a la humanidad.<\/p>\n","protected":false},"excerpt":{"rendered":"<p>Tiene 98 a\u00f1os y una energ\u00eda inagotable cuando de servir a otros se trata.\u00a0 Es la \u201cni\u00f1a mimada\u201d de las Damas Voluntarias del Hospital General de Medell\u00edn y respira servicio y solidaridad por todo su &#8230;<\/p>\n","protected":false},"author":97,"featured_media":392853,"comment_status":"open","ping_status":"open","sticky":false,"template":"","format":"standard","meta":[],"categories":[531,18],"tags":[451,449,452],"formato_nota":[],"programas_tax":[],"acf":[],"_links":{"self":[{"href":"https:\/\/www.medellin.gov.co\/es\/wp-json\/wp\/v2\/posts\/392848"}],"collection":[{"href":"https:\/\/www.medellin.gov.co\/es\/wp-json\/wp\/v2\/posts"}],"about":[{"href":"https:\/\/www.medellin.gov.co\/es\/wp-json\/wp\/v2\/types\/post"}],"author":[{"embeddable":true,"href":"https:\/\/www.medellin.gov.co\/es\/wp-json\/wp\/v2\/users\/97"}],"replies":[{"embeddable":true,"href":"https:\/\/www.medellin.gov.co\/es\/wp-json\/wp\/v2\/comments?post=392848"}],"version-history":[{"count":9,"href":"https:\/\/www.medellin.gov.co\/es\/wp-json\/wp\/v2\/posts\/392848\/revisions"}],"predecessor-version":[{"id":393609,"href":"https:\/\/www.medellin.gov.co\/es\/wp-json\/wp\/v2\/posts\/392848\/revisions\/393609"}],"wp:featuredmedia":[{"embeddable":true,"href":"https:\/\/www.medellin.gov.co\/es\/wp-json\/wp\/v2\/media\/392853"}],"wp:attachment":[{"href":"https:\/\/www.medellin.gov.co\/es\/wp-json\/wp\/v2\/media?parent=392848"}],"wp:term":[{"taxonomy":"category","embeddable":true,"href":"https:\/\/www.medellin.gov.co\/es\/wp-json\/wp\/v2\/categories?post=392848"},{"taxonomy":"post_tag","embeddable":true,"href":"https:\/\/www.medellin.gov.co\/es\/wp-json\/wp\/v2\/tags?post=392848"},{"taxonomy":"formato_nota","embeddable":true,"href":"https:\/\/www.medellin.gov.co\/es\/wp-json\/wp\/v2\/formato_nota?post=392848"},{"taxonomy":"programas_tax","embeddable":true,"href":"https:\/\/www.medellin.gov.co\/es\/wp-json\/wp\/v2\/programas_tax?post=392848"}],"curies":[{"name":"wp","href":"https:\/\/api.w.org\/{rel}","templated":true}]}}