{"id":392974,"date":"2025-03-14T12:07:19","date_gmt":"2025-03-14T17:07:19","guid":{"rendered":"https:\/\/www.medellin.gov.co\/es\/?p=392974"},"modified":"2025-03-14T12:07:19","modified_gmt":"2025-03-14T17:07:19","slug":"la-alcaldia-de-medellin-lidera-primer-encuentro-de-cuidadores-de-personas-mayores-de-100-anos","status":"publish","type":"post","link":"https:\/\/www.medellin.gov.co\/es\/sala-de-prensa\/noticias\/la-alcaldia-de-medellin-lidera-primer-encuentro-de-cuidadores-de-personas-mayores-de-100-anos\/","title":{"rendered":"La Alcald\u00eda de Medell\u00edn lidera primer encuentro de cuidadores de personas mayores de 100 a\u00f1os"},"content":{"rendered":"<ul>\n<li>113 personas centenarias se han beneficiado del programa Medell\u00edn te Quiere Saludable.<\/li>\n<\/ul>\n<!--[if lt IE 9]><script>document.createElement('audio');<\/script><![endif]-->\n\t<div class=\"wp-playlist wp-audio-playlist wp-playlist-light\">\n\t\t\t<div class=\"wp-playlist-current-item\"><\/div>\n\t\t<audio controls=\"controls\" preload=\"none\" width=\"640\"\n\t\t\t><\/audio>\n\t<div class=\"wp-playlist-next\"><\/div>\n\t<div class=\"wp-playlist-prev\"><\/div>\n\t<noscript>\n\t<ol>\n\t\t<li><a href='https:\/\/www.medellin.gov.co\/es\/wp-content\/uploads\/2025\/03\/Encuentro-Cuidadores-Personas-Mayores-100-Anos-01.mp3'>Palabras de Luz Aida Rend\u00f3n Berr\u00edo, subsecretaria de Salud P\u00fablica<\/a><\/li>\t<\/ol>\n\t<\/noscript>\n\t<script type=\"application\/json\" class=\"wp-playlist-script\">{\"type\":\"audio\",\"tracklist\":true,\"tracknumbers\":true,\"images\":true,\"artists\":true,\"tracks\":[{\"src\":\"https:\\\/\\\/www.medellin.gov.co\\\/es\\\/wp-content\\\/uploads\\\/2025\\\/03\\\/Encuentro-Cuidadores-Personas-Mayores-100-Anos-01.mp3\",\"type\":\"audio\\\/mpeg\",\"title\":\"Palabras de Luz Aida Rend\\u00f3n Berr\\u00edo, subsecretaria de Salud P\\u00fablica\",\"caption\":\"\",\"description\":\"\\u00abPalabras de Luz Aida Rend\\u00f3n Berr\\u00edo, subsecretaria de Salud P\\u00fablica\\u00bb.\",\"meta\":{\"genre\":\"Blues\",\"length_formatted\":\"0:41\"},\"image\":{\"src\":\"https:\\\/\\\/www.medellin.gov.co\\\/es\\\/wp-includes\\\/images\\\/media\\\/audio.png\",\"width\":48,\"height\":64},\"thumb\":{\"src\":\"https:\\\/\\\/www.medellin.gov.co\\\/es\\\/wp-includes\\\/images\\\/media\\\/audio.png\",\"width\":48,\"height\":64}}]}<\/script>\n<\/div>\n\t\n<p>Con 80 participantes, la Administraci\u00f3n Distrital realizar\u00e1 un primer encuentro de cuidadores de personas mayores de 100 a\u00f1os. El objetivo, adem\u00e1s de reconocer su labor, es capacitarlos para su bienestar y el de quienes tienen a cargo.<\/p>\n<p>\u2018<em>Cuidarse para cuidar\u2019<\/em> es el mensaje clave de esta iniciativa, que resalta la importancia del autocuidado en quienes desempe\u00f1an esta labor. Durante la jornada, los asistentes podr\u00e1n acceder a tamizajes bajo la orientaci\u00f3n de profesionales multidisciplinares del programa Medell\u00edn te Quiere Saludable. Este encuentro ayuda a fortalecer la red de apoyo a los cuidadores y asegurar un envejecimiento digno y saludable.<\/p>\n<div id=\"attachment_392916\" style=\"width: 1143px\" class=\"wp-caption alignnone\"><a href=\"https:\/\/www.medellin.gov.co\/es\/wp-content\/uploads\/2025\/03\/Encuentro-Cuidadores-Personas-Mayores-100-Anos-1.jpg\" target=\"_blank\" rel=\"noopener\"><img aria-describedby=\"caption-attachment-392916\" loading=\"lazy\" class=\"wp-image-392916 size-full\" title=\"La Alcald\u00eda de Medell\u00edn lidera primer encuentro de cuidadores de personas mayores de 100 a\u00f1os\" src=\"https:\/\/www.medellin.gov.co\/es\/wp-content\/uploads\/2025\/03\/Encuentro-Cuidadores-Personas-Mayores-100-Anos-1.jpg\" alt=\"La Alcald\u00eda de Medell\u00edn lidera primer encuentro de cuidadores de personas mayores de 100 a\u00f1os\" width=\"1133\" height=\"850\" srcset=\"https:\/\/www.medellin.gov.co\/es\/wp-content\/uploads\/2025\/03\/Encuentro-Cuidadores-Personas-Mayores-100-Anos-1.jpg 1133w, https:\/\/www.medellin.gov.co\/es\/wp-content\/uploads\/2025\/03\/Encuentro-Cuidadores-Personas-Mayores-100-Anos-1-300x225.jpg 300w, https:\/\/www.medellin.gov.co\/es\/wp-content\/uploads\/2025\/03\/Encuentro-Cuidadores-Personas-Mayores-100-Anos-1-1024x768.jpg 1024w, https:\/\/www.medellin.gov.co\/es\/wp-content\/uploads\/2025\/03\/Encuentro-Cuidadores-Personas-Mayores-100-Anos-1-150x113.jpg 150w, https:\/\/www.medellin.gov.co\/es\/wp-content\/uploads\/2025\/03\/Encuentro-Cuidadores-Personas-Mayores-100-Anos-1-768x576.jpg 768w\" sizes=\"(max-width: 1133px) 100vw, 1133px\" \/><\/a><p id=\"caption-attachment-392916\" class=\"wp-caption-text\">La Alcald\u00eda de Medell\u00edn lidera primer encuentro de cuidadores de personas mayores de 100 a\u00f1os &#8211; Foto Alcald\u00eda de Medell\u00edn<\/p><\/div>\n<p>\u201c<em>113 de estos ciudadanos est\u00e1n cubiertos por el programa. En este espacio brindaremos bienestar y atenci\u00f3n a trav\u00e9s de tamizaje de riesgo cardiovascular, atenci\u00f3n en salud mental y salud bucal. Ser\u00e1 un momento para educarlos, hablarles sobre bienestar y aspectos clave en el proceso de autocuidado y cuidado de sus adultos mayores<\/em>\u201d, indic\u00f3 la subsecretaria de Salud P\u00fablica, Luz Aida Rend\u00f3n Berr\u00edo.<\/p>\n<p>Actualmente, el programa Medell\u00edn te Quiere Saludable acompa\u00f1a a 113 personas mayores de 100 a\u00f1os, prestando unas 400 atenciones multidimensionales en salud, en donde predominan aspectos como salud mental, vida saludable y salud bucal. Con la estrategia \u2018Centenarios\u2019, la Administraci\u00f3n Distrital dispone de atenci\u00f3n inmediata en salud, apoyo en salud mental para cuidadores, recomendaciones en h\u00e1bitos saludables y acompa\u00f1amiento en tr\u00e1mites del sistema.<\/p>\n","protected":false},"excerpt":{"rendered":"<p>113 personas centenarias se han beneficiado del programa Medell\u00edn te Quiere Saludable. Con 80 participantes, la Administraci\u00f3n Distrital realizar\u00e1 un primer encuentro de cuidadores de personas mayores de 100 a\u00f1os. El objetivo, adem\u00e1s de reconocer &#8230;<\/p>\n","protected":false},"author":21,"featured_media":392913,"comment_status":"open","ping_status":"open","sticky":false,"template":"","format":"standard","meta":[],"categories":[706,18],"tags":[451,452],"formato_nota":[],"programas_tax":[],"acf":[],"_links":{"self":[{"href":"https:\/\/www.medellin.gov.co\/es\/wp-json\/wp\/v2\/posts\/392974"}],"collection":[{"href":"https:\/\/www.medellin.gov.co\/es\/wp-json\/wp\/v2\/posts"}],"about":[{"href":"https:\/\/www.medellin.gov.co\/es\/wp-json\/wp\/v2\/types\/post"}],"author":[{"embeddable":true,"href":"https:\/\/www.medellin.gov.co\/es\/wp-json\/wp\/v2\/users\/21"}],"replies":[{"embeddable":true,"href":"https:\/\/www.medellin.gov.co\/es\/wp-json\/wp\/v2\/comments?post=392974"}],"version-history":[{"count":1,"href":"https:\/\/www.medellin.gov.co\/es\/wp-json\/wp\/v2\/posts\/392974\/revisions"}],"predecessor-version":[{"id":393002,"href":"https:\/\/www.medellin.gov.co\/es\/wp-json\/wp\/v2\/posts\/392974\/revisions\/393002"}],"wp:featuredmedia":[{"embeddable":true,"href":"https:\/\/www.medellin.gov.co\/es\/wp-json\/wp\/v2\/media\/392913"}],"wp:attachment":[{"href":"https:\/\/www.medellin.gov.co\/es\/wp-json\/wp\/v2\/media?parent=392974"}],"wp:term":[{"taxonomy":"category","embeddable":true,"href":"https:\/\/www.medellin.gov.co\/es\/wp-json\/wp\/v2\/categories?post=392974"},{"taxonomy":"post_tag","embeddable":true,"href":"https:\/\/www.medellin.gov.co\/es\/wp-json\/wp\/v2\/tags?post=392974"},{"taxonomy":"formato_nota","embeddable":true,"href":"https:\/\/www.medellin.gov.co\/es\/wp-json\/wp\/v2\/formato_nota?post=392974"},{"taxonomy":"programas_tax","embeddable":true,"href":"https:\/\/www.medellin.gov.co\/es\/wp-json\/wp\/v2\/programas_tax?post=392974"}],"curies":[{"name":"wp","href":"https:\/\/api.w.org\/{rel}","templated":true}]}}