{"id":393003,"date":"2025-03-14T12:14:51","date_gmt":"2025-03-14T17:14:51","guid":{"rendered":"https:\/\/www.medellin.gov.co\/es\/?p=393003"},"modified":"2025-03-14T12:14:51","modified_gmt":"2025-03-14T17:14:51","slug":"en-el-metrocable-de-medellin-les-leen-a-los-pasajeros-historias-sobre-el-conflicto-armado-colombiano","status":"publish","type":"post","link":"https:\/\/www.medellin.gov.co\/es\/sala-de-prensa\/noticias\/en-el-metrocable-de-medellin-les-leen-a-los-pasajeros-historias-sobre-el-conflicto-armado-colombiano\/","title":{"rendered":"En el metrocable de Medell\u00edn les leen a los pasajeros historias sobre el conflicto armado colombiano"},"content":{"rendered":"<ul>\n<li>Los usuarios escuchar\u00e1n testimonios y poemas de textos del fondo editorial del Museo.<\/li>\n<li>Esta estrategia ir\u00e1 hasta el 21 de marzo en la l\u00ednea M del metrocable.<\/li>\n<\/ul>\n<!--[if lt IE 9]><script>document.createElement('audio');<\/script><![endif]-->\n\t<div class=\"wp-playlist wp-audio-playlist wp-playlist-light\">\n\t\t\t<div class=\"wp-playlist-current-item\"><\/div>\n\t\t<audio controls=\"controls\" preload=\"none\" width=\"640\"\n\t\t\t><\/audio>\n\t<div class=\"wp-playlist-next\"><\/div>\n\t<div class=\"wp-playlist-prev\"><\/div>\n\t<noscript>\n\t<ol>\n\t\t<li><a href='https:\/\/www.medellin.gov.co\/es\/wp-content\/uploads\/2025\/03\/Metrocable-Historias-Conflicto-Armado-01.mp3'>Palabras de Luis Eduardo Vieco Maya, director del Museo Casa de la Memoria de Medell\u00edn<\/a><\/li><li><a href='https:\/\/www.medellin.gov.co\/es\/wp-content\/uploads\/2025\/03\/Metrocable-Historias-Conflicto-Armado-02.mp3'>Palabras de Marisela G\u00f3mez, usuaria del sistema<\/a><\/li>\t<\/ol>\n\t<\/noscript>\n\t<script type=\"application\/json\" class=\"wp-playlist-script\">{\"type\":\"audio\",\"tracklist\":true,\"tracknumbers\":true,\"images\":true,\"artists\":true,\"tracks\":[{\"src\":\"https:\\\/\\\/www.medellin.gov.co\\\/es\\\/wp-content\\\/uploads\\\/2025\\\/03\\\/Metrocable-Historias-Conflicto-Armado-01.mp3\",\"type\":\"audio\\\/mpeg\",\"title\":\"Palabras de Luis Eduardo Vieco Maya, director del Museo Casa de la Memoria de Medell\\u00edn\",\"caption\":\"\",\"description\":\"\\u00abPalabras de Luis Eduardo Vieco Maya, director del Museo Casa de la Memoria de Medell\\u00edn\\u00bb.\",\"meta\":{\"genre\":\"Blues\",\"length_formatted\":\"0:40\"},\"image\":{\"src\":\"https:\\\/\\\/www.medellin.gov.co\\\/es\\\/wp-includes\\\/images\\\/media\\\/audio.png\",\"width\":48,\"height\":64},\"thumb\":{\"src\":\"https:\\\/\\\/www.medellin.gov.co\\\/es\\\/wp-includes\\\/images\\\/media\\\/audio.png\",\"width\":48,\"height\":64}},{\"src\":\"https:\\\/\\\/www.medellin.gov.co\\\/es\\\/wp-content\\\/uploads\\\/2025\\\/03\\\/Metrocable-Historias-Conflicto-Armado-02.mp3\",\"type\":\"audio\\\/mpeg\",\"title\":\"Palabras de Marisela G\\u00f3mez, usuaria del sistema\",\"caption\":\"\",\"description\":\"\\u00abPalabras de Marisela G\\u00f3mez, usuaria del sistema\\u00bb.\",\"meta\":{\"genre\":\"Blues\",\"length_formatted\":\"1:00\"},\"image\":{\"src\":\"https:\\\/\\\/www.medellin.gov.co\\\/es\\\/wp-includes\\\/images\\\/media\\\/audio.png\",\"width\":48,\"height\":64},\"thumb\":{\"src\":\"https:\\\/\\\/www.medellin.gov.co\\\/es\\\/wp-includes\\\/images\\\/media\\\/audio.png\",\"width\":48,\"height\":64}}]}<\/script>\n<\/div>\n\t\n<p>Con lecturas en las cabinas del metrocable, cerca de 2.400 usuarios podr\u00e1n sumergirse en historias y reflexiones sobre v\u00edctimas del conflicto armado que conectar\u00e1n a la ciudadan\u00eda con la memoria y que har\u00e1n de cada trayecto un viaje entre las p\u00e1ginas del pasado y el presente. Esta iniciativa del Museo Casa de la Memoria y el Metro de Medell\u00edn se realiza desde el 12 marzo y va hasta el 21 de marzo, con 20 horas de lectura en total.<\/p>\n<p>\u201c<em>Esta es una iniciativa del Museo Casa de la Memoria y el Metro de Medell\u00edn, por llevar la memoria a toda la ciudadan\u00eda. Se trata de lecturas que vamos a hacer en las cabinas del metro, para llevar a los habitantes las historias sobre el conflicto armado, a llevar esa memoria para que no se olvide y se garantice que no se repitan esos actos violentos<\/em>\u201d, dijo el director del Museo Casa de la Memoria de Medell\u00edn, Luis Eduardo Vieco Maya.<\/p>\n\n\t\t<style type=\"text\/css\">\n\t\t\t#gallery-1 {\n\t\t\t\tmargin: auto;\n\t\t\t}\n\t\t\t#gallery-1 .gallery-item {\n\t\t\t\tfloat: left;\n\t\t\t\tmargin-top: 10px;\n\t\t\t\ttext-align: center;\n\t\t\t\twidth: 50%;\n\t\t\t}\n\t\t\t#gallery-1 img {\n\t\t\t\tborder: 2px solid #cfcfcf;\n\t\t\t}\n\t\t\t#gallery-1 .gallery-caption {\n\t\t\t\tmargin-left: 0;\n\t\t\t}\n\t\t\t\/* see gallery_shortcode() in wp-includes\/media.php *\/\n\t\t<\/style>\n\t\t<div id='gallery-1' class='gallery galleryid-393003 gallery-columns-2 gallery-size-full'><dl class='gallery-item'>\n\t\t\t<dt class='gallery-icon landscape'>\n\t\t\t\t<a href='https:\/\/www.medellin.gov.co\/es\/sala-de-prensa\/noticias\/medellin-realizara-este-domingo-la-primera-adoptaton-de-animales-de-compania-en-el-ano\/metrocable-historias-conflicto-armado-2\/'><img width=\"1280\" height=\"720\" src=\"https:\/\/www.medellin.gov.co\/es\/wp-content\/uploads\/2025\/03\/Metrocable-Historias-Conflicto-Armado-2.jpg\" class=\"attachment-full size-full\" alt=\"En el metrocable de Medell\u00edn les leen a los pasajeros historias sobre el conflicto armado colombiano\" loading=\"lazy\" aria-describedby=\"gallery-1-392948\" srcset=\"https:\/\/www.medellin.gov.co\/es\/wp-content\/uploads\/2025\/03\/Metrocable-Historias-Conflicto-Armado-2.jpg 1280w, https:\/\/www.medellin.gov.co\/es\/wp-content\/uploads\/2025\/03\/Metrocable-Historias-Conflicto-Armado-2-300x169.jpg 300w, https:\/\/www.medellin.gov.co\/es\/wp-content\/uploads\/2025\/03\/Metrocable-Historias-Conflicto-Armado-2-1024x576.jpg 1024w, https:\/\/www.medellin.gov.co\/es\/wp-content\/uploads\/2025\/03\/Metrocable-Historias-Conflicto-Armado-2-150x84.jpg 150w, https:\/\/www.medellin.gov.co\/es\/wp-content\/uploads\/2025\/03\/Metrocable-Historias-Conflicto-Armado-2-768x432.jpg 768w\" sizes=\"(max-width: 1280px) 100vw, 1280px\" \/><\/a>\n\t\t\t<\/dt>\n\t\t\t\t<dd class='wp-caption-text gallery-caption' id='gallery-1-392948'>\n\t\t\t\tEn el metrocable de Medell\u00edn les leen a los pasajeros historias sobre el conflicto armado colombiano &#8211; Foto Alcald\u00eda de Medell\u00edn\n\t\t\t\t<\/dd><\/dl><dl class='gallery-item'>\n\t\t\t<dt class='gallery-icon landscape'>\n\t\t\t\t<a href='https:\/\/www.medellin.gov.co\/es\/sala-de-prensa\/noticias\/medellin-realizara-este-domingo-la-primera-adoptaton-de-animales-de-compania-en-el-ano\/metrocable-historias-conflicto-armado-3\/'><img width=\"1280\" height=\"720\" src=\"https:\/\/www.medellin.gov.co\/es\/wp-content\/uploads\/2025\/03\/Metrocable-Historias-Conflicto-Armado-3.jpg\" class=\"attachment-full size-full\" alt=\"En el metrocable de Medell\u00edn les leen a los pasajeros historias sobre el conflicto armado colombiano\" loading=\"lazy\" aria-describedby=\"gallery-1-392945\" srcset=\"https:\/\/www.medellin.gov.co\/es\/wp-content\/uploads\/2025\/03\/Metrocable-Historias-Conflicto-Armado-3.jpg 1280w, https:\/\/www.medellin.gov.co\/es\/wp-content\/uploads\/2025\/03\/Metrocable-Historias-Conflicto-Armado-3-300x169.jpg 300w, https:\/\/www.medellin.gov.co\/es\/wp-content\/uploads\/2025\/03\/Metrocable-Historias-Conflicto-Armado-3-1024x576.jpg 1024w, https:\/\/www.medellin.gov.co\/es\/wp-content\/uploads\/2025\/03\/Metrocable-Historias-Conflicto-Armado-3-150x84.jpg 150w, https:\/\/www.medellin.gov.co\/es\/wp-content\/uploads\/2025\/03\/Metrocable-Historias-Conflicto-Armado-3-768x432.jpg 768w\" sizes=\"(max-width: 1280px) 100vw, 1280px\" \/><\/a>\n\t\t\t<\/dt>\n\t\t\t\t<dd class='wp-caption-text gallery-caption' id='gallery-1-392945'>\n\t\t\t\tEn el metrocable de Medell\u00edn les leen a los pasajeros historias sobre el conflicto armado colombiano &#8211; Foto Alcald\u00eda de Medell\u00edn\n\t\t\t\t<\/dd><\/dl><br style=\"clear: both\" \/>\n\t\t<\/div>\n\n<p>Los usuarios de la l\u00ednea M del metrocable vivir\u00e1n durante 11 d\u00edas esta experiencia de escucha que tendr\u00e1 como punto de encuentro los textos po\u00e9ticos y testimoniales del libro \u201c<em>Retazos de mi vida<\/em>\u201d, de Hilda Osorio, v\u00edctima del conflicto y lideresa de Medell\u00edn, cuya obra reposa en el fondo editorial del Museo Casa de la Memoria. En este hay publicaciones que hacen visibles las voces de quienes han sido afectados por la violencia y se han sobrepuesto a ella.<\/p>\n<p>\u201c<em>Soy ama de casa, iba en el metrocable, acompa\u00f1ada de mis hijos, y me encontr\u00e9 dos personas que me compartieron un poema maravillosos que me hizo reflexionar en cuanto a memorias, cosas buenas y no tanto, como el conflicto que hemos vivido<\/em>\u201d, coment\u00f3 Marisela G\u00f3mez, una usuaria del sistema de transporte, beneficiada con la campa\u00f1a.<\/p>\n<p>Esta iniciativa se desarrollar\u00e1 en las dem\u00e1s l\u00edneas del metrocable durante el resto del a\u00f1o. De esta manera, se muestra el compromiso de la Alcald\u00eda de Medell\u00edn por contribuir a la transformaci\u00f3n de los territorios a partir de las memorias como comprensi\u00f3n y reparaci\u00f3n del pasado.<\/p>\n","protected":false},"excerpt":{"rendered":"<p>Los usuarios escuchar\u00e1n testimonios y poemas de textos del fondo editorial del Museo. Esta estrategia ir\u00e1 hasta el 21 de marzo en la l\u00ednea M del metrocable. Con lecturas en las cabinas del metrocable, cerca &#8230;<\/p>\n","protected":false},"author":21,"featured_media":392953,"comment_status":"open","ping_status":"open","sticky":false,"template":"","format":"standard","meta":[],"categories":[14,17],"tags":[451,634,447,455],"formato_nota":[],"programas_tax":[],"acf":[],"_links":{"self":[{"href":"https:\/\/www.medellin.gov.co\/es\/wp-json\/wp\/v2\/posts\/393003"}],"collection":[{"href":"https:\/\/www.medellin.gov.co\/es\/wp-json\/wp\/v2\/posts"}],"about":[{"href":"https:\/\/www.medellin.gov.co\/es\/wp-json\/wp\/v2\/types\/post"}],"author":[{"embeddable":true,"href":"https:\/\/www.medellin.gov.co\/es\/wp-json\/wp\/v2\/users\/21"}],"replies":[{"embeddable":true,"href":"https:\/\/www.medellin.gov.co\/es\/wp-json\/wp\/v2\/comments?post=393003"}],"version-history":[{"count":1,"href":"https:\/\/www.medellin.gov.co\/es\/wp-json\/wp\/v2\/posts\/393003\/revisions"}],"predecessor-version":[{"id":393018,"href":"https:\/\/www.medellin.gov.co\/es\/wp-json\/wp\/v2\/posts\/393003\/revisions\/393018"}],"wp:featuredmedia":[{"embeddable":true,"href":"https:\/\/www.medellin.gov.co\/es\/wp-json\/wp\/v2\/media\/392953"}],"wp:attachment":[{"href":"https:\/\/www.medellin.gov.co\/es\/wp-json\/wp\/v2\/media?parent=393003"}],"wp:term":[{"taxonomy":"category","embeddable":true,"href":"https:\/\/www.medellin.gov.co\/es\/wp-json\/wp\/v2\/categories?post=393003"},{"taxonomy":"post_tag","embeddable":true,"href":"https:\/\/www.medellin.gov.co\/es\/wp-json\/wp\/v2\/tags?post=393003"},{"taxonomy":"formato_nota","embeddable":true,"href":"https:\/\/www.medellin.gov.co\/es\/wp-json\/wp\/v2\/formato_nota?post=393003"},{"taxonomy":"programas_tax","embeddable":true,"href":"https:\/\/www.medellin.gov.co\/es\/wp-json\/wp\/v2\/programas_tax?post=393003"}],"curies":[{"name":"wp","href":"https:\/\/api.w.org\/{rel}","templated":true}]}}