{"id":393019,"date":"2025-03-14T12:23:44","date_gmt":"2025-03-14T17:23:44","guid":{"rendered":"https:\/\/www.medellin.gov.co\/es\/?p=393019"},"modified":"2025-03-14T12:23:44","modified_gmt":"2025-03-14T17:23:44","slug":"opera-en-las-calles-de-medellin-una-melodia-para-recordar-la-correcta-disposicion-de-los-residuos","status":"publish","type":"post","link":"https:\/\/www.medellin.gov.co\/es\/sala-de-prensa\/noticias\/opera-en-las-calles-de-medellin-una-melodia-para-recordar-la-correcta-disposicion-de-los-residuos\/","title":{"rendered":"\u00d3pera en las calles de Medell\u00edn, una melod\u00eda para recordar la correcta disposici\u00f3n de los residuos"},"content":{"rendered":"<ul>\n<li>Es la primera acci\u00f3n que desde Medell\u00edn es como Vos se activa en 80 puntos del Distrito para promover el cuidado de la Tacita de Plata.<\/li>\n<li>La estrategia responde a un an\u00e1lisis detallado sobre los sitios con m\u00e1s acumulaci\u00f3n de residuos y refuerza la importancia de que los ciudadanos se ajusten a los horarios de recolecci\u00f3n.<\/li>\n<\/ul>\n<!--[if lt IE 9]><script>document.createElement('audio');<\/script><![endif]-->\n\t<div class=\"wp-playlist wp-audio-playlist wp-playlist-light\">\n\t\t\t<div class=\"wp-playlist-current-item\"><\/div>\n\t\t<audio controls=\"controls\" preload=\"none\" width=\"640\"\n\t\t\t><\/audio>\n\t<div class=\"wp-playlist-next\"><\/div>\n\t<div class=\"wp-playlist-prev\"><\/div>\n\t<noscript>\n\t<ol>\n\t\t<li><a href='https:\/\/www.medellin.gov.co\/es\/wp-content\/uploads\/2025\/03\/Opera-Correcta-Disposicion-Residuos-01.mp3'>Palabras de Santiago Silva, secretario de Cultura Ciudadana<\/a><\/li>\t<\/ol>\n\t<\/noscript>\n\t<script type=\"application\/json\" class=\"wp-playlist-script\">{\"type\":\"audio\",\"tracklist\":true,\"tracknumbers\":true,\"images\":true,\"artists\":true,\"tracks\":[{\"src\":\"https:\\\/\\\/www.medellin.gov.co\\\/es\\\/wp-content\\\/uploads\\\/2025\\\/03\\\/Opera-Correcta-Disposicion-Residuos-01.mp3\",\"type\":\"audio\\\/mpeg\",\"title\":\"Palabras de Santiago Silva, secretario de Cultura Ciudadana\",\"caption\":\"\",\"description\":\"\\u00abOpera-Correcta-Disposicion-Residuos-01\\u00bb. G\\u00e9nero: Blues.\",\"meta\":{\"genre\":\"Blues\",\"length_formatted\":\"1:16\"},\"image\":{\"src\":\"https:\\\/\\\/www.medellin.gov.co\\\/es\\\/wp-includes\\\/images\\\/media\\\/audio.png\",\"width\":48,\"height\":64},\"thumb\":{\"src\":\"https:\\\/\\\/www.medellin.gov.co\\\/es\\\/wp-includes\\\/images\\\/media\\\/audio.png\",\"width\":48,\"height\":64}}]}<\/script>\n<\/div>\n\t\n<p>En el barrio Santa Fe, de la comuna 15-Guayabal, los habitantes vivieron una intervenci\u00f3n especial: la melod\u00eda de la \u00f3pera Carmen se uni\u00f3 al sonido cotidiano de las campanas de los carros recolectores de Emvarias, en una puesta en escena que busc\u00f3 captar la atenci\u00f3n de la gente y reforzar el mensaje sobre los d\u00edas en los que deben sacar los residuos. Esta acci\u00f3n simb\u00f3lica, que combin\u00f3 arte y pedagog\u00eda, es el inicio de una serie de intervenciones que se llevar\u00e1n a cabo en 80 puntos del Distrito durante todo el a\u00f1o.<\/p>\n<p>Medell\u00edn ha puesto en marcha una estrategia innovadora para reforzar el mensaje sobre la adecuada disposici\u00f3n de residuos en los hogares. A trav\u00e9s de un trabajo articulado entre distintas dependencias, se dio inicio a un ciclo de intervenciones pedag\u00f3gicas en el territorio, a trav\u00e9s de Medell\u00edn es como Vos, con el prop\u00f3sito de recordar la importancia de sacar la basura en los d\u00edas y horarios establecidos.<\/p>\n<div id=\"attachment_392939\" style=\"width: 1286px\" class=\"wp-caption alignnone\"><a href=\"https:\/\/www.medellin.gov.co\/es\/wp-content\/uploads\/2025\/03\/Opera-Correcta-Disposicion-Residuos-2.jpg\" target=\"_blank\" rel=\"noopener\"><img aria-describedby=\"caption-attachment-392939\" loading=\"lazy\" class=\"wp-image-392939 size-full\" title=\"\u00d3pera en las calles de Medell\u00edn, una melod\u00eda para recordar la correcta disposici\u00f3n de los residuos\" src=\"https:\/\/www.medellin.gov.co\/es\/wp-content\/uploads\/2025\/03\/Opera-Correcta-Disposicion-Residuos-2.jpg\" alt=\"\u00d3pera en las calles de Medell\u00edn, una melod\u00eda para recordar la correcta disposici\u00f3n de los residuos\" width=\"1276\" height=\"850\" srcset=\"https:\/\/www.medellin.gov.co\/es\/wp-content\/uploads\/2025\/03\/Opera-Correcta-Disposicion-Residuos-2.jpg 1276w, https:\/\/www.medellin.gov.co\/es\/wp-content\/uploads\/2025\/03\/Opera-Correcta-Disposicion-Residuos-2-300x200.jpg 300w, https:\/\/www.medellin.gov.co\/es\/wp-content\/uploads\/2025\/03\/Opera-Correcta-Disposicion-Residuos-2-1024x682.jpg 1024w, https:\/\/www.medellin.gov.co\/es\/wp-content\/uploads\/2025\/03\/Opera-Correcta-Disposicion-Residuos-2-150x100.jpg 150w, https:\/\/www.medellin.gov.co\/es\/wp-content\/uploads\/2025\/03\/Opera-Correcta-Disposicion-Residuos-2-768x512.jpg 768w\" sizes=\"(max-width: 1276px) 100vw, 1276px\" \/><\/a><p id=\"caption-attachment-392939\" class=\"wp-caption-text\">\u00d3pera en las calles de Medell\u00edn, una melod\u00eda para recordar la correcta disposici\u00f3n de los residuos &#8211; Foto Alcald\u00eda de Medell\u00edn<\/p><\/div>\n<p>\u201c<em>Venimos trabajando en las \u00faltimas semanas y vamos a empezar a hacer un esfuerzo importante en los pr\u00f3ximos meses para recordarle a todos los medellinenses los d\u00edas en los cuales hay que sacar la basura. Hay d\u00edas para comer fr\u00edjoles, otros para ir a ciclov\u00eda y unos m\u00e1s para los cl\u00e1sicos, de igual manera hay d\u00edas para sacar las basuras<\/em>\u201d expres\u00f3 el secretario de Cultura Ciudadana, Santiago Silva.<\/p>\n<p>Para atender la acumulaci\u00f3n de residuos porque los habitantes sacan la basura a destiempo frente a lo establecido por Emvarias, entidad que lidera el proceso, la Alcald\u00eda de Medell\u00edn, a trav\u00e9s de la estrategia Medell\u00edn es como Vos, implementar\u00e1 acciones pedag\u00f3gicas, art\u00edsticas y culturales para sensibilizar a la comunidad y destacar la importancia del cumplimiento ciudadano.<\/p>\n<p>Adem\u00e1s de las presentaciones l\u00edricas en las rutas de recolecci\u00f3n, se realizar\u00e1 pedagog\u00eda en barrios estrat\u00e9gicos para involucrar a los vecinos y reconocer las buenas pr\u00e1cticas en la separaci\u00f3n de residuos.<\/p>\n<p>La iniciativa responde a un an\u00e1lisis detallado sobre los puntos donde hay una mayor acumulaci\u00f3n de residuos y donde se ha identificado el incumplimiento en los horarios de recolecci\u00f3n. Por ello, desde el Distrito se trabaja en la sensibilizaci\u00f3n y la corresponsabilidad para fortalecer el sentido de pertenencia y el cuidado del espacio p\u00fablico.<\/p>\n<div id=\"attachment_392937\" style=\"width: 1286px\" class=\"wp-caption alignnone\"><a href=\"https:\/\/www.medellin.gov.co\/es\/wp-content\/uploads\/2025\/03\/Opera-Correcta-Disposicion-Residuos-3.jpg\" target=\"_blank\" rel=\"noopener\"><img aria-describedby=\"caption-attachment-392937\" loading=\"lazy\" class=\"wp-image-392937 size-full\" title=\"\u00d3pera en las calles de Medell\u00edn, una melod\u00eda para recordar la correcta disposici\u00f3n de los residuos\" src=\"https:\/\/www.medellin.gov.co\/es\/wp-content\/uploads\/2025\/03\/Opera-Correcta-Disposicion-Residuos-3.jpg\" alt=\"\u00d3pera en las calles de Medell\u00edn, una melod\u00eda para recordar la correcta disposici\u00f3n de los residuos\" width=\"1276\" height=\"850\" srcset=\"https:\/\/www.medellin.gov.co\/es\/wp-content\/uploads\/2025\/03\/Opera-Correcta-Disposicion-Residuos-3.jpg 1276w, https:\/\/www.medellin.gov.co\/es\/wp-content\/uploads\/2025\/03\/Opera-Correcta-Disposicion-Residuos-3-300x200.jpg 300w, https:\/\/www.medellin.gov.co\/es\/wp-content\/uploads\/2025\/03\/Opera-Correcta-Disposicion-Residuos-3-1024x682.jpg 1024w, https:\/\/www.medellin.gov.co\/es\/wp-content\/uploads\/2025\/03\/Opera-Correcta-Disposicion-Residuos-3-150x100.jpg 150w, https:\/\/www.medellin.gov.co\/es\/wp-content\/uploads\/2025\/03\/Opera-Correcta-Disposicion-Residuos-3-768x512.jpg 768w\" sizes=\"(max-width: 1276px) 100vw, 1276px\" \/><\/a><p id=\"caption-attachment-392937\" class=\"wp-caption-text\">\u00d3pera en las calles de Medell\u00edn, una melod\u00eda para recordar la correcta disposici\u00f3n de los residuos &#8211; Foto Alcald\u00eda de Medell\u00edn<\/p><\/div>\n<p>\u201c<em>Todo este esfuerzo se desarrolla en el marco de la estrategia \u2018Medell\u00edn es como Vos\u2019, que ha puesto \u00e9nfasis en motivar a las personas a tener comportamientos cumplidores, que contribuyan con la cultura ciudadana a trav\u00e9s de resaltar las mejores historias y versiones de los habitantes de Medell\u00edn. El alcalde nos ha dado esa indicaci\u00f3n y esa invitaci\u00f3n fundamental a seguir movilizando para que esta ciudad se recupere y conecte con esa idea general de ser una Tacita de Plata<\/em>\u201d, a\u00f1adi\u00f3 el secretario Silva Jaramillo.<\/p>\n<p>Con estas acciones, Medell\u00edn avanza en su prop\u00f3sito de convertirse en un territorio m\u00e1s limpio, organizado y consciente del impacto de cada acci\u00f3n en el bienestar colectivo. Cada vez m\u00e1s personas se suman a este esfuerzo por mantener la Tacita de Plata hermosa y ordenada, demostrando que peque\u00f1as acciones generan cambios en la construcci\u00f3n de una Medell\u00edn m\u00e1s responsable y comprometida con su entorno.<\/p>\n<p>Emvarias opera en el Distrito con 122 carros compactadores y 1.181 operarios, recolecta 1.930 toneladas al d\u00eda y tiene 541 rutas de recolecci\u00f3n que cubren todos los barrios.<\/p>\n","protected":false},"excerpt":{"rendered":"<p>Es la primera acci\u00f3n que desde Medell\u00edn es como Vos se activa en 80 puntos del Distrito para promover el cuidado de la Tacita de Plata. La estrategia responde a un an\u00e1lisis detallado sobre los &#8230;<\/p>\n","protected":false},"author":21,"featured_media":392942,"comment_status":"open","ping_status":"open","sticky":false,"template":"","format":"standard","meta":[],"categories":[31,13,17],"tags":[634,444,436,622],"formato_nota":[],"programas_tax":[],"acf":[],"_links":{"self":[{"href":"https:\/\/www.medellin.gov.co\/es\/wp-json\/wp\/v2\/posts\/393019"}],"collection":[{"href":"https:\/\/www.medellin.gov.co\/es\/wp-json\/wp\/v2\/posts"}],"about":[{"href":"https:\/\/www.medellin.gov.co\/es\/wp-json\/wp\/v2\/types\/post"}],"author":[{"embeddable":true,"href":"https:\/\/www.medellin.gov.co\/es\/wp-json\/wp\/v2\/users\/21"}],"replies":[{"embeddable":true,"href":"https:\/\/www.medellin.gov.co\/es\/wp-json\/wp\/v2\/comments?post=393019"}],"version-history":[{"count":1,"href":"https:\/\/www.medellin.gov.co\/es\/wp-json\/wp\/v2\/posts\/393019\/revisions"}],"predecessor-version":[{"id":393020,"href":"https:\/\/www.medellin.gov.co\/es\/wp-json\/wp\/v2\/posts\/393019\/revisions\/393020"}],"wp:featuredmedia":[{"embeddable":true,"href":"https:\/\/www.medellin.gov.co\/es\/wp-json\/wp\/v2\/media\/392942"}],"wp:attachment":[{"href":"https:\/\/www.medellin.gov.co\/es\/wp-json\/wp\/v2\/media?parent=393019"}],"wp:term":[{"taxonomy":"category","embeddable":true,"href":"https:\/\/www.medellin.gov.co\/es\/wp-json\/wp\/v2\/categories?post=393019"},{"taxonomy":"post_tag","embeddable":true,"href":"https:\/\/www.medellin.gov.co\/es\/wp-json\/wp\/v2\/tags?post=393019"},{"taxonomy":"formato_nota","embeddable":true,"href":"https:\/\/www.medellin.gov.co\/es\/wp-json\/wp\/v2\/formato_nota?post=393019"},{"taxonomy":"programas_tax","embeddable":true,"href":"https:\/\/www.medellin.gov.co\/es\/wp-json\/wp\/v2\/programas_tax?post=393019"}],"curies":[{"name":"wp","href":"https:\/\/api.w.org\/{rel}","templated":true}]}}