{"id":393071,"date":"2025-03-14T16:58:09","date_gmt":"2025-03-14T21:58:09","guid":{"rendered":"https:\/\/www.medellin.gov.co\/es\/?p=393071"},"modified":"2025-03-14T16:58:09","modified_gmt":"2025-03-14T21:58:09","slug":"celebrando-los-50-anos-de-la-secretaria-general-de-medellin-una-reflexion-sobre-la-gerencia-juridica-publica","status":"publish","type":"post","link":"https:\/\/www.medellin.gov.co\/es\/sala-de-prensa\/noticias\/celebrando-los-50-anos-de-la-secretaria-general-de-medellin-una-reflexion-sobre-la-gerencia-juridica-publica\/","title":{"rendered":"Celebrando los 50 a\u00f1os de la Secretar\u00eda General de Medell\u00edn: Una reflexi\u00f3n sobre la Gerencia Jur\u00eddica P\u00fablica"},"content":{"rendered":"<p>La Secretar\u00eda General de Medell\u00edn ha sido pilar fundamental en la estructuraci\u00f3n y consolidaci\u00f3n de la gesti\u00f3n y el direccionamiento jur\u00eddico estrat\u00e9gico de la administraci\u00f3n p\u00fablica en la ciudad. Durante cinco d\u00e9cadas, ha desempe\u00f1ado un papel esencial en el desarrollo del Distrito de Ciencia, Tecnolog\u00eda e Innovaci\u00f3n de Medell\u00edn, aportando en la construcci\u00f3n de un modelo de gerencia jur\u00eddica p\u00fablica que fortalece la transparencia, la gobernanza y la protecci\u00f3n del patrimonio p\u00fablico.<\/p>\n<p>En conmemoraci\u00f3n de su 50 aniversario, la Secretar\u00eda General invita a servidores p\u00fablicos, expertos en derecho administrativo y acad\u00e9micos a ser parte de una <strong>publicaci\u00f3n editorial digital conmemorativa<\/strong>. Este esfuerzo busca recopilar reflexiones, experiencias y an\u00e1lisis que enriquezcan el conocimiento, y destaquen las lecciones aprendidas en el \u00e1mbito jur\u00eddico-administrativo de la ciudad.<\/p>\n<p><strong>Convocatoria abierta para contribuciones<\/strong><\/p>\n<p>El tema central de la publicaci\u00f3n es el <strong>Proceso de gesti\u00f3n y direccionamiento en el marco del modelo de gerencia jur\u00eddica p\u00fablica del Distrito de Medell\u00edn<\/strong>. Los interesados est\u00e1n invitados a postular cap\u00edtulos que aborden alguno de los siguientes temas sugeridos:<\/p>\n<ul>\n<li>Sistematizaci\u00f3n de experiencias en la Secretar\u00eda General.<\/li>\n<li>Innovaci\u00f3n y herramientas tecnol\u00f3gicas en la gerencia jur\u00eddica p\u00fablica.<\/li>\n<li>Derecho administrativo y casos emblem\u00e1ticos de ciudad.<\/li>\n<li>Modelos de gesti\u00f3n y direcci\u00f3n jur\u00eddica en el sector p\u00fablico.<\/li>\n<li>Prevenci\u00f3n del da\u00f1o antijur\u00eddico y estrategias de protecci\u00f3n del patrimonio p\u00fablico.<\/li>\n<li>An\u00e1lisis normativo de pol\u00edticas p\u00fablicas y buenas pr\u00e1cticas en asesoramiento jur\u00eddico, entre otros.<\/li>\n<\/ul>\n<p><strong>Requisitos y detalles de participaci\u00f3n<\/strong><\/p>\n<p>Los cap\u00edtulos deben tener una extensi\u00f3n de 10 a 15 p\u00e1ginas, escritos en formato Arial 12, interlineado de 1.5 y siguiendo las normas APA; con m\u00e1rgenes de 2,5 cm en todos los lados. <strong>La fecha l\u00edmite para el env\u00edo de propuestas, es el <\/strong><strong>30 de mayo de 2025<\/strong><strong>.<\/strong><\/p>\n<p>Las postulaciones ser\u00e1n revisadas por un comit\u00e9 editorial, y los cap\u00edtulos seleccionados formar\u00e1n parte de la obra conmemorativa. Este es un espacio \u00fanico para aportar al fortalecimiento del conocimiento jur\u00eddico en Medell\u00edn y para reflejar las experiencias e innovaciones que han marcado estos 50 a\u00f1os de historia.<\/p>\n<p><strong>C\u00f3mo participar<\/strong><\/p>\n<p>Los interesados deben enviar su propuesta al correo electr\u00f3nico <strong><a href=\"mailto:conocimientojuridico@medellin.gov.co\">conocimientojuridico@medellin.gov.co<\/a><\/strong>, indicando en el asunto: \u201cPostulaci\u00f3n &#8211; Cap\u00edtulo Libro 50 a\u00f1os Secretar\u00eda General\u201d.<\/p>\n<p><strong>Una invitaci\u00f3n a construir conocimiento<\/strong><\/p>\n<p>Este proyecto conmemorativo es liderado por la Secretar\u00eda General de Medell\u00edn y el Centro de Gesti\u00f3n del Conocimiento Jur\u00eddico, reafirmando el compromiso con la promoci\u00f3n de la excelencia y la mejora continua en la gerencia jur\u00eddica p\u00fablica.<\/p>\n<p>\u00a1Esperamos contar con su valiosa contribuci\u00f3n para seguir construyendo un distrito modelo en innovaci\u00f3n y transparencia!<\/p>\n","protected":false},"excerpt":{"rendered":"<p>La Secretar\u00eda General de Medell\u00edn ha sido pilar fundamental en la estructuraci\u00f3n y consolidaci\u00f3n de la gesti\u00f3n y el direccionamiento jur\u00eddico estrat\u00e9gico de la administraci\u00f3n p\u00fablica en la ciudad. Durante cinco d\u00e9cadas, ha desempe\u00f1ado un &#8230;<\/p>\n","protected":false},"author":17,"featured_media":393072,"comment_status":"open","ping_status":"open","sticky":false,"template":"","format":"standard","meta":[],"categories":[6],"tags":[455],"formato_nota":[],"programas_tax":[],"acf":[],"_links":{"self":[{"href":"https:\/\/www.medellin.gov.co\/es\/wp-json\/wp\/v2\/posts\/393071"}],"collection":[{"href":"https:\/\/www.medellin.gov.co\/es\/wp-json\/wp\/v2\/posts"}],"about":[{"href":"https:\/\/www.medellin.gov.co\/es\/wp-json\/wp\/v2\/types\/post"}],"author":[{"embeddable":true,"href":"https:\/\/www.medellin.gov.co\/es\/wp-json\/wp\/v2\/users\/17"}],"replies":[{"embeddable":true,"href":"https:\/\/www.medellin.gov.co\/es\/wp-json\/wp\/v2\/comments?post=393071"}],"version-history":[{"count":1,"href":"https:\/\/www.medellin.gov.co\/es\/wp-json\/wp\/v2\/posts\/393071\/revisions"}],"predecessor-version":[{"id":393074,"href":"https:\/\/www.medellin.gov.co\/es\/wp-json\/wp\/v2\/posts\/393071\/revisions\/393074"}],"wp:featuredmedia":[{"embeddable":true,"href":"https:\/\/www.medellin.gov.co\/es\/wp-json\/wp\/v2\/media\/393072"}],"wp:attachment":[{"href":"https:\/\/www.medellin.gov.co\/es\/wp-json\/wp\/v2\/media?parent=393071"}],"wp:term":[{"taxonomy":"category","embeddable":true,"href":"https:\/\/www.medellin.gov.co\/es\/wp-json\/wp\/v2\/categories?post=393071"},{"taxonomy":"post_tag","embeddable":true,"href":"https:\/\/www.medellin.gov.co\/es\/wp-json\/wp\/v2\/tags?post=393071"},{"taxonomy":"formato_nota","embeddable":true,"href":"https:\/\/www.medellin.gov.co\/es\/wp-json\/wp\/v2\/formato_nota?post=393071"},{"taxonomy":"programas_tax","embeddable":true,"href":"https:\/\/www.medellin.gov.co\/es\/wp-json\/wp\/v2\/programas_tax?post=393071"}],"curies":[{"name":"wp","href":"https:\/\/api.w.org\/{rel}","templated":true}]}}