{"id":393075,"date":"2025-03-15T12:21:14","date_gmt":"2025-03-15T17:21:14","guid":{"rendered":"https:\/\/www.medellin.gov.co\/es\/?p=393075"},"modified":"2025-03-15T12:21:14","modified_gmt":"2025-03-15T17:21:14","slug":"la-administracion-distrital-ha-invertido-unos-47-000-millones-en-mejoramiento-de-vivienda","status":"publish","type":"post","link":"https:\/\/www.medellin.gov.co\/es\/sala-de-prensa\/noticias\/la-administracion-distrital-ha-invertido-unos-47-000-millones-en-mejoramiento-de-vivienda\/","title":{"rendered":"La Administraci\u00f3n Distrital ha invertido unos $47.000 millones en mejoramiento de vivienda"},"content":{"rendered":"<ul>\n<li>A la fecha, los beneficiarios son 3.142 familias de 10 comunas y los cinco corregimientos de Medell\u00edn.<\/li>\n<li>La inversi\u00f3n en cada vivienda es hasta de 15 salarios m\u00ednimos legales mensuales.<\/li>\n<\/ul>\n<!--[if lt IE 9]><script>document.createElement('audio');<\/script><![endif]-->\n\t<div class=\"wp-playlist wp-audio-playlist wp-playlist-light\">\n\t\t\t<div class=\"wp-playlist-current-item\"><\/div>\n\t\t<audio controls=\"controls\" preload=\"none\" width=\"640\"\n\t\t\t><\/audio>\n\t<div class=\"wp-playlist-next\"><\/div>\n\t<div class=\"wp-playlist-prev\"><\/div>\n\t<noscript>\n\t<ol>\n\t\t<li><a href='https:\/\/www.medellin.gov.co\/es\/wp-content\/uploads\/2025\/03\/Declaraciones_directora-del-Isvimed-Valentina-Aguilar-Ramirez..mp3'>Declaraciones_directora del Isvimed, Valentina Aguilar\u00a0Ram\u00edrez.<\/a><\/li>\t<\/ol>\n\t<\/noscript>\n\t<script type=\"application\/json\" class=\"wp-playlist-script\">{\"type\":\"audio\",\"tracklist\":true,\"tracknumbers\":true,\"images\":true,\"artists\":true,\"tracks\":[{\"src\":\"https:\\\/\\\/www.medellin.gov.co\\\/es\\\/wp-content\\\/uploads\\\/2025\\\/03\\\/Declaraciones_directora-del-Isvimed-Valentina-Aguilar-Ramirez..mp3\",\"type\":\"audio\\\/mpeg\",\"title\":\"Declaraciones_directora del Isvimed, Valentina Aguilar\\u00a0Ram\\u00edrez.\",\"caption\":\"Declaraciones de  directora del Isvimed, Valentina Aguilar\\u00a0Ram\\u00edrez.\",\"description\":\"\\u00abDeclaraciones_directora del Isvimed, Valentina Aguilar\\u00a0Ram\\u00edrez.\\u00bb.\",\"meta\":{\"length_formatted\":\"0:50\"},\"image\":{\"src\":\"https:\\\/\\\/www.medellin.gov.co\\\/es\\\/wp-includes\\\/images\\\/media\\\/audio.png\",\"width\":48,\"height\":64},\"thumb\":{\"src\":\"https:\\\/\\\/www.medellin.gov.co\\\/es\\\/wp-includes\\\/images\\\/media\\\/audio.png\",\"width\":48,\"height\":64}}]}<\/script>\n<\/div>\n\t\n<p>La Alcald\u00eda de Medell\u00edn contin\u00faa trabajando por garantizar condiciones habitacionales adecuadas para los ciudadanos, tanto en \u00e1reas urbanas como rurales, a trav\u00e9s del subsidio de Mejoramiento de Vivienda. Esta herramienta se enfoca, especialmente, en quienes presentan situaci\u00f3n de vulnerabilidad social y econ\u00f3mica. A la fecha, la estrategia ha llegado a 10 comunas y los cinco corregimientos y ha favorecido a 3.142 familias.<\/p>\n<p><img loading=\"lazy\" class=\"alignnone size-large wp-image-393095\" src=\"https:\/\/www.medellin.gov.co\/es\/wp-content\/uploads\/2025\/03\/Imagen-cocina-y-propietarios-1024x768.jpg\" alt=\"Imagen cocina y propietarios mejoramiento de vivienda\" width=\"1024\" height=\"768\" srcset=\"https:\/\/www.medellin.gov.co\/es\/wp-content\/uploads\/2025\/03\/Imagen-cocina-y-propietarios-1024x768.jpg 1024w, https:\/\/www.medellin.gov.co\/es\/wp-content\/uploads\/2025\/03\/Imagen-cocina-y-propietarios-300x225.jpg 300w, https:\/\/www.medellin.gov.co\/es\/wp-content\/uploads\/2025\/03\/Imagen-cocina-y-propietarios-150x113.jpg 150w, https:\/\/www.medellin.gov.co\/es\/wp-content\/uploads\/2025\/03\/Imagen-cocina-y-propietarios-768x576.jpg 768w, https:\/\/www.medellin.gov.co\/es\/wp-content\/uploads\/2025\/03\/Imagen-cocina-y-propietarios-1536x1152.jpg 1536w, https:\/\/www.medellin.gov.co\/es\/wp-content\/uploads\/2025\/03\/Imagen-cocina-y-propietarios.jpg 1600w\" sizes=\"(max-width: 1024px) 100vw, 1024px\" \/><\/p>\n<p>El compromiso es superar el d\u00e9ficit cualitativo de vivienda, mediante la soluci\u00f3n de una o varias necesidades b\u00e1sicas, lo que incluye reformas de tipo saludable y estructural.<\/p>\n<p>\u201cEsta es una de las apuestas que hace el <a href=\"https:\/\/www.medellin.gov.co\/\" target=\"_blank\" rel=\"noopener\">Distrito<\/a>, no solo para entregar viviendas dignas, sino para impactar la calidad de vida. A la fecha tenemos una inversi\u00f3n de $47.000 millones, de los cuales $23.000 millones han sido gracias a aliados estrat\u00e9gicos, tanto del sector p\u00fablico como privado. Adem\u00e1s, mediante recursos de Presupuesto Participativo, se priorizaron $2.700 millones en mejoramiento de vivienda, lo que ha beneficiado a 224 hogares\u201d, expres\u00f3 la directora del <a href=\"https:\/\/isvimed.gov.co\/\" target=\"_blank\" rel=\"noopener\">Isvimed<\/a>, Valentina Aguilar Ram\u00edrez.<\/p>\n\n\t\t<style type=\"text\/css\">\n\t\t\t#gallery-1 {\n\t\t\t\tmargin: auto;\n\t\t\t}\n\t\t\t#gallery-1 .gallery-item {\n\t\t\t\tfloat: left;\n\t\t\t\tmargin-top: 10px;\n\t\t\t\ttext-align: center;\n\t\t\t\twidth: 50%;\n\t\t\t}\n\t\t\t#gallery-1 img {\n\t\t\t\tborder: 2px solid #cfcfcf;\n\t\t\t}\n\t\t\t#gallery-1 .gallery-caption {\n\t\t\t\tmargin-left: 0;\n\t\t\t}\n\t\t\t\/* see gallery_shortcode() in wp-includes\/media.php *\/\n\t\t<\/style>\n\t\t<div id='gallery-1' class='gallery galleryid-393075 gallery-columns-2 gallery-size-full'><dl class='gallery-item'>\n\t\t\t<dt class='gallery-icon landscape'>\n\t\t\t\t<a href='https:\/\/www.medellin.gov.co\/es\/sala-de-prensa\/noticias\/la-administracion-distrital-ha-invertido-unos-47-000-millones-en-mejoramiento-de-vivienda\/imagen-cocina-vieja-3\/'><img width=\"1280\" height=\"960\" src=\"https:\/\/www.medellin.gov.co\/es\/wp-content\/uploads\/2025\/03\/Imagen-cocina-vieja-3.jpg\" class=\"attachment-full size-full\" alt=\"Imagen cocina vieja 3 mejoramiento de vivienda\" loading=\"lazy\" srcset=\"https:\/\/www.medellin.gov.co\/es\/wp-content\/uploads\/2025\/03\/Imagen-cocina-vieja-3.jpg 1280w, https:\/\/www.medellin.gov.co\/es\/wp-content\/uploads\/2025\/03\/Imagen-cocina-vieja-3-300x225.jpg 300w, https:\/\/www.medellin.gov.co\/es\/wp-content\/uploads\/2025\/03\/Imagen-cocina-vieja-3-1024x768.jpg 1024w, https:\/\/www.medellin.gov.co\/es\/wp-content\/uploads\/2025\/03\/Imagen-cocina-vieja-3-150x113.jpg 150w, https:\/\/www.medellin.gov.co\/es\/wp-content\/uploads\/2025\/03\/Imagen-cocina-vieja-3-768x576.jpg 768w\" sizes=\"(max-width: 1280px) 100vw, 1280px\" \/><\/a>\n\t\t\t<\/dt><\/dl><dl class='gallery-item'>\n\t\t\t<dt class='gallery-icon landscape'>\n\t\t\t\t<a href='https:\/\/www.medellin.gov.co\/es\/sala-de-prensa\/noticias\/la-administracion-distrital-ha-invertido-unos-47-000-millones-en-mejoramiento-de-vivienda\/imagen-cocina-nueva\/'><img width=\"1600\" height=\"1200\" src=\"https:\/\/www.medellin.gov.co\/es\/wp-content\/uploads\/2025\/03\/Imagen-cocina-nueva.jpg\" class=\"attachment-full size-full\" alt=\"Imagen cocina nueva mejoramiento de vivienda\" loading=\"lazy\" srcset=\"https:\/\/www.medellin.gov.co\/es\/wp-content\/uploads\/2025\/03\/Imagen-cocina-nueva.jpg 1600w, https:\/\/www.medellin.gov.co\/es\/wp-content\/uploads\/2025\/03\/Imagen-cocina-nueva-300x225.jpg 300w, https:\/\/www.medellin.gov.co\/es\/wp-content\/uploads\/2025\/03\/Imagen-cocina-nueva-1024x768.jpg 1024w, https:\/\/www.medellin.gov.co\/es\/wp-content\/uploads\/2025\/03\/Imagen-cocina-nueva-150x113.jpg 150w, https:\/\/www.medellin.gov.co\/es\/wp-content\/uploads\/2025\/03\/Imagen-cocina-nueva-768x576.jpg 768w, https:\/\/www.medellin.gov.co\/es\/wp-content\/uploads\/2025\/03\/Imagen-cocina-nueva-1536x1152.jpg 1536w\" sizes=\"(max-width: 1600px) 100vw, 1600px\" \/><\/a>\n\t\t\t<\/dt><\/dl><br style=\"clear: both\" \/>\n\t\t<\/div>\n\n<p>Con el programa se adelantan labores locativas, enfocadas en redes el\u00e9ctricas y sanitarias, revoque, enchapes, estuco y pintura, cocina, lavaderos, ba\u00f1os y carpinter\u00eda en general, para que cada casa est\u00e9 en condiciones de habitabilidad e higiene.<\/p>\n\n\t\t<style type=\"text\/css\">\n\t\t\t#gallery-2 {\n\t\t\t\tmargin: auto;\n\t\t\t}\n\t\t\t#gallery-2 .gallery-item {\n\t\t\t\tfloat: left;\n\t\t\t\tmargin-top: 10px;\n\t\t\t\ttext-align: center;\n\t\t\t\twidth: 50%;\n\t\t\t}\n\t\t\t#gallery-2 img {\n\t\t\t\tborder: 2px solid #cfcfcf;\n\t\t\t}\n\t\t\t#gallery-2 .gallery-caption {\n\t\t\t\tmargin-left: 0;\n\t\t\t}\n\t\t\t\/* see gallery_shortcode() in wp-includes\/media.php *\/\n\t\t<\/style>\n\t\t<div id='gallery-2' class='gallery galleryid-393075 gallery-columns-2 gallery-size-full'><dl class='gallery-item'>\n\t\t\t<dt class='gallery-icon portrait'>\n\t\t\t\t<a href='https:\/\/www.medellin.gov.co\/es\/sala-de-prensa\/noticias\/la-administracion-distrital-ha-invertido-unos-47-000-millones-en-mejoramiento-de-vivienda\/imagen-cocina-vieja\/'><img width=\"960\" height=\"1280\" src=\"https:\/\/www.medellin.gov.co\/es\/wp-content\/uploads\/2025\/03\/Imagen-cocina-vieja.jpg\" class=\"attachment-full size-full\" alt=\"Imagen cocina vieja\" loading=\"lazy\" srcset=\"https:\/\/www.medellin.gov.co\/es\/wp-content\/uploads\/2025\/03\/Imagen-cocina-vieja.jpg 960w, https:\/\/www.medellin.gov.co\/es\/wp-content\/uploads\/2025\/03\/Imagen-cocina-vieja-225x300.jpg 225w, https:\/\/www.medellin.gov.co\/es\/wp-content\/uploads\/2025\/03\/Imagen-cocina-vieja-768x1024.jpg 768w, https:\/\/www.medellin.gov.co\/es\/wp-content\/uploads\/2025\/03\/Imagen-cocina-vieja-113x150.jpg 113w\" sizes=\"(max-width: 960px) 100vw, 960px\" \/><\/a>\n\t\t\t<\/dt><\/dl><dl class='gallery-item'>\n\t\t\t<dt class='gallery-icon portrait'>\n\t\t\t\t<a href='https:\/\/www.medellin.gov.co\/es\/sala-de-prensa\/noticias\/la-administracion-distrital-ha-invertido-unos-47-000-millones-en-mejoramiento-de-vivienda\/imagen-cocina-nueva-3\/'><img width=\"1200\" height=\"1600\" src=\"https:\/\/www.medellin.gov.co\/es\/wp-content\/uploads\/2025\/03\/Imagen-cocina-nueva-3.jpg\" class=\"attachment-full size-full\" alt=\"Imagen cocina nueva 3\" loading=\"lazy\" srcset=\"https:\/\/www.medellin.gov.co\/es\/wp-content\/uploads\/2025\/03\/Imagen-cocina-nueva-3.jpg 1200w, https:\/\/www.medellin.gov.co\/es\/wp-content\/uploads\/2025\/03\/Imagen-cocina-nueva-3-225x300.jpg 225w, https:\/\/www.medellin.gov.co\/es\/wp-content\/uploads\/2025\/03\/Imagen-cocina-nueva-3-768x1024.jpg 768w, https:\/\/www.medellin.gov.co\/es\/wp-content\/uploads\/2025\/03\/Imagen-cocina-nueva-3-113x150.jpg 113w, https:\/\/www.medellin.gov.co\/es\/wp-content\/uploads\/2025\/03\/Imagen-cocina-nueva-3-1152x1536.jpg 1152w\" sizes=\"(max-width: 1200px) 100vw, 1200px\" \/><\/a>\n\t\t\t<\/dt><\/dl><br style=\"clear: both\" \/>\n\t\t<\/div>\n\n<p>La Administraci\u00f3n Distrital recorre las comunas y corregimientos en busca de los hogares con m\u00e1s necesidades, con una inversi\u00f3n hasta de 15 salarios m\u00ednimos legales mensuales vigentes por cada vivienda.<\/p>\n<p><img loading=\"lazy\" class=\"alignnone wp-image-393080 size-large\" src=\"https:\/\/www.medellin.gov.co\/es\/wp-content\/uploads\/2025\/03\/Imagen-cocina-nueva-2-1024x682.jpg\" alt=\"Imagen cocina nueva 2 \" width=\"1024\" height=\"682\" srcset=\"https:\/\/www.medellin.gov.co\/es\/wp-content\/uploads\/2025\/03\/Imagen-cocina-nueva-2-1024x682.jpg 1024w, https:\/\/www.medellin.gov.co\/es\/wp-content\/uploads\/2025\/03\/Imagen-cocina-nueva-2-300x200.jpg 300w, https:\/\/www.medellin.gov.co\/es\/wp-content\/uploads\/2025\/03\/Imagen-cocina-nueva-2-150x100.jpg 150w, https:\/\/www.medellin.gov.co\/es\/wp-content\/uploads\/2025\/03\/Imagen-cocina-nueva-2-768x512.jpg 768w, https:\/\/www.medellin.gov.co\/es\/wp-content\/uploads\/2025\/03\/Imagen-cocina-nueva-2-1536x1023.jpg 1536w, https:\/\/www.medellin.gov.co\/es\/wp-content\/uploads\/2025\/03\/Imagen-cocina-nueva-2.jpg 1600w\" sizes=\"(max-width: 1024px) 100vw, 1024px\" \/><\/p>\n<p>Los siguientes son los territorios con mayores \u00edndices de inmuebles con d\u00e9ficit cualitativo: San Javier con el 21 %, Popular con el 19 %, Robledo con el 18 %, Guayabal con el 18 % y Santa Elena con el 16 %.<\/p>\n","protected":false},"excerpt":{"rendered":"<p>A la fecha, los beneficiarios son 3.142 familias de 10 comunas y los cinco corregimientos de Medell\u00edn. La inversi\u00f3n en cada vivienda es hasta de 15 salarios m\u00ednimos legales mensuales. La Alcald\u00eda de Medell\u00edn contin\u00faa &#8230;<\/p>\n","protected":false},"author":97,"featured_media":393079,"comment_status":"open","ping_status":"open","sticky":false,"template":"","format":"standard","meta":[],"categories":[29,7,9],"tags":[451,455,442],"formato_nota":[],"programas_tax":[],"acf":[],"_links":{"self":[{"href":"https:\/\/www.medellin.gov.co\/es\/wp-json\/wp\/v2\/posts\/393075"}],"collection":[{"href":"https:\/\/www.medellin.gov.co\/es\/wp-json\/wp\/v2\/posts"}],"about":[{"href":"https:\/\/www.medellin.gov.co\/es\/wp-json\/wp\/v2\/types\/post"}],"author":[{"embeddable":true,"href":"https:\/\/www.medellin.gov.co\/es\/wp-json\/wp\/v2\/users\/97"}],"replies":[{"embeddable":true,"href":"https:\/\/www.medellin.gov.co\/es\/wp-json\/wp\/v2\/comments?post=393075"}],"version-history":[{"count":1,"href":"https:\/\/www.medellin.gov.co\/es\/wp-json\/wp\/v2\/posts\/393075\/revisions"}],"predecessor-version":[{"id":393096,"href":"https:\/\/www.medellin.gov.co\/es\/wp-json\/wp\/v2\/posts\/393075\/revisions\/393096"}],"wp:featuredmedia":[{"embeddable":true,"href":"https:\/\/www.medellin.gov.co\/es\/wp-json\/wp\/v2\/media\/393079"}],"wp:attachment":[{"href":"https:\/\/www.medellin.gov.co\/es\/wp-json\/wp\/v2\/media?parent=393075"}],"wp:term":[{"taxonomy":"category","embeddable":true,"href":"https:\/\/www.medellin.gov.co\/es\/wp-json\/wp\/v2\/categories?post=393075"},{"taxonomy":"post_tag","embeddable":true,"href":"https:\/\/www.medellin.gov.co\/es\/wp-json\/wp\/v2\/tags?post=393075"},{"taxonomy":"formato_nota","embeddable":true,"href":"https:\/\/www.medellin.gov.co\/es\/wp-json\/wp\/v2\/formato_nota?post=393075"},{"taxonomy":"programas_tax","embeddable":true,"href":"https:\/\/www.medellin.gov.co\/es\/wp-json\/wp\/v2\/programas_tax?post=393075"}],"curies":[{"name":"wp","href":"https:\/\/api.w.org\/{rel}","templated":true}]}}