{"id":393098,"date":"2025-03-15T12:57:21","date_gmt":"2025-03-15T17:57:21","guid":{"rendered":"https:\/\/www.medellin.gov.co\/es\/?p=393098"},"modified":"2025-03-15T12:57:21","modified_gmt":"2025-03-15T17:57:21","slug":"la-alcaldia-de-medellin-amplia-la-oferta-de-recreacion-en-la-ciudad-con-una-granja-interactiva-en-el-parque-norte","status":"publish","type":"post","link":"https:\/\/www.medellin.gov.co\/es\/sala-de-prensa\/noticias\/la-alcaldia-de-medellin-amplia-la-oferta-de-recreacion-en-la-ciudad-con-una-granja-interactiva-en-el-parque-norte\/","title":{"rendered":"La Alcald\u00eda de Medell\u00edn ampl\u00eda la oferta de recreaci\u00f3n en la ciudad con una granja interactiva en el Parque Norte"},"content":{"rendered":"<ul>\n<li>Los visitantes podr\u00e1n alimentar a los animales bajo la supervisi\u00f3n de expertos.<\/li>\n<\/ul>\n<!--[if lt IE 9]><script>document.createElement('audio');<\/script><![endif]-->\n\t<div class=\"wp-playlist wp-audio-playlist wp-playlist-light\">\n\t\t\t<div class=\"wp-playlist-current-item\"><\/div>\n\t\t<audio controls=\"controls\" preload=\"none\" width=\"640\"\n\t\t\t><\/audio>\n\t<div class=\"wp-playlist-next\"><\/div>\n\t<div class=\"wp-playlist-prev\"><\/div>\n\t<noscript>\n\t<ol>\n\t\t<li><a href='https:\/\/www.medellin.gov.co\/es\/wp-content\/uploads\/2025\/03\/Declaraciones-gerente-de-Metroparques-Milton-Vasco..mp3'>Declaraciones gerente de Metroparques, Milton\u00a0Vasco.<\/a><\/li>\t<\/ol>\n\t<\/noscript>\n\t<script type=\"application\/json\" class=\"wp-playlist-script\">{\"type\":\"audio\",\"tracklist\":true,\"tracknumbers\":true,\"images\":true,\"artists\":true,\"tracks\":[{\"src\":\"https:\\\/\\\/www.medellin.gov.co\\\/es\\\/wp-content\\\/uploads\\\/2025\\\/03\\\/Declaraciones-gerente-de-Metroparques-Milton-Vasco..mp3\",\"type\":\"audio\\\/mpeg\",\"title\":\"Declaraciones gerente de Metroparques, Milton\\u00a0Vasco.\",\"caption\":\"Declaraciones: gerente de Metroparques, Milton\\u00a0Vasco.\",\"description\":\"\\u00abDeclaraciones gerente de Metroparques, Milton\\u00a0Vasco.\\u00bb.\",\"meta\":{\"length_formatted\":\"0:39\"},\"image\":{\"src\":\"https:\\\/\\\/www.medellin.gov.co\\\/es\\\/wp-includes\\\/images\\\/media\\\/audio.png\",\"width\":48,\"height\":64},\"thumb\":{\"src\":\"https:\\\/\\\/www.medellin.gov.co\\\/es\\\/wp-includes\\\/images\\\/media\\\/audio.png\",\"width\":48,\"height\":64}}]}<\/script>\n<\/div>\n\t\n<p>El <a href=\"https:\/\/www.medellin.gov.co\/\" target=\"_blank\" rel=\"noopener\">Distrito<\/a> invita a la comunidad a disfrutar una experiencia de conexi\u00f3n con la naturaleza en la granja itinerante que tendr\u00e1 el <a href=\"https:\/\/parquenorte.gov.co\/\" target=\"_blank\" rel=\"noopener\">Parque Norte<\/a>, un espacio temporal donde el p\u00fablico podr\u00e1 compartir con m\u00e1s de 15 animales de diferentes especies, como Amapola la vaca, Norte\u00f1a la yegua y Lalo la cabra, adem\u00e1s de\u00a0 cerditos, ovejas, llamas y ponis. Esta atracci\u00f3n es una nueva opci\u00f3n para toda la familia, con la que ni\u00f1os y adultos aprender\u00e1n sobre el cuidado y la conservaci\u00f3n de los animales, mientras se divierten en un entorno seguro.<\/p>\n<p><img loading=\"lazy\" class=\"alignnone wp-image-393111 size-large\" src=\"https:\/\/www.medellin.gov.co\/es\/wp-content\/uploads\/2025\/03\/Imagen-granja-Parque-Norte-1024x682.jpg\" alt=\"Imagen granja Parque Norte\" width=\"1024\" height=\"682\" srcset=\"https:\/\/www.medellin.gov.co\/es\/wp-content\/uploads\/2025\/03\/Imagen-granja-Parque-Norte-1024x682.jpg 1024w, https:\/\/www.medellin.gov.co\/es\/wp-content\/uploads\/2025\/03\/Imagen-granja-Parque-Norte-300x200.jpg 300w, https:\/\/www.medellin.gov.co\/es\/wp-content\/uploads\/2025\/03\/Imagen-granja-Parque-Norte-150x100.jpg 150w, https:\/\/www.medellin.gov.co\/es\/wp-content\/uploads\/2025\/03\/Imagen-granja-Parque-Norte-768x512.jpg 768w, https:\/\/www.medellin.gov.co\/es\/wp-content\/uploads\/2025\/03\/Imagen-granja-Parque-Norte-1536x1023.jpg 1536w, https:\/\/www.medellin.gov.co\/es\/wp-content\/uploads\/2025\/03\/Imagen-granja-Parque-Norte.jpg 1600w\" sizes=\"(max-width: 1024px) 100vw, 1024px\" \/><\/p>\n<p>\u201cCon esta alianza demostramos que en esta Alcald\u00eda podemos trabajar de la mano con el sector privado. Gracias a esta uni\u00f3n con La Granja la Paturra hoy queremos entregarle al Distrito, a las ni\u00f1as y ni\u00f1os la posibilidad de tener una interacci\u00f3n con los animales\u201d, manifest\u00f3 el Gerente de Metroparques, Milton<br \/>\nVasco.<\/p>\n\n\t\t<style type=\"text\/css\">\n\t\t\t#gallery-1 {\n\t\t\t\tmargin: auto;\n\t\t\t}\n\t\t\t#gallery-1 .gallery-item {\n\t\t\t\tfloat: left;\n\t\t\t\tmargin-top: 10px;\n\t\t\t\ttext-align: center;\n\t\t\t\twidth: 50%;\n\t\t\t}\n\t\t\t#gallery-1 img {\n\t\t\t\tborder: 2px solid #cfcfcf;\n\t\t\t}\n\t\t\t#gallery-1 .gallery-caption {\n\t\t\t\tmargin-left: 0;\n\t\t\t}\n\t\t\t\/* see gallery_shortcode() in wp-includes\/media.php *\/\n\t\t<\/style>\n\t\t<div id='gallery-1' class='gallery galleryid-393098 gallery-columns-2 gallery-size-full'><dl class='gallery-item'>\n\t\t\t<dt class='gallery-icon landscape'>\n\t\t\t\t<a href='https:\/\/www.medellin.gov.co\/es\/sala-de-prensa\/noticias\/la-alcaldia-de-medellin-amplia-la-oferta-de-recreacion-en-la-ciudad-con-una-granja-interactiva-en-el-parque-norte\/imagen-de-caballo\/'><img width=\"1600\" height=\"1066\" src=\"https:\/\/www.medellin.gov.co\/es\/wp-content\/uploads\/2025\/03\/Imagen-de-Caballo.jpg\" class=\"attachment-full size-full\" alt=\"Imagen de Caballo Parque norte\" loading=\"lazy\" srcset=\"https:\/\/www.medellin.gov.co\/es\/wp-content\/uploads\/2025\/03\/Imagen-de-Caballo.jpg 1600w, https:\/\/www.medellin.gov.co\/es\/wp-content\/uploads\/2025\/03\/Imagen-de-Caballo-300x200.jpg 300w, https:\/\/www.medellin.gov.co\/es\/wp-content\/uploads\/2025\/03\/Imagen-de-Caballo-1024x682.jpg 1024w, https:\/\/www.medellin.gov.co\/es\/wp-content\/uploads\/2025\/03\/Imagen-de-Caballo-150x100.jpg 150w, https:\/\/www.medellin.gov.co\/es\/wp-content\/uploads\/2025\/03\/Imagen-de-Caballo-768x512.jpg 768w, https:\/\/www.medellin.gov.co\/es\/wp-content\/uploads\/2025\/03\/Imagen-de-Caballo-1536x1023.jpg 1536w\" sizes=\"(max-width: 1600px) 100vw, 1600px\" \/><\/a>\n\t\t\t<\/dt><\/dl><dl class='gallery-item'>\n\t\t\t<dt class='gallery-icon landscape'>\n\t\t\t\t<a href='https:\/\/www.medellin.gov.co\/es\/sala-de-prensa\/noticias\/la-alcaldia-de-medellin-amplia-la-oferta-de-recreacion-en-la-ciudad-con-una-granja-interactiva-en-el-parque-norte\/imagen-vaca-parque-norte\/'><img width=\"1600\" height=\"1066\" src=\"https:\/\/www.medellin.gov.co\/es\/wp-content\/uploads\/2025\/03\/Imagen-vaca-Parque-Norte.jpg\" class=\"attachment-full size-full\" alt=\"Imagen vaca Parque Norte\" loading=\"lazy\" srcset=\"https:\/\/www.medellin.gov.co\/es\/wp-content\/uploads\/2025\/03\/Imagen-vaca-Parque-Norte.jpg 1600w, https:\/\/www.medellin.gov.co\/es\/wp-content\/uploads\/2025\/03\/Imagen-vaca-Parque-Norte-300x200.jpg 300w, https:\/\/www.medellin.gov.co\/es\/wp-content\/uploads\/2025\/03\/Imagen-vaca-Parque-Norte-1024x682.jpg 1024w, https:\/\/www.medellin.gov.co\/es\/wp-content\/uploads\/2025\/03\/Imagen-vaca-Parque-Norte-150x100.jpg 150w, https:\/\/www.medellin.gov.co\/es\/wp-content\/uploads\/2025\/03\/Imagen-vaca-Parque-Norte-768x512.jpg 768w, https:\/\/www.medellin.gov.co\/es\/wp-content\/uploads\/2025\/03\/Imagen-vaca-Parque-Norte-1536x1023.jpg 1536w\" sizes=\"(max-width: 1600px) 100vw, 1600px\" \/><\/a>\n\t\t\t<\/dt><\/dl><br style=\"clear: both\" \/>\n\t\t<\/div>\n\n<p>Esta novedad estar\u00e1 abierta de martes a domingo, a partir del 15 de marzo. El ingreso tendr\u00e1 un costo de $7.000 y aquellos que deseen interactuar m\u00e1s de<br \/>\ncerca con los animales podr\u00e1n alimentarlos, adquiriendo una canasta que incluye tetero, heno y zanahoria por otros $7.000. M\u00e1s all\u00e1 de la diversi\u00f3n, la granja se presenta como un espacio donde el aprendizaje se vuelve tangible y emocionante.<\/p>\n\n\t\t<style type=\"text\/css\">\n\t\t\t#gallery-2 {\n\t\t\t\tmargin: auto;\n\t\t\t}\n\t\t\t#gallery-2 .gallery-item {\n\t\t\t\tfloat: left;\n\t\t\t\tmargin-top: 10px;\n\t\t\t\ttext-align: center;\n\t\t\t\twidth: 50%;\n\t\t\t}\n\t\t\t#gallery-2 img {\n\t\t\t\tborder: 2px solid #cfcfcf;\n\t\t\t}\n\t\t\t#gallery-2 .gallery-caption {\n\t\t\t\tmargin-left: 0;\n\t\t\t}\n\t\t\t\/* see gallery_shortcode() in wp-includes\/media.php *\/\n\t\t<\/style>\n\t\t<div id='gallery-2' class='gallery galleryid-393098 gallery-columns-2 gallery-size-full'><dl class='gallery-item'>\n\t\t\t<dt class='gallery-icon landscape'>\n\t\t\t\t<a href='https:\/\/www.medellin.gov.co\/es\/sala-de-prensa\/noticias\/la-alcaldia-de-medellin-amplia-la-oferta-de-recreacion-en-la-ciudad-con-una-granja-interactiva-en-el-parque-norte\/imagen-alimentando-ovejas\/'><img width=\"1600\" height=\"1066\" src=\"https:\/\/www.medellin.gov.co\/es\/wp-content\/uploads\/2025\/03\/Imagen-alimentando-ovejas.jpg\" class=\"attachment-full size-full\" alt=\"Imagen alimentando cabras Parque norte\" loading=\"lazy\" srcset=\"https:\/\/www.medellin.gov.co\/es\/wp-content\/uploads\/2025\/03\/Imagen-alimentando-ovejas.jpg 1600w, https:\/\/www.medellin.gov.co\/es\/wp-content\/uploads\/2025\/03\/Imagen-alimentando-ovejas-300x200.jpg 300w, https:\/\/www.medellin.gov.co\/es\/wp-content\/uploads\/2025\/03\/Imagen-alimentando-ovejas-1024x682.jpg 1024w, https:\/\/www.medellin.gov.co\/es\/wp-content\/uploads\/2025\/03\/Imagen-alimentando-ovejas-150x100.jpg 150w, https:\/\/www.medellin.gov.co\/es\/wp-content\/uploads\/2025\/03\/Imagen-alimentando-ovejas-768x512.jpg 768w, https:\/\/www.medellin.gov.co\/es\/wp-content\/uploads\/2025\/03\/Imagen-alimentando-ovejas-1536x1023.jpg 1536w\" sizes=\"(max-width: 1600px) 100vw, 1600px\" \/><\/a>\n\t\t\t<\/dt><\/dl><dl class='gallery-item'>\n\t\t\t<dt class='gallery-icon landscape'>\n\t\t\t\t<a href='https:\/\/www.medellin.gov.co\/es\/sala-de-prensa\/noticias\/la-alcaldia-de-medellin-amplia-la-oferta-de-recreacion-en-la-ciudad-con-una-granja-interactiva-en-el-parque-norte\/imagen-nina-alimentando-burro\/'><img width=\"1600\" height=\"1066\" src=\"https:\/\/www.medellin.gov.co\/es\/wp-content\/uploads\/2025\/03\/Imagen-nina-alimentando-burro.jpg\" class=\"attachment-full size-full\" alt=\"\" loading=\"lazy\" srcset=\"https:\/\/www.medellin.gov.co\/es\/wp-content\/uploads\/2025\/03\/Imagen-nina-alimentando-burro.jpg 1600w, https:\/\/www.medellin.gov.co\/es\/wp-content\/uploads\/2025\/03\/Imagen-nina-alimentando-burro-300x200.jpg 300w, https:\/\/www.medellin.gov.co\/es\/wp-content\/uploads\/2025\/03\/Imagen-nina-alimentando-burro-1024x682.jpg 1024w, https:\/\/www.medellin.gov.co\/es\/wp-content\/uploads\/2025\/03\/Imagen-nina-alimentando-burro-150x100.jpg 150w, https:\/\/www.medellin.gov.co\/es\/wp-content\/uploads\/2025\/03\/Imagen-nina-alimentando-burro-768x512.jpg 768w, https:\/\/www.medellin.gov.co\/es\/wp-content\/uploads\/2025\/03\/Imagen-nina-alimentando-burro-1536x1023.jpg 1536w\" sizes=\"(max-width: 1600px) 100vw, 1600px\" \/><\/a>\n\t\t\t<\/dt><\/dl><br style=\"clear: both\" \/>\n\t\t<\/div>\n\n<p>Las instituciones educativas de Medell\u00edn y la comunidad encontrar\u00e1n aqu\u00ed un escenario ideal para relacionarse directamente con los animales, aprender sobre sus necesidades y la importancia de su conservaci\u00f3n. La gesti\u00f3n de Metroparques es clave para asegurar que los parques de la Administraci\u00f3n Distrital no solo se mantengan en \u00f3ptimas condiciones, sino que se conviertan en espacios din\u00e1micos. Adem\u00e1s, el apoyo y el sentido de pertenencia de la gente permiten transformar estos lugares en corazones verdes de ciudad.<\/p>\n","protected":false},"excerpt":{"rendered":"<p>Los visitantes podr\u00e1n alimentar a los animales bajo la supervisi\u00f3n de expertos. El Distrito invita a la comunidad a disfrutar una experiencia de conexi\u00f3n con la naturaleza en la granja itinerante que tendr\u00e1 el Parque &#8230;<\/p>\n","protected":false},"author":97,"featured_media":393100,"comment_status":"open","ping_status":"open","sticky":false,"template":"","format":"standard","meta":[],"categories":[690],"tags":[440,430],"formato_nota":[],"programas_tax":[],"acf":[],"_links":{"self":[{"href":"https:\/\/www.medellin.gov.co\/es\/wp-json\/wp\/v2\/posts\/393098"}],"collection":[{"href":"https:\/\/www.medellin.gov.co\/es\/wp-json\/wp\/v2\/posts"}],"about":[{"href":"https:\/\/www.medellin.gov.co\/es\/wp-json\/wp\/v2\/types\/post"}],"author":[{"embeddable":true,"href":"https:\/\/www.medellin.gov.co\/es\/wp-json\/wp\/v2\/users\/97"}],"replies":[{"embeddable":true,"href":"https:\/\/www.medellin.gov.co\/es\/wp-json\/wp\/v2\/comments?post=393098"}],"version-history":[{"count":2,"href":"https:\/\/www.medellin.gov.co\/es\/wp-json\/wp\/v2\/posts\/393098\/revisions"}],"predecessor-version":[{"id":393116,"href":"https:\/\/www.medellin.gov.co\/es\/wp-json\/wp\/v2\/posts\/393098\/revisions\/393116"}],"wp:featuredmedia":[{"embeddable":true,"href":"https:\/\/www.medellin.gov.co\/es\/wp-json\/wp\/v2\/media\/393100"}],"wp:attachment":[{"href":"https:\/\/www.medellin.gov.co\/es\/wp-json\/wp\/v2\/media?parent=393098"}],"wp:term":[{"taxonomy":"category","embeddable":true,"href":"https:\/\/www.medellin.gov.co\/es\/wp-json\/wp\/v2\/categories?post=393098"},{"taxonomy":"post_tag","embeddable":true,"href":"https:\/\/www.medellin.gov.co\/es\/wp-json\/wp\/v2\/tags?post=393098"},{"taxonomy":"formato_nota","embeddable":true,"href":"https:\/\/www.medellin.gov.co\/es\/wp-json\/wp\/v2\/formato_nota?post=393098"},{"taxonomy":"programas_tax","embeddable":true,"href":"https:\/\/www.medellin.gov.co\/es\/wp-json\/wp\/v2\/programas_tax?post=393098"}],"curies":[{"name":"wp","href":"https:\/\/api.w.org\/{rel}","templated":true}]}}