{"id":393117,"date":"2025-03-15T14:32:14","date_gmt":"2025-03-15T19:32:14","guid":{"rendered":"https:\/\/www.medellin.gov.co\/es\/?p=393117"},"modified":"2025-03-15T14:32:14","modified_gmt":"2025-03-15T19:32:14","slug":"avanzan-trabajos-de-mantenimiento-y-ornato-en-escenarios-de-la-unidad-deportiva-atanasio-girardot","status":"publish","type":"post","link":"https:\/\/www.medellin.gov.co\/es\/sala-de-prensa\/noticias\/avanzan-trabajos-de-mantenimiento-y-ornato-en-escenarios-de-la-unidad-deportiva-atanasio-girardot\/","title":{"rendered":"Avanzan trabajos de mantenimiento y ornato en escenarios de la Unidad Deportiva Atanasio Girardot"},"content":{"rendered":"<ul>\n<li>Estas intervenciones son clave para asegurar que estos lugares se mantengan en condiciones \u00f3ptimas y disponibles para su uso.<\/li>\n<li>El cronograma ir\u00e1 hasta el 27 de junio e incluye el estadio de atletismo, el vel\u00f3dromo y los coliseos de baloncesto, tenis de mesa y voleibol, entre<br \/>\notros.<\/li>\n<\/ul>\n<!--[if lt IE 9]><script>document.createElement('audio');<\/script><![endif]-->\n\t<div class=\"wp-playlist wp-audio-playlist wp-playlist-light\">\n\t\t\t<div class=\"wp-playlist-current-item\"><\/div>\n\t\t<audio controls=\"controls\" preload=\"none\" width=\"640\"\n\t\t\t><\/audio>\n\t<div class=\"wp-playlist-next\"><\/div>\n\t<div class=\"wp-playlist-prev\"><\/div>\n\t<noscript>\n\t<ol>\n\t\t<li><a href='https:\/\/www.medellin.gov.co\/es\/wp-content\/uploads\/2025\/03\/Declaraciones-director-del-Inder-Eduardo-Silva-Meluk..mp3'>Declaraciones director del Inder, Eduardo Silva\u00a0Meluk.<\/a><\/li>\t<\/ol>\n\t<\/noscript>\n\t<script type=\"application\/json\" class=\"wp-playlist-script\">{\"type\":\"audio\",\"tracklist\":true,\"tracknumbers\":true,\"images\":true,\"artists\":true,\"tracks\":[{\"src\":\"https:\\\/\\\/www.medellin.gov.co\\\/es\\\/wp-content\\\/uploads\\\/2025\\\/03\\\/Declaraciones-director-del-Inder-Eduardo-Silva-Meluk..mp3\",\"type\":\"audio\\\/mpeg\",\"title\":\"Declaraciones director del Inder, Eduardo Silva\\u00a0Meluk.\",\"caption\":\"\",\"description\":\"\\u00abDeclaraciones director del Inder, Eduardo Silva\\u00a0Meluk.\\u00bb.\",\"meta\":{\"length_formatted\":\"2:43\"},\"image\":{\"src\":\"https:\\\/\\\/www.medellin.gov.co\\\/es\\\/wp-includes\\\/images\\\/media\\\/audio.png\",\"width\":48,\"height\":64},\"thumb\":{\"src\":\"https:\\\/\\\/www.medellin.gov.co\\\/es\\\/wp-includes\\\/images\\\/media\\\/audio.png\",\"width\":48,\"height\":64}}]}<\/script>\n<\/div>\n\t\n<p>Con intervenciones en 25 escenarios de la Unidad Deportiva Atanasio Girardot, la Administraci\u00f3n Distrital, por medio del <a href=\"https:\/\/www.inder.gov.co\/\" target=\"_blank\" rel=\"noopener\">Inder<\/a>, contin\u00faa impulsando la campa\u00f1a Un Escenario Llamado Medell\u00edn y as\u00ed brindarle a la comunidad lugares adecuados para la pr\u00e1ctica y el disfrute del deporte, as\u00ed como para que se apropie y haga buen uso de ellos.<\/p>\n<p><img loading=\"lazy\" class=\"alignnone wp-image-393121 size-large\" src=\"https:\/\/www.medellin.gov.co\/es\/wp-content\/uploads\/2025\/03\/Arreglo-canchas-1024x579.jpg\" alt=\"Arreglo canchas mantenimiento \" width=\"1024\" height=\"579\" srcset=\"https:\/\/www.medellin.gov.co\/es\/wp-content\/uploads\/2025\/03\/Arreglo-canchas-1024x579.jpg 1024w, https:\/\/www.medellin.gov.co\/es\/wp-content\/uploads\/2025\/03\/Arreglo-canchas-300x170.jpg 300w, https:\/\/www.medellin.gov.co\/es\/wp-content\/uploads\/2025\/03\/Arreglo-canchas-150x85.jpg 150w, https:\/\/www.medellin.gov.co\/es\/wp-content\/uploads\/2025\/03\/Arreglo-canchas-768x435.jpg 768w, https:\/\/www.medellin.gov.co\/es\/wp-content\/uploads\/2025\/03\/Arreglo-canchas.jpg 1320w\" sizes=\"(max-width: 1024px) 100vw, 1024px\" \/><\/p>\n<p>En el vel\u00f3dromo Mart\u00edn Emilio Cochise, el <a href=\"https:\/\/www.medellin.gov.co\/es\/\" target=\"_blank\" rel=\"noopener\">Distrito<\/a> ha efectuado labores de mantenimiento preventivo como hidrolavado de las zonas comunes, limpieza de grader\u00edas, resane de la porter\u00eda secundaria y el retiro de malla de cerramiento en mal estado. Adem\u00e1s, ha instalado reflectores y hecho mejoras en el sistema de agua.<\/p>\n<p>Estas actividades buscan prolongar la vida \u00fatil de los escenarios y evitar su deterioro, adem\u00e1s, permite que se mantengan en \u00f3ptimas condiciones y est\u00e9n listos para su uso.<\/p>\n<p><img loading=\"lazy\" class=\"alignnone wp-image-393124 size-large\" src=\"https:\/\/www.medellin.gov.co\/es\/wp-content\/uploads\/2025\/03\/Arreglo-sillas-cancha-1024x577.jpg\" alt=\"Arreglo sillas cancha mantenimiento \" width=\"1024\" height=\"577\" srcset=\"https:\/\/www.medellin.gov.co\/es\/wp-content\/uploads\/2025\/03\/Arreglo-sillas-cancha-1024x577.jpg 1024w, https:\/\/www.medellin.gov.co\/es\/wp-content\/uploads\/2025\/03\/Arreglo-sillas-cancha-300x169.jpg 300w, https:\/\/www.medellin.gov.co\/es\/wp-content\/uploads\/2025\/03\/Arreglo-sillas-cancha-150x85.jpg 150w, https:\/\/www.medellin.gov.co\/es\/wp-content\/uploads\/2025\/03\/Arreglo-sillas-cancha-768x433.jpg 768w, https:\/\/www.medellin.gov.co\/es\/wp-content\/uploads\/2025\/03\/Arreglo-sillas-cancha.jpg 1320w\" sizes=\"(max-width: 1024px) 100vw, 1024px\" \/><\/p>\n<p>\u201cPor instrucci\u00f3n de nuestro alcalde Federico Guti\u00e9rrez Zuluaga, que est\u00e1 pendiente de los detalles y de que todo est\u00e9 bien, empezamos con un plan de recuperaci\u00f3n de la Unidad Deportiva Atanasio Girardot, donde tenemos m\u00faltiples escenarios y a los que estamos yendo, uno a uno, para recuperarlos y ponerlos en \u00f3ptimas condiciones para que los usuarios los aprovechen\u201d, dijo el director del Inder, Eduardo Silva Meluk.<\/p>\n<p>En la cancha Marte 1, lugar emblem\u00e1tico para el f\u00fatbol aficionado de Antioquia, se adelantan trabajos para mantener su funcionalidad y confort, como reparaciones de sillas, pintura general, cambios en las mallas de las porter\u00edas y labores de soldadura. Estas acciones impactan, mensualmente, a m\u00e1s de 600 deportistas y a miles de espectadores. De esta manera, se contribuye al desarrollo de eventos importantes en el calendario nacional de f\u00fatbol, como lo es el Festival de Festivales.<\/p>\n<p><img loading=\"lazy\" class=\"alignnone wp-image-393125 size-large\" src=\"https:\/\/www.medellin.gov.co\/es\/wp-content\/uploads\/2025\/03\/pintando-canchas-1024x577.jpg\" alt=\"pintando canchas mantenimiento \" width=\"1024\" height=\"577\" srcset=\"https:\/\/www.medellin.gov.co\/es\/wp-content\/uploads\/2025\/03\/pintando-canchas-1024x577.jpg 1024w, https:\/\/www.medellin.gov.co\/es\/wp-content\/uploads\/2025\/03\/pintando-canchas-300x169.jpg 300w, https:\/\/www.medellin.gov.co\/es\/wp-content\/uploads\/2025\/03\/pintando-canchas-150x85.jpg 150w, https:\/\/www.medellin.gov.co\/es\/wp-content\/uploads\/2025\/03\/pintando-canchas-768x433.jpg 768w, https:\/\/www.medellin.gov.co\/es\/wp-content\/uploads\/2025\/03\/pintando-canchas.jpg 1320w\" sizes=\"(max-width: 1024px) 100vw, 1024px\" \/><\/p>\n<p>El Distrito invita a la comunidad a apropiarse de estos espacios, participando activamente en su uso y cuidado, como parte de la cultura de prevenci\u00f3n que fomenta Un Escenario Llamado Medell\u00edn.<\/p>\n","protected":false},"excerpt":{"rendered":"<p>Estas intervenciones son clave para asegurar que estos lugares se mantengan en condiciones \u00f3ptimas y disponibles para su uso. El cronograma ir\u00e1 hasta el 27 de junio e incluye el estadio de atletismo, el vel\u00f3dromo &#8230;<\/p>\n","protected":false},"author":97,"featured_media":77660,"comment_status":"open","ping_status":"open","sticky":false,"template":"","format":"standard","meta":[],"categories":[29,11],"tags":[634,689,455,442],"formato_nota":[],"programas_tax":[],"acf":[],"_links":{"self":[{"href":"https:\/\/www.medellin.gov.co\/es\/wp-json\/wp\/v2\/posts\/393117"}],"collection":[{"href":"https:\/\/www.medellin.gov.co\/es\/wp-json\/wp\/v2\/posts"}],"about":[{"href":"https:\/\/www.medellin.gov.co\/es\/wp-json\/wp\/v2\/types\/post"}],"author":[{"embeddable":true,"href":"https:\/\/www.medellin.gov.co\/es\/wp-json\/wp\/v2\/users\/97"}],"replies":[{"embeddable":true,"href":"https:\/\/www.medellin.gov.co\/es\/wp-json\/wp\/v2\/comments?post=393117"}],"version-history":[{"count":2,"href":"https:\/\/www.medellin.gov.co\/es\/wp-json\/wp\/v2\/posts\/393117\/revisions"}],"predecessor-version":[{"id":393129,"href":"https:\/\/www.medellin.gov.co\/es\/wp-json\/wp\/v2\/posts\/393117\/revisions\/393129"}],"wp:featuredmedia":[{"embeddable":true,"href":"https:\/\/www.medellin.gov.co\/es\/wp-json\/wp\/v2\/media\/77660"}],"wp:attachment":[{"href":"https:\/\/www.medellin.gov.co\/es\/wp-json\/wp\/v2\/media?parent=393117"}],"wp:term":[{"taxonomy":"category","embeddable":true,"href":"https:\/\/www.medellin.gov.co\/es\/wp-json\/wp\/v2\/categories?post=393117"},{"taxonomy":"post_tag","embeddable":true,"href":"https:\/\/www.medellin.gov.co\/es\/wp-json\/wp\/v2\/tags?post=393117"},{"taxonomy":"formato_nota","embeddable":true,"href":"https:\/\/www.medellin.gov.co\/es\/wp-json\/wp\/v2\/formato_nota?post=393117"},{"taxonomy":"programas_tax","embeddable":true,"href":"https:\/\/www.medellin.gov.co\/es\/wp-json\/wp\/v2\/programas_tax?post=393117"}],"curies":[{"name":"wp","href":"https:\/\/api.w.org\/{rel}","templated":true}]}}